{"id":106170,"date":"2025-12-03T00:37:19","date_gmt":"2025-12-03T00:37:19","guid":{"rendered":"https:\/\/www.europesays.com\/fi\/106170\/"},"modified":"2025-12-03T00:37:19","modified_gmt":"2025-12-03T00:37:19","slug":"tuloerot-hakukone-kertoo-tienaatko-enemman-kuin-ikaisesi-hs-fi","status":"publish","type":"post","link":"https:\/\/www.europesays.com\/fi\/106170\/","title":{"rendered":"Tuloerot | Hakukone kertoo, tienaatko enemm\u00e4n kuin ik\u00e4isesi &#8211; HS.fi"},"content":{"rendered":"<ol>\n<li><a href=\"https:\/\/news.google.com\/rss\/articles\/CBMiW0FVX3lxTE9uV0FIdV8xWnRTOXFnc09wcTlid1ZaNkE1aTlaMEZHMU9QWEFMdUJ3SC02OXI4RjItWjlvY0s1ME1oMUhaMGkwWG5COFBORE1EbFJqRW50OWRwdzQ?oc=5\" target=\"_blank\" rel=\"nofollow noopener\">Tuloerot | Hakukone kertoo, tienaatko enemm\u00e4n kuin ik\u00e4isesi<\/a>&nbsp;&nbsp;HS.fi<\/li>\n<li><a href=\"https:\/\/news.google.com\/rss\/articles\/CBMiZEFVX3lxTE5jbjJiTTgzTENTNG12cjJXcTl3QzVxa0tVblEyZVU3OEc3dml2b244M1o2RV9zNy1Ka1YxT21PbjlZOG1lT2tqTWgtcUN6WmhyTjZLRDVOTi1GTnZfRTJmVmgzU3E?oc=5\" target=\"_blank\" rel=\"nofollow noopener\">Katso, miten postinumeroalueellasi tienataan<\/a>&nbsp;&nbsp;Ilta-Sanomat<\/li>\n<li><a href=\"https:\/\/news.google.com\/rss\/articles\/CBMiQkFVX3lxTE1BcXRWSGQtNFVIOXpZNkFtaGZJODNoc3JUMUE3SHAxWTJ1MzdsRzNMdDdhdnczV3NVX05zejlpTHcwZw?oc=5\" target=\"_blank\" rel=\"nofollow noopener\">T\u00e4lt\u00e4 n\u00e4ytt\u00e4\u00e4 sukupuolten tasa-arvo ansiohaitarin huipulla \u2013 testaa mihin tuloluokkaan itse kuulut<\/a>&nbsp;&nbsp;Yle<\/li>\n<li><a href=\"https:\/\/news.google.com\/rss\/articles\/CBMijAFBVV95cUxOQ1E2bmJ1OU1HRXpHMW82dXlxXzZld2x5ZW5zd3pZbTIxWWFiSHZKOXQwUDJRSmVNa2V1MVd4Mi1ydmxrN3dfVjZvX1UyNUVySDZjRy1Nb0dSRkRPdnFKb1pkV3dNTmU0MHl5OEZVVWtLdGIweXpIWXVLM19iLWUzSHNjYUdpdkc3NmhOMw?oc=5\" target=\"_blank\" rel=\"nofollow noopener\">Heit\u00e4 on suurin kiitt\u00e4minen verotuloista<\/a>&nbsp;&nbsp;mtvuutiset.fi<\/li>\n<li><a href=\"https:\/\/news.google.com\/rss\/articles\/CBMiZkFVX3lxTFBtNzFSR0puTEVidm1GS0FwTG5KbS1IQzlYRzJkTGQxSk84YjZnM3p1dENBQUVqdVZJSEJmRThCTmtsVzJQV1JLazJPNUdxMHExTVpqZDRWRlYyOXNnR0ZCWDBXdnVodw?oc=5\" target=\"_blank\" rel=\"nofollow noopener\">Suurituloisin ik\u00e4luokka on vaihtunut \u2013 Kerro ik\u00e4si, ja laskuri n\u00e4ytt\u00e4\u00e4, tienaatko enemm\u00e4n kuin ik\u00e4isesi<\/a>&nbsp;&nbsp;Aamulehti<\/li>\n<\/ol>\n","protected":false},"excerpt":{"rendered":"Tuloerot | Hakukone kertoo, tienaatko enemm\u00e4n kuin ik\u00e4isesi&nbsp;&nbsp;HS.fi Katso, miten postinumeroalueellasi tienataan&nbsp;&nbsp;Ilta-Sanomat T\u00e4lt\u00e4 n\u00e4ytt\u00e4\u00e4 sukupuolten tasa-arvo ansiohaitarin huipulla&hellip;\n","protected":false},"author":2,"featured_media":106171,"comment_status":"","ping_status":"","sticky":false,"template":"","format":"standard","meta":{"footnotes":""},"categories":[5],"tags":[22,23,26,27,33,31,30,17,46,24,25,28,29,15,18,21,32,19,20,16],"class_list":{"0":"post-106170","1":"post","2":"type-post","3":"status-publish","4":"format-standard","5":"has-post-thumbnail","7":"category-otsikot","8":"tag-breaking-news","9":"tag-breakingnews","10":"tag-featured-news","11":"tag-featurednews","12":"tag-fi","13":"tag-finland","14":"tag-finnish","15":"tag-headlines","16":"tag-helsingin-sanomat","17":"tag-latest-news","18":"tag-latestnews","19":"tag-main-news","20":"tag-mainnews","21":"tag-news","22":"tag-otsikot","23":"tag-paauutiset","24":"tag-suomi","25":"tag-top-stories","26":"tag-topstories","27":"tag-uutiset"},"share_on_mastodon":{"url":"https:\/\/pubeurope.com\/@fi\/115652843483644124","error":""},"_links":{"self":[{"href":"https:\/\/www.europesays.com\/fi\/wp-json\/wp\/v2\/posts\/106170","targetHints":{"allow":["GET"]}}],"collection":[{"href":"https:\/\/www.europesays.com\/fi\/wp-json\/wp\/v2\/posts"}],"about":[{"href":"https:\/\/www.europesays.com\/fi\/wp-json\/wp\/v2\/types\/post"}],"author":[{"embeddable":true,"href":"https:\/\/www.europesays.com\/fi\/wp-json\/wp\/v2\/users\/2"}],"replies":[{"embeddable":true,"href":"https:\/\/www.europesays.com\/fi\/wp-json\/wp\/v2\/comments?post=106170"}],"version-history":[{"count":0,"href":"https:\/\/www.europesays.com\/fi\/wp-json\/wp\/v2\/posts\/106170\/revisions"}],"wp:featuredmedia":[{"embeddable":true,"href":"https:\/\/www.europesays.com\/fi\/wp-json\/wp\/v2\/media\/106171"}],"wp:attachment":[{"href":"https:\/\/www.europesays.com\/fi\/wp-json\/wp\/v2\/media?parent=106170"}],"wp:term":[{"taxonomy":"category","embeddable":true,"href":"https:\/\/www.europesays.com\/fi\/wp-json\/wp\/v2\/categories?post=106170"},{"taxonomy":"post_tag","embeddable":true,"href":"https:\/\/www.europesays.com\/fi\/wp-json\/wp\/v2\/tags?post=106170"}],"curies":[{"name":"wp","href":"https:\/\/api.w.org\/{rel}","templated":true}]}}