{"id":106172,"date":"2025-12-03T00:49:09","date_gmt":"2025-12-03T00:49:09","guid":{"rendered":"https:\/\/www.europesays.com\/fi\/106172\/"},"modified":"2025-12-03T00:49:09","modified_gmt":"2025-12-03T00:49:09","slug":"talta-nayttaa-kuningas-charlesin-poikapuoli","status":"publish","type":"post","link":"https:\/\/www.europesays.com\/fi\/106172\/","title":{"rendered":"T\u00e4lt\u00e4 n\u00e4ytt\u00e4\u00e4 kuningas Charlesin poikapuoli"},"content":{"rendered":"<p>Tom Parker Bowles edusti gaalassa.<\/p>\n<p><img decoding=\"async\" class=\"image image-show image-preview\" src=\"https:\/\/www.europesays.com\/fi\/wp-content\/uploads\/2025\/12\/cf0509c5dd463ac7c28b919bca519a3d724ffc423d659d16f51f13258943c893.jpg\" alt=\"\"\/><img decoding=\"async\" class=\"image image-show\" src=\"https:\/\/www.europesays.com\/fi\/wp-content\/uploads\/2025\/12\/1764722949_247_cf0509c5dd463ac7c28b919bca519a3d724ffc423d659d16f51f13258943c893.jpg\" alt=\"\"\/><\/p>\n<p>Tom Parker Bowles on kuningatar Camillan esikoinen.  AOP<\/p>\n<p class=\"paragraph\">Kuningatar Camillan poika <a href=\"https:\/\/www.iltalehti.fi\/henkilot\/Tom Parker Bowles\" class=\"article-link-person-page\" rel=\"nofollow noopener\" target=\"_blank\">Tom Parker Bowles<\/a> edusti pitk\u00e4st\u00e4 aikaa gaalassa Lontoossa.<\/p>\n<p class=\"paragraph\">Tom Parker Bowles osallistui t\u00e4m\u00e4n viikon maanantaina sikarialan Boisdale Cigar Award -tapahtumaan. Gaalassa palkittiin muun muassa vuoden sikarinpolttaja.<\/p>\n<p class=\"paragraph\">Tom Parker Bowles on ammatiltaan ruokatoimittaja ja -kriitikko, joka on kirjoittanut useita keittokirjoja. H\u00e4n on my\u00f6s esiintynyt useissa television ruokaohjelmissa.<\/p>\n<p>Tom Parker Bowles puhui gaalassa.  AOP<\/p>\n<p class=\"paragraph\">H\u00e4nen is\u00e4ns\u00e4 on <strong>Andrew Parker Bowles<\/strong>. Tom on Camillan ja Andrew\u2019n esikoinen, perheeseen kuuluu my\u00f6s tyt\u00e4r <strong>Laura Lopes<\/strong>. Camilla ja Andrew olivat naimisissa vuodesta 1973 vuoteen 1995.<\/p>\n<p class=\"paragraph\">Camilla meni Charlesin kanssa naimisiin vuonna 2005, ja n\u00e4in Tomia voidaan kutsua Charlesin poikapuoleksi.<\/p>\n<p class=\"paragraph\">Tomilla itsell\u00e4\u00e4n on kaksi lasta. Vuonna 2007 syntyi Lola ja kolme vuotta my\u00f6hemmin Freddy.<\/p>\n","protected":false},"excerpt":{"rendered":"Tom Parker Bowles edusti gaalassa. Tom Parker Bowles on kuningatar Camillan esikoinen. AOP Kuningatar Camillan poika Tom Parker&hellip;\n","protected":false},"author":2,"featured_media":106173,"comment_status":"","ping_status":"","sticky":false,"template":"","format":"standard","meta":{"footnotes":""},"categories":[136],"tags":[35,654,407,137,33,31,30,408,653,652,98,32,109],"class_list":{"0":"post-106172","1":"post","2":"type-post","3":"status-publish","4":"format-standard","5":"has-post-thumbnail","7":"category-julkkikset","8":"tag-24h","9":"tag-britannian-kuningashuone","10":"tag-celebrities","11":"tag-entertainment","12":"tag-fi","13":"tag-finland","14":"tag-finnish","15":"tag-julkkikset","16":"tag-julkkisperheet","17":"tag-kuninkaalliset","18":"tag-perhe","19":"tag-suomi","20":"tag-viihde"},"share_on_mastodon":{"url":"https:\/\/pubeurope.com\/@fi\/115652891039537634","error":""},"_links":{"self":[{"href":"https:\/\/www.europesays.com\/fi\/wp-json\/wp\/v2\/posts\/106172","targetHints":{"allow":["GET"]}}],"collection":[{"href":"https:\/\/www.europesays.com\/fi\/wp-json\/wp\/v2\/posts"}],"about":[{"href":"https:\/\/www.europesays.com\/fi\/wp-json\/wp\/v2\/types\/post"}],"author":[{"embeddable":true,"href":"https:\/\/www.europesays.com\/fi\/wp-json\/wp\/v2\/users\/2"}],"replies":[{"embeddable":true,"href":"https:\/\/www.europesays.com\/fi\/wp-json\/wp\/v2\/comments?post=106172"}],"version-history":[{"count":0,"href":"https:\/\/www.europesays.com\/fi\/wp-json\/wp\/v2\/posts\/106172\/revisions"}],"wp:featuredmedia":[{"embeddable":true,"href":"https:\/\/www.europesays.com\/fi\/wp-json\/wp\/v2\/media\/106173"}],"wp:attachment":[{"href":"https:\/\/www.europesays.com\/fi\/wp-json\/wp\/v2\/media?parent=106172"}],"wp:term":[{"taxonomy":"category","embeddable":true,"href":"https:\/\/www.europesays.com\/fi\/wp-json\/wp\/v2\/categories?post=106172"},{"taxonomy":"post_tag","embeddable":true,"href":"https:\/\/www.europesays.com\/fi\/wp-json\/wp\/v2\/tags?post=106172"}],"curies":[{"name":"wp","href":"https:\/\/api.w.org\/{rel}","templated":true}]}}