{"id":106176,"date":"2025-12-03T00:57:15","date_gmt":"2025-12-03T00:57:15","guid":{"rendered":"https:\/\/www.europesays.com\/fi\/106176\/"},"modified":"2025-12-03T00:57:15","modified_gmt":"2025-12-03T00:57:15","slug":"terry-riley-claire-chase-jukka-pekka-saraste-karen-cargill-nousevat-turun-musiikkijuhlien-avauksen-keskioon-kulttuuri","status":"publish","type":"post","link":"https:\/\/www.europesays.com\/fi\/106176\/","title":{"rendered":"Terry Riley, Claire Chase, Jukka-Pekka Saraste &#038; Karen Cargill nousevat Turun musiikkijuhlien avauksen keski\u00f6\u00f6n &#8211; Kulttuuri"},"content":{"rendered":"<p>&#13;<br \/>\n                        02.12.&#13;<br \/>\n&#13;<br \/>\n&#13;<br \/>\n                            Aamuset&#13;\n                    <\/p>\n<p class=\"teksti\">Turun musiikkijuhlat (TMJ) avataan lauantaina 1. elokuuta. Festivaalin avajaisia juhlitaan ensi vuonna kokonaisen viikonlopun verran Turun kaupunginteatterilla sek\u00e4 Turun konserttitalossa kansainv\u00e4listen sek\u00e4 kotimaisten klassisen musiikin t\u00e4htien voimin. <\/p>\n<p class=\"teksti\">Lauantain konsertti tuo kaupunginteatterille Euroopan kantaesityksen legendaarisen s\u00e4velt\u00e4j\u00e4n Terry Rileyn The Holy Liftoff -teoksesta, jonka esitt\u00e4\u00e4 huilisti Claire Chase yhdess\u00e4 TMJ-kvartetin kanssa. 90-vuotiaan Rileyn s\u00e4vellys johdattaa kuulijan intuitiiviseen ja mielikuvitukselliseen \u00e4\u00e4nimatkaan. K\u00e4sin piirretyist\u00e4 nuottikuvioista syntynyt teos yhdist\u00e4\u00e4 minimalistisen toiston, surrealistiset grafiikkatutkielmat ja nykys\u00e4vellyksen teorian.<\/p>\n<p class=\"teksti\">Sunnuntaina konserttitalon lavalle nousee vierailijoita Fiskarsista ja LEAD! Foundationilta, kun kapellimestari Jukka-Pekka Saraste ja mezzosopraano Karen Cargill esiintyv\u00e4t yhdess\u00e4 Fiskars Festival Orchestran kanssa. Illan ohjelma koostuu perinteisest\u00e4 klassisesta pienell\u00e4 tvistill\u00e4: Beethovenia, Wagneria, Dvo\u0159\u00e1kia rinta rinnan Outi Tarkiaisen nykyteoksen kanssa. Konsertti esittelee my\u00f6s vuoden 2026 LEAD! Foundation Finland -mestarikurssin nuoren ja nousevan kapellimestarin. Kapellimestari julkistetaan kes\u00e4ll\u00e4.<\/p>\n<p class=\"teksti\">Avajaisviikonlopun lis\u00e4ksi kes\u00e4n festivaalista julkaistiin kaksi muutakin konserttia. Konsertissa Islannin ja Suomen vuoret 8. elokuuta kello 18 Turun konserttitalolla kuullaan Kjartan Sveinssonin ja Aili J\u00e4rvel\u00e4n teoksia.<\/p>\n<p class=\"teksti\">Konsertti tuo lavalle kahden merkitt\u00e4v\u00e4n nykys\u00e4velt\u00e4j\u00e4n teokset: islantilaisen Kjartan Sveinssonin Der Klang der Offenbarung des G\u00f6ttlichen (2014) ja suomalaisen Aili J\u00e4rvel\u00e4n Vuori (2025). Sveinssonin teos yhdist\u00e4\u00e4 kuoron, orkesterin ja \u00e4\u00e4nimaisemat draamalliseksi kokemukseksi, kun taas J\u00e4rvel\u00e4n teos vie kuulijan intiimille ja vaikuttavalle matkalle harpulla, perkussioilla ja kamarimusiikin pehme\u00e4ll\u00e4 soinnilla. Orkesterina on Keski-Pohjanmaan kamariorkesteri, kapellimestarina Kaapo Ijas.<\/p>\n<p class=\"teksti\">Sinfonia Lahti vierailee Turun musiikkijuhlilla Hannu Linnun johdolla 21. elokuuta kello 18 Turun konserttitalolla. Illan ohjelma on perisuomalainen ja koostuu Jean Sibeliuksen ydinteoksista yhdess\u00e4 Einojuhani Rautavaaran Angels and Visitations (1978) modernistisen teoksen kanssa. Konsertti huipentuu Sibeliuksen Finlandia-s\u00e4velm\u00e4\u00e4n, tarjoten kuulijoille syv\u00e4n ja tunteikkaan musiikillisen el\u00e4myksen historiallisessa Turun konserttitalossa, jossa TMJ j\u00e4rjestet\u00e4\u00e4n kes\u00e4ll\u00e4 viimeist\u00e4 kertaa.<\/p>\n<p class=\"kirjoittaja\">Aamuset-kaupunkimedia (AKM)<\/p>\n","protected":false},"excerpt":{"rendered":"&#13; 02.12.&#13; &#13; &#13; Aamuset&#13; Turun musiikkijuhlat (TMJ) avataan lauantaina 1. elokuuta. Festivaalin avajaisia juhlitaan ensi vuonna kokonaisen&hellip;\n","protected":false},"author":2,"featured_media":106177,"comment_status":"","ping_status":"","sticky":false,"template":"","format":"standard","meta":{"footnotes":""},"categories":[130],"tags":[137,33,31,30,32,109],"class_list":{"0":"post-106176","1":"post","2":"type-post","3":"status-publish","4":"format-standard","5":"has-post-thumbnail","7":"category-viihde","8":"tag-entertainment","9":"tag-fi","10":"tag-finland","11":"tag-finnish","12":"tag-suomi","13":"tag-viihde"},"share_on_mastodon":{"url":"https:\/\/pubeurope.com\/@fi\/115652922121170578","error":""},"_links":{"self":[{"href":"https:\/\/www.europesays.com\/fi\/wp-json\/wp\/v2\/posts\/106176","targetHints":{"allow":["GET"]}}],"collection":[{"href":"https:\/\/www.europesays.com\/fi\/wp-json\/wp\/v2\/posts"}],"about":[{"href":"https:\/\/www.europesays.com\/fi\/wp-json\/wp\/v2\/types\/post"}],"author":[{"embeddable":true,"href":"https:\/\/www.europesays.com\/fi\/wp-json\/wp\/v2\/users\/2"}],"replies":[{"embeddable":true,"href":"https:\/\/www.europesays.com\/fi\/wp-json\/wp\/v2\/comments?post=106176"}],"version-history":[{"count":0,"href":"https:\/\/www.europesays.com\/fi\/wp-json\/wp\/v2\/posts\/106176\/revisions"}],"wp:featuredmedia":[{"embeddable":true,"href":"https:\/\/www.europesays.com\/fi\/wp-json\/wp\/v2\/media\/106177"}],"wp:attachment":[{"href":"https:\/\/www.europesays.com\/fi\/wp-json\/wp\/v2\/media?parent=106176"}],"wp:term":[{"taxonomy":"category","embeddable":true,"href":"https:\/\/www.europesays.com\/fi\/wp-json\/wp\/v2\/categories?post=106176"},{"taxonomy":"post_tag","embeddable":true,"href":"https:\/\/www.europesays.com\/fi\/wp-json\/wp\/v2\/tags?post=106176"}],"curies":[{"name":"wp","href":"https:\/\/api.w.org\/{rel}","templated":true}]}}