{"id":106180,"date":"2025-12-03T01:03:16","date_gmt":"2025-12-03T01:03:16","guid":{"rendered":"https:\/\/www.europesays.com\/fi\/106180\/"},"modified":"2025-12-03T01:03:16","modified_gmt":"2025-12-03T01:03:16","slug":"mikkelin-yliajaja-tuomittiin-torkeasta-kuolemantuottamuksesta-syyttajan-mukaan-teko-oli-tappo-etela-savo","status":"publish","type":"post","link":"https:\/\/www.europesays.com\/fi\/106180\/","title":{"rendered":"Mikkelin yliajaja tuomittiin t\u00f6rke\u00e4st\u00e4 kuoleman\u00adtuottamuksesta \u2013 syytt\u00e4j\u00e4n mukaan teko oli tappo | Etel\u00e4-Savo"},"content":{"rendered":"<p class=\"aw-1gybjub aw-5vja16 kEtdKx kmuxyA yle__article__paragraph\">Vuonna 1993 syntynyt mies ajoi uhrin yli autolla kes\u00e4kuun alussa Mikkeliss\u00e4 Siekkil\u00e4n kaupunginosassa.<\/p>\n<p><img decoding=\"async\" alt=\"Oikeusk\u00e4sittely Etel\u00e4-Savon k\u00e4r\u00e4j\u00e4oikeudessa.\" src=\"https:\/\/www.europesays.com\/fi\/wp-content\/uploads\/2025\/12\/39-1555109691b1b6504d98.jpeg\" class=\"aw-1l9m598 hKVVvP\"\/><\/p>\n<p>Avaa kuvien katselu<\/p>\n<p>Syytetty ja asianajaja Heikki Lampela (vasemmalla) Etel\u00e4-Savon k\u00e4r\u00e4j\u00e4oikeudessa 17. marraskuuta. Kuvasta on sumennettu n\u00e4yt\u00f6ll\u00e4 n\u00e4kyv\u00e4n miehen kasvot. Kuva: Enna Poutiainen<\/p>\n<p class=\"aw-1gybjub aw-1p7kakr kEtdKx cEmitX yle__article__paragraph\">Etel\u00e4-Savon k\u00e4r\u00e4j\u00e4oikeus antoi t\u00e4n\u00e4\u00e4n tuomion Mikkelin hein\u00e4kuisesta yliajosta.<\/p>\n<p class=\"aw-1gybjub aw-1p7kakr kEtdKx cEmitX yle__article__paragraph\">K\u00e4r\u00e4j\u00e4oikeus tuomitsi miehen t\u00f6rke\u00e4st\u00e4 kuolemantuottamuksesta vuoden ja 10 kuukauden ehdottomaan vankeusrangaistukseen. K\u00e4r\u00e4j\u00e4oikeus my\u00f6s m\u00e4\u00e4r\u00e4si miehen heti vapautettavaksi.<\/p>\n<p class=\"aw-1gybjub aw-1p7kakr kEtdKx cEmitX yle__article__paragraph\">T\u00e4m\u00e4n lis\u00e4ksi syytetty tuomittiin t\u00f6rke\u00e4st\u00e4 liikenneturvallisuuden vaarantamisesta, huumausainerikoksesta ja kulkuneuvon oikeudettomasta kuljettamisesta.<\/p>\n<p class=\"aw-1gybjub aw-1p7kakr kEtdKx cEmitX yle__article__paragraph\">Syytt\u00e4j\u00e4 haki miehelle tuomiota taposta.<\/p>\n<p class=\"aw-1gybjub aw-1p7kakr kEtdKx cEmitX yle__article__paragraph\"><a class=\"aw-iao6s4 iHOxEa yle__article__link\" href=\"https:\/\/poliisi.fi\/-\/poliisi-pyytaa-havaintoja-mikkelissa-rikoksesta-epaillysta-henkilosta\" role=\"link\" rel=\"nofollow noopener\" target=\"_blank\">Vuonna 1993 syntynyt mies<\/a> ajoi uhrin yli autolla <a class=\"aw-iao6s4 iHOxEa yle__article__link\" href=\"https:\/\/yle.fi\/a\/74-20165487\" role=\"link\" rel=\"nofollow noopener\" target=\"_blank\">kes\u00e4kuun alussa<\/a> Siekkil\u00e4n kaupunginosassa. Uhri menehtyi vaikeaan kalloaivovammaan. Tilanteessa loukkaantui my\u00f6s toinen henkil\u00f6.<\/p>\n<p class=\"aw-1gybjub aw-1p7kakr kEtdKx cEmitX yle__article__paragraph\"><a class=\"aw-iao6s4 iHOxEa yle__article__link\" href=\"https:\/\/yle.fi\/a\/74-20172057\" role=\"link\" rel=\"nofollow noopener\" target=\"_blank\">Etel\u00e4savolainen mies pakeni<\/a> teon j\u00e4lkeen yli kuukauden ajan.<\/p>\n<p class=\"aw-1gybjub aw-1p7kakr kEtdKx cEmitX yle__article__paragraph\">Tuomio ei ole lainvoimainen eli siihen voi hakea valituslupaa hovioikeudesta.<\/p>\n<p>Puolustus vertaa hirvikolariin<\/p>\n<p class=\"aw-1gybjub aw-1p7kakr kEtdKx cEmitX yle__article__paragraph\">Syytt\u00e4j\u00e4n mukaan syytetty ajoi uhria kohti kiihdytt\u00e4en suoralla katuosuudella. Tapahtumapaikka on suora katuosuus ja syytt\u00e4j\u00e4n mukaan n\u00e4kyvyys on ollut hyv\u00e4. Syytetty ei ole jarruttanut miss\u00e4\u00e4n vaiheessa ja osuttuaan uhriin h\u00e4n on paennut paikalta.<\/p>\n<p class=\"aw-1gybjub aw-1p7kakr kEtdKx cEmitX yle__article__paragraph\">Syytetyn puolustus kiisti oikeudessa, ett\u00e4 yliajo olisi ollut tahallinen, vaan kyseess\u00e4 on onnettomuus. Puolustuksen mukaan uhri hypp\u00e4si jalkak\u00e4yt\u00e4v\u00e4lt\u00e4 suoraan auton eteen, kun osumaan oli en\u00e4\u00e4 lyhyt matka.<\/p>\n<p class=\"aw-1gybjub aw-1p7kakr kEtdKx cEmitX yle__article__paragraph\">Puolustus vertasi tapahtumaa hirvikolariin.<\/p>\n<p class=\"aw-1gybjub aw-1p7kakr kEtdKx cEmitX yle__article__paragraph\">Puolustuksen mukaan useat eri ihmiset yrittiv\u00e4t tapahtumahetkell\u00e4 p\u00e4\u00e4st\u00e4 syytetyn auton sis\u00e4\u00e4n ja tehd\u00e4 h\u00e4nelle v\u00e4kivaltaa. T\u00e4m\u00e4 heikensi puolustuksen mukaan syytetyn tarkkaavaisuutta ja mahdollisuutta auton ohjaamiseen.<\/p>\n<p class=\"aw-1gybjub aw-1p7kakr kEtdKx cEmitX yle__article__paragraph\">Syytetyll\u00e4 on aikaisempaa rikostaustaa. H\u00e4nt\u00e4 on syytetty esimerkiksi useista ry\u00f6st\u00f6ist\u00e4, petoksista, huumausainerikoksista ja kahdesta pahoinpitelyst\u00e4.<\/p>\n<p>Kahdeksan prosenttia<\/p>\n<p class=\"aw-1gybjub aw-1p7kakr kEtdKx cEmitX yle__article__paragraph\">Henkirikoksena yliajo on suhteellisen harvinainen.<\/p>\n<p class=\"aw-1gybjub aw-1p7kakr kEtdKx cEmitX yle__article__paragraph\">Helsingin yliopiston kriminologian ja oikeuspolitiikan instituutin henkirikoskatsauksessa kerrotaan, ett\u00e4 vuosina 2013\u20132023 ajoneuvo on ollut tekov\u00e4lineen\u00e4 noin kahdeksassa prosentissa henkirikoksia.<\/p>\n<p class=\"aw-1gybjub aw-1p7kakr kEtdKx cEmitX yle__article__paragraph\">Esimerkiksi ampuma-ase on ollut tekov\u00e4lineen\u00e4 noin 17 prosentissa. Yleisin henkirikoksen tekotapa on v\u00e4kivalta ilman tekov\u00e4linett\u00e4. Se on merkitty tekotavaksi noin 27 prosentissa tapauksissa.<\/p>\n","protected":false},"excerpt":{"rendered":"Vuonna 1993 syntynyt mies ajoi uhrin yli autolla kes\u00e4kuun alussa Mikkeliss\u00e4 Siekkil\u00e4n kaupunginosassa. Avaa kuvien katselu Syytetty ja&hellip;\n","protected":false},"author":2,"featured_media":106181,"comment_status":"","ping_status":"","sticky":false,"template":"","format":"standard","meta":{"footnotes":""},"categories":[12],"tags":[22,23,184,20000,26,27,33,31,30,17,4918,71,24,25,28,29,685,15,2098,18,21,32,19999,19,20,16,3170],"class_list":{"0":"post-106180","1":"post","2":"type-post","3":"status-publish","4":"format-standard","5":"has-post-thumbnail","7":"category-suomi","8":"tag-breaking-news","9":"tag-breakingnews","10":"tag-etela-savo","11":"tag-etela-savon-karajaoikeus","12":"tag-featured-news","13":"tag-featurednews","14":"tag-fi","15":"tag-finland","16":"tag-finnish","17":"tag-headlines","18":"tag-henkirikokset","19":"tag-kotimaa","20":"tag-latest-news","21":"tag-latestnews","22":"tag-main-news","23":"tag-mainnews","24":"tag-mikkeli","25":"tag-news","26":"tag-oikeudenkaynnit","27":"tag-otsikot","28":"tag-paauutiset","29":"tag-suomi","30":"tag-tappo","31":"tag-top-stories","32":"tag-topstories","33":"tag-uutiset","34":"tag-yliajo"},"share_on_mastodon":{"url":"https:\/\/pubeurope.com\/@fi\/115652945954831270","error":""},"_links":{"self":[{"href":"https:\/\/www.europesays.com\/fi\/wp-json\/wp\/v2\/posts\/106180","targetHints":{"allow":["GET"]}}],"collection":[{"href":"https:\/\/www.europesays.com\/fi\/wp-json\/wp\/v2\/posts"}],"about":[{"href":"https:\/\/www.europesays.com\/fi\/wp-json\/wp\/v2\/types\/post"}],"author":[{"embeddable":true,"href":"https:\/\/www.europesays.com\/fi\/wp-json\/wp\/v2\/users\/2"}],"replies":[{"embeddable":true,"href":"https:\/\/www.europesays.com\/fi\/wp-json\/wp\/v2\/comments?post=106180"}],"version-history":[{"count":0,"href":"https:\/\/www.europesays.com\/fi\/wp-json\/wp\/v2\/posts\/106180\/revisions"}],"wp:featuredmedia":[{"embeddable":true,"href":"https:\/\/www.europesays.com\/fi\/wp-json\/wp\/v2\/media\/106181"}],"wp:attachment":[{"href":"https:\/\/www.europesays.com\/fi\/wp-json\/wp\/v2\/media?parent=106180"}],"wp:term":[{"taxonomy":"category","embeddable":true,"href":"https:\/\/www.europesays.com\/fi\/wp-json\/wp\/v2\/categories?post=106180"},{"taxonomy":"post_tag","embeddable":true,"href":"https:\/\/www.europesays.com\/fi\/wp-json\/wp\/v2\/tags?post=106180"}],"curies":[{"name":"wp","href":"https:\/\/api.w.org\/{rel}","templated":true}]}}