{"id":106184,"date":"2025-12-03T01:16:07","date_gmt":"2025-12-03T01:16:07","guid":{"rendered":"https:\/\/www.europesays.com\/fi\/106184\/"},"modified":"2025-12-03T01:16:07","modified_gmt":"2025-12-03T01:16:07","slug":"tyler-seguin-loukkaantui-ilta-sanomat","status":"publish","type":"post","link":"https:\/\/www.europesays.com\/fi\/106184\/","title":{"rendered":"Tyler Seguin loukkaantui &#8211; Ilta-Sanomat"},"content":{"rendered":"<p>Dallas sai huonoja uutisia heti avauser\u00e4ss\u00e4.<\/p>\n<p>Joonas Donskoi kertoo huiman tarinan Nathan MacKinnonista ja pastakastikkeesta.Video: IS<\/p>\n<p class=\"article-body mb-nof-24 px-nof-16\">New York<\/p>\n<p class=\"article-body mb-nof-24 px-nof-16\">Dallas Starsin t\u00e4htihy\u00f6kk\u00e4\u00e4j\u00e4 <a class=\"article-personlink\" href=\"https:\/\/www.is.fi\/haku\/?query=Tyler%20Seguin\" rel=\"nofollow noopener\" target=\"_blank\">Tyler Seguin<\/a> loukkaantui pahann\u00e4k\u00f6isesti New York Rangersia vastaan pelatussa ottelussa heti avauser\u00e4ss\u00e4.<\/p>\n<p class=\"article-body mb-nof-24 px-nof-16\">Rangersin<a class=\"article-personlink\" href=\"https:\/\/www.is.fi\/haku\/?query=%20Vladislav%20Gavrikov\" rel=\"nofollow noopener\" target=\"_blank\"> Vladislav Gavrikov<\/a> kaatui vahingossa Seguinin jalan p\u00e4\u00e4lle, mink\u00e4 j\u00e4lkeen t\u00e4m\u00e4 lensi sel\u00e4lleen j\u00e4\u00e4h\u00e4n.<\/p>\n<p class=\"article-body mb-nof-24 px-nof-16\">Seguin ei pystynyt varaamaan kunnolla painoa jalalleen ja suuntasi l\u00e4\u00e4k\u00e4rin avustuksella suoraan p\u00e4\u00e4tyovista pukuhuoneeseen.<\/p>\n<p class=\"article-body mb-nof-24 px-nof-16\">Seguin pelasi Starsin kakkosketjussa <a class=\"article-personlink\" href=\"https:\/\/www.is.fi\/haku\/?query=Roope%20Hintzin\" rel=\"nofollow noopener\" target=\"_blank\">Roope Hintzin<\/a> ja <a class=\"article-personlink\" href=\"https:\/\/www.is.fi\/haku\/?query=Jason%20Robertsonin\" rel=\"nofollow noopener\" target=\"_blank\">Jason Robertsonin<\/a> rinnalla.<\/p>\n<p class=\"article-body mb-nof-24 px-nof-16\">Seguin, 33, on tehnyt t\u00e4ll\u00e4 kaudella 26 ottelussa 17 (7+10) pistett\u00e4. H\u00e4nell\u00e4 on ollut viime aikoina valtavan huonoa tuuria loukkaantumisten kanssa.<\/p>\n<p class=\"article-body mb-nof-24 px-nof-16\">Viime kaudella Seguin pystyi pelaamaan runkosarjassa vain 20 ottelua lonkkavamman takia. H\u00e4nen lonkkansa operoitiin joulukuussa, ja Seguin palasi kokoonpanoon pudotuspeleihin.<\/p>\n<p class=\"article-body mb-nof-24 px-nof-16\">Stars painii loukkaantumishuolten keskell\u00e4. T\u00e4htipelaajista sivussa ovat jo <a class=\"article-personlink\" href=\"https:\/\/www.is.fi\/haku\/?query=Matt%20Duchene\" rel=\"nofollow noopener\" target=\"_blank\">Matt Duchene<\/a> ja<a class=\"article-personlink\" href=\"https:\/\/www.is.fi\/haku\/?query=%20Thomas%20Harley.\" rel=\"nofollow noopener\" target=\"_blank\"> Thomas Harley.<\/a><\/p>\n<p class=\"article-body mb-nof-24 px-nof-16\">Luottopakki <a class=\"article-personlink\" href=\"https:\/\/www.is.fi\/haku\/?query=Lian%20Bichsel\" rel=\"nofollow noopener\" target=\"_blank\">Lian Bichsel<\/a> joutui juuri leikkaukseen, ja nyt Seguinin tilanne ei n\u00e4yt\u00e4 hyv\u00e4lt\u00e4.<\/p>\n<p class=\"article-body mb-nof-24 px-nof-16\">Stars porskuttaa silti l\u00e4ntisen konferenssin toiseksi parhaana joukkueena Colorado Avalanchen per\u00e4ss\u00e4.<\/p>\n","protected":false},"excerpt":{"rendered":"Dallas sai huonoja uutisia heti avauser\u00e4ss\u00e4. Joonas Donskoi kertoo huiman tarinan Nathan MacKinnonista ja pastakastikkeesta.Video: IS New York&hellip;\n","protected":false},"author":2,"featured_media":106185,"comment_status":"","ping_status":"","sticky":false,"template":"","format":"standard","meta":{"footnotes":""},"categories":[136],"tags":[407,137,33,31,30,34,408,32,109],"class_list":{"0":"post-106184","1":"post","2":"type-post","3":"status-publish","4":"format-standard","5":"has-post-thumbnail","7":"category-julkkikset","8":"tag-celebrities","9":"tag-entertainment","10":"tag-fi","11":"tag-finland","12":"tag-finnish","13":"tag-ilta-sanomat","14":"tag-julkkikset","15":"tag-suomi","16":"tag-viihde"},"share_on_mastodon":{"url":"https:\/\/pubeurope.com\/@fi\/115652996870039838","error":""},"_links":{"self":[{"href":"https:\/\/www.europesays.com\/fi\/wp-json\/wp\/v2\/posts\/106184","targetHints":{"allow":["GET"]}}],"collection":[{"href":"https:\/\/www.europesays.com\/fi\/wp-json\/wp\/v2\/posts"}],"about":[{"href":"https:\/\/www.europesays.com\/fi\/wp-json\/wp\/v2\/types\/post"}],"author":[{"embeddable":true,"href":"https:\/\/www.europesays.com\/fi\/wp-json\/wp\/v2\/users\/2"}],"replies":[{"embeddable":true,"href":"https:\/\/www.europesays.com\/fi\/wp-json\/wp\/v2\/comments?post=106184"}],"version-history":[{"count":0,"href":"https:\/\/www.europesays.com\/fi\/wp-json\/wp\/v2\/posts\/106184\/revisions"}],"wp:featuredmedia":[{"embeddable":true,"href":"https:\/\/www.europesays.com\/fi\/wp-json\/wp\/v2\/media\/106185"}],"wp:attachment":[{"href":"https:\/\/www.europesays.com\/fi\/wp-json\/wp\/v2\/media?parent=106184"}],"wp:term":[{"taxonomy":"category","embeddable":true,"href":"https:\/\/www.europesays.com\/fi\/wp-json\/wp\/v2\/categories?post=106184"},{"taxonomy":"post_tag","embeddable":true,"href":"https:\/\/www.europesays.com\/fi\/wp-json\/wp\/v2\/tags?post=106184"}],"curies":[{"name":"wp","href":"https:\/\/api.w.org\/{rel}","templated":true}]}}