{"id":106189,"date":"2025-12-03T01:28:08","date_gmt":"2025-12-03T01:28:08","guid":{"rendered":"https:\/\/www.europesays.com\/fi\/106189\/"},"modified":"2025-12-03T01:28:08","modified_gmt":"2025-12-03T01:28:08","slug":"romania-hyvaksyi-lakimuutoksen-jolla-se-voi-ottaa-lukoilin-huoltoasemat-valtion-haltuun-uutisia-lyhyesti","status":"publish","type":"post","link":"https:\/\/www.europesays.com\/fi\/106189\/","title":{"rendered":"Romania hyv\u00e4ksyi lakimuutoksen, jolla se voi ottaa Lukoilin huoltoasemat valtion haltuun | Uutisia lyhyesti"},"content":{"rendered":"<p class=\"aw-1gybjub aw-5vja16 kEtdKx kmuxyA yle__article__paragraph\">Lukoililla on Romaniassa 320 huoltoasemaa ja se operoi maan kolmanneksi suurinta jalostamoa.<\/p>\n<p class=\"aw-1gybjub aw-1p7kakr kEtdKx cEmitX yle__article__paragraph\">Romanian hallitus on hyv\u00e4ksynyt asetuksen, joka mahdollistaa kansainv\u00e4listen pakotteiden alaisina olevien yritysten kuten ven\u00e4l\u00e4isen Lukoilin paikallisten omaisuuserien haltuunoton.<\/p>\n<p class=\"aw-1gybjub aw-1p7kakr kEtdKx cEmitX yle__article__paragraph\">Lukoililla on Romaniassa 320 huoltoasemaa ja se operoi maan kolmanneksi suurinta jalostamoa.<\/p>\n<p class=\"aw-1gybjub aw-1p7kakr kEtdKx cEmitX yle__article__paragraph\">Asetuksen mukaan hallitus voi nimitt\u00e4\u00e4 erityisi\u00e4 hallintovirkailijoita yrityksiin, jos pakotteet v\u00e4\u00e4rist\u00e4v\u00e4t talouden sektoreita, aiheuttavat hintapiikkej\u00e4 tai uhkaavat energiaturvallisuutta.<\/p>\n<p class=\"aw-1gybjub aw-1p7kakr kEtdKx cEmitX yle__article__paragraph\">Toimenpide on samankaltainen kuin naapurimaa <a class=\"aw-iao6s4 iHOxEa yle__article__link\" href=\"https:\/\/yle.fi\/a\/74-20010573\/64-3-281750\" role=\"link\" rel=\"nofollow noopener\" target=\"_blank\">Bulgarian viime kuussa hyv\u00e4ksym\u00e4 lains\u00e4\u00e4d\u00e4nt\u00f6<\/a> Lukoilin Neftohim-jalostamon haltuun ottamiseksi. Viel\u00e4 ole selv\u00e4\u00e4, aikooko Romania k\u00e4ytt\u00e4\u00e4 uusia valtuuksiaan. Hallitus p\u00e4\u00e4tt\u00e4\u00e4 asiasta my\u00f6hemmin t\u00e4ss\u00e4 kuussa.<\/p>\n","protected":false},"excerpt":{"rendered":"Lukoililla on Romaniassa 320 huoltoasemaa ja se operoi maan kolmanneksi suurinta jalostamoa. Romanian hallitus on hyv\u00e4ksynyt asetuksen, joka&hellip;\n","protected":false},"author":2,"featured_media":74,"comment_status":"","ping_status":"","sticky":false,"template":"","format":"standard","meta":{"footnotes":""},"categories":[14],"tags":[22,23,26,27,33,31,30,17,24,25,15597,28,29,15,18,21,2698,32,19,20,56,16,547,987,10522,59,60,61],"class_list":{"0":"post-106189","1":"post","2":"type-post","3":"status-publish","4":"format-standard","5":"has-post-thumbnail","7":"category-ulkomaat","8":"tag-breaking-news","9":"tag-breakingnews","10":"tag-featured-news","11":"tag-featurednews","12":"tag-fi","13":"tag-finland","14":"tag-finnish","15":"tag-headlines","16":"tag-latest-news","17":"tag-latestnews","18":"tag-lukoil","19":"tag-main-news","20":"tag-mainnews","21":"tag-news","22":"tag-otsikot","23":"tag-paauutiset","24":"tag-romania","25":"tag-suomi","26":"tag-top-stories","27":"tag-topstories","28":"tag-ulkomaat","29":"tag-uutiset","30":"tag-venaja","31":"tag-venajan-hyokkays","32":"tag-venajan-pakotteet","33":"tag-world","34":"tag-world-news","35":"tag-worldnews"},"share_on_mastodon":{"url":"https:\/\/pubeurope.com\/@fi\/115653044097315872","error":""},"_links":{"self":[{"href":"https:\/\/www.europesays.com\/fi\/wp-json\/wp\/v2\/posts\/106189","targetHints":{"allow":["GET"]}}],"collection":[{"href":"https:\/\/www.europesays.com\/fi\/wp-json\/wp\/v2\/posts"}],"about":[{"href":"https:\/\/www.europesays.com\/fi\/wp-json\/wp\/v2\/types\/post"}],"author":[{"embeddable":true,"href":"https:\/\/www.europesays.com\/fi\/wp-json\/wp\/v2\/users\/2"}],"replies":[{"embeddable":true,"href":"https:\/\/www.europesays.com\/fi\/wp-json\/wp\/v2\/comments?post=106189"}],"version-history":[{"count":0,"href":"https:\/\/www.europesays.com\/fi\/wp-json\/wp\/v2\/posts\/106189\/revisions"}],"wp:featuredmedia":[{"embeddable":true,"href":"https:\/\/www.europesays.com\/fi\/wp-json\/wp\/v2\/media\/74"}],"wp:attachment":[{"href":"https:\/\/www.europesays.com\/fi\/wp-json\/wp\/v2\/media?parent=106189"}],"wp:term":[{"taxonomy":"category","embeddable":true,"href":"https:\/\/www.europesays.com\/fi\/wp-json\/wp\/v2\/categories?post=106189"},{"taxonomy":"post_tag","embeddable":true,"href":"https:\/\/www.europesays.com\/fi\/wp-json\/wp\/v2\/tags?post=106189"}],"curies":[{"name":"wp","href":"https:\/\/api.w.org\/{rel}","templated":true}]}}