{"id":106190,"date":"2025-12-03T01:29:12","date_gmt":"2025-12-03T01:29:12","guid":{"rendered":"https:\/\/www.europesays.com\/fi\/106190\/"},"modified":"2025-12-03T01:29:12","modified_gmt":"2025-12-03T01:29:12","slug":"janka-muutti-lappiin-ihmetteli-paikallisten-tungettelevaa-kysymysta","status":"publish","type":"post","link":"https:\/\/www.europesays.com\/fi\/106190\/","title":{"rendered":"Janka muutti Lappiin \u2013 Ihmetteli paikallisten tungettelevaa kysymyst\u00e4"},"content":{"rendered":"<p>Kun Janka muutti Lappiin, h\u00e4n huomasi, ett\u00e4 uusilta tuttavuuksilta kysyt\u00e4\u00e4n aina alkuun samat kysymykset. Se tuntui aluksi oudolta.<\/p>\n<p><img decoding=\"async\" class=\"image image-show image-preview\" src=\"https:\/\/www.europesays.com\/fi\/wp-content\/uploads\/2025\/12\/5ee0e4229a1465f72c977b1a3f1877cace87b77f652f856f7ad4bcf8f170c858.jpg\" alt=\"\"\/><img decoding=\"async\" class=\"image image-show\" src=\"https:\/\/www.europesays.com\/fi\/wp-content\/uploads\/2025\/12\/1764725352_817_5ee0e4229a1465f72c977b1a3f1877cace87b77f652f856f7ad4bcf8f170c858.jpg\" alt=\"\"\/><\/p>\n<p>Muutama asia yll\u00e4tti, kun muutti Lappiin, Janka kertoo. Janka M\u00e4kip\u00e4\u00e4<\/p>\n<p class=\"paragraph\"><strong>Janka M\u00e4kip\u00e4\u00e4<\/strong>, 27, oli jo pitk\u00e4\u00e4n tiennyt haluavansa asua pienell\u00e4 paikkakunnalla. Pienest\u00e4 maalaispit\u00e4j\u00e4st\u00e4 kotoisin oleva Janka kaipasi luonnon \u00e4\u00e4relle, kuten h\u00e4nen puolisonsakin.<\/p>\n<p class=\"paragraph\">Niinp\u00e4 Turussa opiskeluaikoina toisensa tavannut pariskunta hivuttautui pikkuhiljaa pohjoisemmaksi: ensin Ouluun, sitten Lappiin. He ehtiv\u00e4t asua sek\u00e4 Inarin Ivalossa ett\u00e4 Rovaniemell\u00e4, kunnes asettuivat Inarin Koppeloon.<\/p>\n<p class=\"paragraph\">Nyt Janka on asunut Lapissa yhteens\u00e4 yli nelj\u00e4 vuotta. Heti alkuvaiheessa h\u00e4n kiinnitti Inarissa huomiota siihen, ett\u00e4 uusissa kohtaamisissa toistuivat samat kysymykset.<\/p>\n<p class=\"paragraph\">\u2013 Heti kun alkoi tutustua uusiin ihmisiin, sielt\u00e4 tuli aina ne tietyt kysymykset: mets\u00e4st\u00e4tk\u00f6, kalastatko ja miss\u00e4 asut, naurahtaa Janka.<\/p>\n<p class=\"paragraph\">Erityisesti viimeinen kysymys h\u00e4mmensi h\u00e4nt\u00e4.<\/p>\n<p>Janka nauttii el\u00e4m\u00e4st\u00e4 luonnon keskell\u00e4. Haastateltavan kotialbumi<\/p>\n<p class=\"paragraph\">\u2013 Aluksi ajattelin, ett\u00e4 sill\u00e4 tarkoitetaan, miss\u00e4 p\u00e4in asun. Kyse on kuitenkin Suomen suurimmasta kunnasta, ja t\u00e4\u00e4ll\u00e4 voi asua monessa eri kyl\u00e4ss\u00e4. Siksi ajattelin, ett\u00e4 kyl\u00e4n mainitseminen riitt\u00e4\u00e4.<\/p>\n<p class=\"paragraph\">N\u00e4in ei kuitenkaan k\u00e4ynyt. Kysyj\u00e4 halusi aina tiet\u00e4\u00e4 asuinpaikan tarkemmin.<\/p>\n<p class=\"paragraph\">\u2013 Mietin, ett\u00e4 en kai min\u00e4 nyt oikeasti sano talonnumeroani ja onko kysyj\u00e4 sitten tulossa kyl\u00e4\u00e4n.<\/p>\n<p class=\"paragraph\">V\u00e4hitellen kysymys alkoi kuitenkin tuntua luontevalta, ja nykyisin Janka itsekin esitt\u00e4\u00e4 sen uusille tuttavuuksille. Henkil\u00f6kohtaiselta vaikuttavan kysymyksen takana voikin piill\u00e4 suurempi merkitys.<\/p>\n<p>Yhteis\u00f6llisyys n\u00e4kyy arjessa<\/p>\n<p class=\"paragraph\">Nyky\u00e4\u00e4n paikallisten uteliaisuus tuntuu Jankan mukaan t\u00e4ysin luonnolliselta.<\/p>\n<p class=\"paragraph\">\u2013 Ymm\u00e4rsin, etteiv\u00e4t ihmiset kysy asuinpaikkaa sen takia, ett\u00e4 he haluaisivat tunkeutua meille. Siit\u00e4 on helppo esimerkiksi jatkaa jutun juurta. Koska paikka on pieni, moni saattaa tuntea edelliset asukkaat.<\/p>\n<p class=\"paragraph\">Kunkin asuinpaikan tunteminen luo my\u00f6s turvallisuuden tunnetta. Samalla siit\u00e4 voi olla konkreettista hy\u00f6ty\u00e4 silloin, kun tarvitsee apua.<\/p>\n<p class=\"paragraph\">\u2013 Jos vaikka ajaa ojaan, tiet\u00e4\u00e4, kenelt\u00e4 pyyt\u00e4\u00e4 apua ilman, ett\u00e4 tarvitsee kutsua hinausautoa.<\/p>\n<p class=\"paragraph\">Esimerkki ei ole keksitty, sill\u00e4 Jankalle itselleen on k\u00e4ynyt juuri t\u00e4ll\u00e4 tavalla. Ojaanajossa ei onneksi sattunut mit\u00e4\u00e4n, ja paikalle osunut naapuri tiesikin heti, kenet pyyt\u00e4\u00e4 paikalle.<\/p>\n<p class=\"paragraph\">Janka kokee ylip\u00e4\u00e4t\u00e4\u00e4n, ett\u00e4 el\u00e4m\u00e4 Lapissa on yhteis\u00f6llist\u00e4. T\u00e4m\u00e4n h\u00e4n huomasi silloinkin, kun h\u00e4n remontoi puolison kanssa omakotitalonsa yl\u00e4kertaa ja kattoa.<\/p>\n<p class=\"paragraph\">\u2013 Yht\u00e4kki\u00e4 tuttumme ja yst\u00e4v\u00e4mme tulivat ihan pyyt\u00e4m\u00e4tt\u00e4 auttamaan. Se tuntui jotenkin super-ihanalta, kertoo Janka.<\/p>\n<p>Janka on kotiutunut perheineen hyvin Inariin. Haastateltavan kotialbumi<\/p>\n<p class=\"paragraph\">\u2013 Samaan aikaan oli jopa v\u00e4h\u00e4n vaikea ottaa apua vastaan. Oli sellainen olo, ett\u00e4 apua, pit\u00e4\u00e4k\u00f6 minun nyt jotenkin maksaa t\u00e4st\u00e4 tai miten voin kiitt\u00e4\u00e4 ihmisi\u00e4 tarpeeksi.<\/p>\n<p>Millaista el\u00e4m\u00e4 Lapissa on ollut?<\/p>\n<p class=\"paragraph\">El\u00e4m\u00e4 Lapissa onkin yll\u00e4tt\u00e4nyt Jankan monella tavalla.<\/p>\n<p class=\"paragraph\">Vaikka ihmiset ovat uteliaita asuinpaikasta, Janka huomasi nopeasti, ettei muita esimerkiksi kiinnosta kenenk\u00e4\u00e4n koulutustausta tai titteli.<\/p>\n<p class=\"paragraph\">\u2013 Siit\u00e4 tuli tietynlainen helpotuksen tunne. Tittelit v\u00e4h\u00e4n niin kuin tippuivat pois, h\u00e4n sanoo.<\/p>\n<p class=\"paragraph\">\u2013 Silloin kun muutin t\u00e4nne, minulla oli viel\u00e4 korkeakouluopinnot kesken. Tunsin kriisi\u00e4 siit\u00e4, onko valitsemani ala riitt\u00e4v\u00e4n hyv\u00e4 tai olisiko pit\u00e4nyt menn\u00e4 ammattikorkeakoulun sijasta yliopistoon.<\/p>\n<p class=\"paragraph\">Jankan mukaan Lapissa puheita enemm\u00e4n merkityst\u00e4 on sill\u00e4, mit\u00e4 tekee.<\/p>\n<p>Yhteis\u00f6llisyys on tehnyt vaikutuksen Jankaan pohjoisessa. Haastateltavan kotialbumi<\/p>\n<p class=\"paragraph\">My\u00f6s yst\u00e4vyyssuhteet saattavat olla erilaisia kuin etel\u00e4ss\u00e4.<\/p>\n<p class=\"paragraph\">\u2013 En tied\u00e4, johtuuko se vain siit\u00e4, ett\u00e4 olen tavallaan kasvanut aikuiseksi t\u00e4\u00e4ll\u00e4, mutta tuntuu, ettei yst\u00e4vyys katso ik\u00e4\u00e4. Minulla on hyv\u00e4 yst\u00e4v\u00e4, joka on yli kuusikymment\u00e4vuotias, eik\u00e4 se tunnu yht\u00e4\u00e4n oudolta.<\/p>\n<p class=\"paragraph\">Inarista onkin tullut paikka, joka tuntuu omalta ja johon Janka perheineen on kotiutunut hyvin. Tulevaisuudesta ei kuitenkaan koskaan tied\u00e4.<\/p>\n<p class=\"paragraph\">\u2013 Toki itse olen luontaisesti seikkailuhenkinen. Jos puolisoni heitt\u00e4si, muutetaanko Norjaan, sanoisin heti, ett\u00e4 menn\u00e4\u00e4n vaan. Mutta onnekseni ehk\u00e4 h\u00e4n ei ole sellainen, naurahtaa Janka.<\/p>\n","protected":false},"excerpt":{"rendered":"Kun Janka muutti Lappiin, h\u00e4n huomasi, ett\u00e4 uusilta tuttavuuksilta kysyt\u00e4\u00e4n aina alkuun samat kysymykset. Se tuntui aluksi oudolta.&hellip;\n","protected":false},"author":2,"featured_media":106191,"comment_status":"","ping_status":"","sticky":false,"template":"","format":"standard","meta":{"footnotes":""},"categories":[12],"tags":[22,23,2110,26,27,33,31,30,17,101,1390,99,24,25,28,29,923,15,18,21,98,32,19,20,16],"class_list":{"0":"post-106190","1":"post","2":"type-post","3":"status-publish","4":"format-standard","5":"has-post-thumbnail","7":"category-suomi","8":"tag-breaking-news","9":"tag-breakingnews","10":"tag-elamantapa-ja-vapaa-aika","11":"tag-featured-news","12":"tag-featurednews","13":"tag-fi","14":"tag-finland","15":"tag-finnish","16":"tag-headlines","17":"tag-ihmissuhteet","18":"tag-kuukausi","19":"tag-lapset","20":"tag-latest-news","21":"tag-latestnews","22":"tag-main-news","23":"tag-mainnews","24":"tag-matkustaminen","25":"tag-news","26":"tag-otsikot","27":"tag-paauutiset","28":"tag-perhe","29":"tag-suomi","30":"tag-top-stories","31":"tag-topstories","32":"tag-uutiset"},"share_on_mastodon":{"url":"https:\/\/pubeurope.com\/@fi\/115653048270022142","error":""},"_links":{"self":[{"href":"https:\/\/www.europesays.com\/fi\/wp-json\/wp\/v2\/posts\/106190","targetHints":{"allow":["GET"]}}],"collection":[{"href":"https:\/\/www.europesays.com\/fi\/wp-json\/wp\/v2\/posts"}],"about":[{"href":"https:\/\/www.europesays.com\/fi\/wp-json\/wp\/v2\/types\/post"}],"author":[{"embeddable":true,"href":"https:\/\/www.europesays.com\/fi\/wp-json\/wp\/v2\/users\/2"}],"replies":[{"embeddable":true,"href":"https:\/\/www.europesays.com\/fi\/wp-json\/wp\/v2\/comments?post=106190"}],"version-history":[{"count":0,"href":"https:\/\/www.europesays.com\/fi\/wp-json\/wp\/v2\/posts\/106190\/revisions"}],"wp:featuredmedia":[{"embeddable":true,"href":"https:\/\/www.europesays.com\/fi\/wp-json\/wp\/v2\/media\/106191"}],"wp:attachment":[{"href":"https:\/\/www.europesays.com\/fi\/wp-json\/wp\/v2\/media?parent=106190"}],"wp:term":[{"taxonomy":"category","embeddable":true,"href":"https:\/\/www.europesays.com\/fi\/wp-json\/wp\/v2\/categories?post=106190"},{"taxonomy":"post_tag","embeddable":true,"href":"https:\/\/www.europesays.com\/fi\/wp-json\/wp\/v2\/tags?post=106190"}],"curies":[{"name":"wp","href":"https:\/\/api.w.org\/{rel}","templated":true}]}}