{"id":106193,"date":"2025-12-03T01:42:09","date_gmt":"2025-12-03T01:42:09","guid":{"rendered":"https:\/\/www.europesays.com\/fi\/106193\/"},"modified":"2025-12-03T01:42:09","modified_gmt":"2025-12-03T01:42:09","slug":"saarihelvetti-julkisti-esiintyjia-ensi-kesan-karkeloihin-turmion-katilot-ensiferum-kataklysm","status":"publish","type":"post","link":"https:\/\/www.europesays.com\/fi\/106193\/","title":{"rendered":"Saarihelvetti julkisti esiintyji\u00e4 ensi kes\u00e4n karkeloihin: Turmion K\u00e4til\u00f6t, Ensiferum, Kataklysm&#8230;"},"content":{"rendered":"<p>Pyh\u00e4j\u00e4rven keskell\u00e4 tapahtuu ensi kes\u00e4n\u00e4 j\u00e4lleen kummia. Tampereen Viikinsaaressa j\u00e4rjestet\u00e4\u00e4n 14.\u201315. elokuuta perinteinen Saarihelvetti-tapahtuma, ja t\u00e4m\u00e4 metallimusiikkiin erikoistunut festivaali esittelee nyt esiintyj\u00e4kaartiaan usean b\u00e4ndin verran. Siisp\u00e4 korvat h\u00f6r\u00f6lle!<\/p>\n<p>Saarihelvetin p\u00e4\u00e4esiintyj\u00e4 on Turmion K\u00e4til\u00f6t, joka on ollut aikojen saatossa Viikinsaaressa tuttu n\u00e4ky, vaikka viime vuonna orkesteri piti tapahtumasta taukoa. Muita kotimaisia yhtyeit\u00e4 ovat Omnium Gatherum, Ensiferum ja pitk\u00e4lt\u00e4 tauolta palaava Whispered. Ulkomaisia kiinnityksi\u00e4 ovat tsekkil\u00e4inen, vessahuumoria ja grindcorea yhdistelev\u00e4 Gutalax, pitk\u00e4n linjan kanadalainen death metal -ryhm\u00e4 Kataklysm sek\u00e4 progemetallin saralla operoiva norjalainen Borknagar.<\/p>\n<p>Vanhastaan Saarihelvettiin ovat varmistuneet Assemble the Chariots, Ikin\u00e4 ja Omnivortex. Lis\u00e4\u00e4 julkistuksia kerrotaan vuoden 2026 ensimm\u00e4isin\u00e4 kuukausina.\u00a0Festivaalin p\u00e4\u00e4syliput ovat myynniss\u00e4 Lippupisteess\u00e4, Kahden p\u00e4iv\u00e4n lippujen hinta on 134,90 euroa.<\/p>\n","protected":false},"excerpt":{"rendered":"Pyh\u00e4j\u00e4rven keskell\u00e4 tapahtuu ensi kes\u00e4n\u00e4 j\u00e4lleen kummia. Tampereen Viikinsaaressa j\u00e4rjestet\u00e4\u00e4n 14.\u201315. elokuuta perinteinen Saarihelvetti-tapahtuma, ja t\u00e4m\u00e4 metallimusiikkiin erikoistunut&hellip;\n","protected":false},"author":2,"featured_media":106194,"comment_status":"","ping_status":"","sticky":false,"template":"","format":"standard","meta":{"footnotes":""},"categories":[136],"tags":[407,137,970,33,31,30,408,32,109],"class_list":{"0":"post-106193","1":"post","2":"type-post","3":"status-publish","4":"format-standard","5":"has-post-thumbnail","7":"category-julkkikset","8":"tag-celebrities","9":"tag-entertainment","10":"tag-festivaalit","11":"tag-fi","12":"tag-finland","13":"tag-finnish","14":"tag-julkkikset","15":"tag-suomi","16":"tag-viihde"},"share_on_mastodon":{"url":"https:\/\/pubeurope.com\/@fi\/115653099027009287","error":""},"_links":{"self":[{"href":"https:\/\/www.europesays.com\/fi\/wp-json\/wp\/v2\/posts\/106193","targetHints":{"allow":["GET"]}}],"collection":[{"href":"https:\/\/www.europesays.com\/fi\/wp-json\/wp\/v2\/posts"}],"about":[{"href":"https:\/\/www.europesays.com\/fi\/wp-json\/wp\/v2\/types\/post"}],"author":[{"embeddable":true,"href":"https:\/\/www.europesays.com\/fi\/wp-json\/wp\/v2\/users\/2"}],"replies":[{"embeddable":true,"href":"https:\/\/www.europesays.com\/fi\/wp-json\/wp\/v2\/comments?post=106193"}],"version-history":[{"count":0,"href":"https:\/\/www.europesays.com\/fi\/wp-json\/wp\/v2\/posts\/106193\/revisions"}],"wp:featuredmedia":[{"embeddable":true,"href":"https:\/\/www.europesays.com\/fi\/wp-json\/wp\/v2\/media\/106194"}],"wp:attachment":[{"href":"https:\/\/www.europesays.com\/fi\/wp-json\/wp\/v2\/media?parent=106193"}],"wp:term":[{"taxonomy":"category","embeddable":true,"href":"https:\/\/www.europesays.com\/fi\/wp-json\/wp\/v2\/categories?post=106193"},{"taxonomy":"post_tag","embeddable":true,"href":"https:\/\/www.europesays.com\/fi\/wp-json\/wp\/v2\/tags?post=106193"}],"curies":[{"name":"wp","href":"https:\/\/api.w.org\/{rel}","templated":true}]}}