{"id":106197,"date":"2025-12-03T01:50:20","date_gmt":"2025-12-03T01:50:20","guid":{"rendered":"https:\/\/www.europesays.com\/fi\/106197\/"},"modified":"2025-12-03T01:50:20","modified_gmt":"2025-12-03T01:50:20","slug":"radioheadin-tanskan-keikat-siirtyvat-thom-yorke-ei-ole-laulukunnossa","status":"publish","type":"post","link":"https:\/\/www.europesays.com\/fi\/106197\/","title":{"rendered":"Radioheadin Tanskan-keikat siirtyv\u00e4t &#8211; Thom Yorke ei ole laulukunnossa"},"content":{"rendered":"<p>Radiohead tiedottaa siirt\u00e4v\u00e4ns\u00e4 kaksi ensimm\u00e4ist\u00e4 Tanskan-keikkaansa. Laulaja Thom Yorke k\u00e4rsii pahanlaatuisesta nielutulehduksesta eik\u00e4 pysty laulamaan.<\/p>\n<p>Siirtyv\u00e4t keikat oli tarkoitus soittaa t\u00e4n\u00e4\u00e4n (1. joulukuuta) sek\u00e4 huomenna (2. joulukuuta) K\u00f6\u00f6penhaminan Royal Arenalla. Konserttien uudet p\u00e4iv\u00e4m\u00e4\u00e4r\u00e4t ovat 15. ja 16. joulukuuta. Yhtye kertoo pyrkiv\u00e4ns\u00e4 hoitamaan loput Tanskan-keikat alkuper\u00e4isten suunnitelmien mukaisesti 5. ja 6. joulukuuta.<\/p>\n<p>K\u00f6\u00f6penhaminan j\u00e4lkeen yhtyeell\u00e4 on j\u00e4ljell\u00e4 viel\u00e4 nelj\u00e4n keikan putki Berliiniss\u00e4.<\/p>\n","protected":false},"excerpt":{"rendered":"Radiohead tiedottaa siirt\u00e4v\u00e4ns\u00e4 kaksi ensimm\u00e4ist\u00e4 Tanskan-keikkaansa. Laulaja Thom Yorke k\u00e4rsii pahanlaatuisesta nielutulehduksesta eik\u00e4 pysty laulamaan. Siirtyv\u00e4t keikat oli&hellip;\n","protected":false},"author":2,"featured_media":84942,"comment_status":"","ping_status":"","sticky":false,"template":"","format":"standard","meta":{"footnotes":""},"categories":[130],"tags":[137,33,31,30,32,109],"class_list":{"0":"post-106197","1":"post","2":"type-post","3":"status-publish","4":"format-standard","5":"has-post-thumbnail","7":"category-viihde","8":"tag-entertainment","9":"tag-fi","10":"tag-finland","11":"tag-finnish","12":"tag-suomi","13":"tag-viihde"},"share_on_mastodon":{"url":"https:\/\/pubeurope.com\/@fi\/115653130525504250","error":""},"_links":{"self":[{"href":"https:\/\/www.europesays.com\/fi\/wp-json\/wp\/v2\/posts\/106197","targetHints":{"allow":["GET"]}}],"collection":[{"href":"https:\/\/www.europesays.com\/fi\/wp-json\/wp\/v2\/posts"}],"about":[{"href":"https:\/\/www.europesays.com\/fi\/wp-json\/wp\/v2\/types\/post"}],"author":[{"embeddable":true,"href":"https:\/\/www.europesays.com\/fi\/wp-json\/wp\/v2\/users\/2"}],"replies":[{"embeddable":true,"href":"https:\/\/www.europesays.com\/fi\/wp-json\/wp\/v2\/comments?post=106197"}],"version-history":[{"count":0,"href":"https:\/\/www.europesays.com\/fi\/wp-json\/wp\/v2\/posts\/106197\/revisions"}],"wp:featuredmedia":[{"embeddable":true,"href":"https:\/\/www.europesays.com\/fi\/wp-json\/wp\/v2\/media\/84942"}],"wp:attachment":[{"href":"https:\/\/www.europesays.com\/fi\/wp-json\/wp\/v2\/media?parent=106197"}],"wp:term":[{"taxonomy":"category","embeddable":true,"href":"https:\/\/www.europesays.com\/fi\/wp-json\/wp\/v2\/categories?post=106197"},{"taxonomy":"post_tag","embeddable":true,"href":"https:\/\/www.europesays.com\/fi\/wp-json\/wp\/v2\/tags?post=106197"}],"curies":[{"name":"wp","href":"https:\/\/api.w.org\/{rel}","templated":true}]}}