{"id":106198,"date":"2025-12-03T01:54:08","date_gmt":"2025-12-03T01:54:08","guid":{"rendered":"https:\/\/www.europesays.com\/fi\/106198\/"},"modified":"2025-12-03T01:54:08","modified_gmt":"2025-12-03T01:54:08","slug":"ny-times-yhdysvallat-on-keskeyttanyt-19-maan-kansalaisten-maahanmuuttohakemusten-kasittelyn-uutisia-lyhyesti","status":"publish","type":"post","link":"https:\/\/www.europesays.com\/fi\/106198\/","title":{"rendered":"NY Times: Yhdysvallat on keskeytt\u00e4nyt 19 maan kansalaisten maahanmuuttohakemusten k\u00e4sittelyn | Uutisia lyhyesti"},"content":{"rendered":"<p class=\"aw-1gybjub aw-5vja16 kEtdKx kmuxyA yle__article__paragraph\">P\u00e4\u00e4t\u00f6s koskee muun muassa niin sanotun Green Cardin hakijoita sek\u00e4 Yhdysvaltain kansalaisutta hakevia.<\/p>\n<p><img decoding=\"async\" alt=\"Yhdysvaltain presidentti Donald Trump puhuu p\u00f6yd\u00e4n takana.\" src=\"https:\/\/www.europesays.com\/fi\/wp-content\/uploads\/2025\/12\/39-1563151692f86a4e9c33.jpeg\" class=\"aw-1l9m598 hKVVvP\"\/><\/p>\n<p>Avaa kuvien katselu<\/p>\n<p>Yhdysvaltain presidentti Donald Trumpin hallinnon p\u00e4\u00e4t\u00f6sten taustalla on viime viikolla tapahtunut ampumatapaus p\u00e4\u00e4kaupunki Washingtonissa. Kuva: Yuri Gripas \/ EPA<\/p>\n<p class=\"aw-1gybjub aw-1p7kakr kEtdKx cEmitX yle__article__paragraph\">Yhdysvaltain presidentti <strong class=\"aw-ak79eh KyCXm yle__article__strong\">Donald Trumpin<\/strong> hallinto on keskeytt\u00e4nyt 19 maan kansalaisten maahanmuuttohakemusten k\u00e4sittelyn. Yhdysvaltalaiset viranomaiset ovat vahvistaneet asian yhdysvaltalaislehti <a class=\"aw-iao6s4 iHOxEa yle__article__link\" href=\"https:\/\/www.nytimes.com\/2025\/12\/02\/us\/politics\/trump-travel-ban-citizenship-green-cards-dc-shooting.html\" role=\"link\" rel=\"nofollow noopener\" target=\"_blank\">New York Timesille<\/a>.<\/p>\n<p class=\"aw-1gybjub aw-1p7kakr kEtdKx cEmitX yle__article__paragraph\">Lehden mukaan kyseisist\u00e4 19:st\u00e4 maasta rajoitettiin aiemmin t\u00e4n\u00e4 vuonna matkustamista Yhdysvaltoihin.<\/p>\n<p class=\"aw-1gybjub aw-1p7kakr kEtdKx cEmitX yle__article__paragraph\">New York Timesin mukaan Kuuban, Haitin, Venezuelan, Sierra Leonen, Togon, P\u00e4iv\u00e4ntasaajan Guinean, Kongon tasavallan, Burundin, T\u0161adin, Sudanin, Libyan, Eritrean, Somalian, Jemenin, Iranin, Afganistanin, Turkmenistanin, Myanmarin ja Laosin kansalaisten maahanmuuttohakemusten k\u00e4sittely on keskeytetty.<\/p>\n<p class=\"aw-1gybjub aw-1p7kakr kEtdKx cEmitX yle__article__paragraph\">P\u00e4\u00e4t\u00f6s koskee muun muassa pysyv\u00e4n oleskeluluvan eli niin sanotun Green Cardin hakijoita sek\u00e4 Yhdysvaltain kansalaisuutta hakevia.<\/p>\n<p class=\"aw-1gybjub aw-1p7kakr kEtdKx cEmitX yle__article__paragraph\">Yhdysvaltain kansalaisuus- ja maahanmuuttoviraston (USCIS) tiedottaja <strong class=\"aw-ak79eh KyCXm yle__article__strong\">Matthew Tragesser<\/strong> vahvisti tiistaina tiedon lehdelle.<\/p>\n<p class=\"aw-1gybjub aw-1p7kakr kEtdKx cEmitX yle__article__paragraph\">\u2013\u00a0Trumpin hallinto tekee kaikkensa varmistaakseen, ett\u00e4 kansalaisuuden saavat ovat parhaimmista parhaimpia. Kansalaisuus on etuoikeus, ei oikeus, Tragesser kertoi New York Timesille.<\/p>\n<p class=\"aw-1gybjub aw-1p7kakr kEtdKx cEmitX yle__article__paragraph\">Viime viikolla Yhdysvallat <a class=\"aw-iao6s4 iHOxEa yle__article__link\" href=\"https:\/\/x.com\/USCISJoe\/status\/1994545007588774347?s=20\" role=\"link\" rel=\"nofollow\">keskeytti turvapaikkap\u00e4\u00e4t\u00f6sten tekemisen<\/a>.<\/p>\n<p class=\"aw-1gybjub aw-1p7kakr kEtdKx cEmitX yle__article__paragraph\">P\u00e4\u00e4t\u00f6sten taustalla on viime viikon keskiviikkona tapahtunut ampumatapaus, jossa kahta kansalliskaartin sotilasta ammuttiin maan p\u00e4\u00e4kaupunki Washingtonissa. Toinen ammutuista kuoli saamiinsa vammoihin.<\/p>\n<p class=\"aw-1gybjub aw-1p7kakr kEtdKx cEmitX yle__article__paragraph\">Ampumisesta ep\u00e4ilty afganistanilaismies saapui Yhdysvaltoihin vuonna 2021. H\u00e4n oli ty\u00f6skennellyt Yhdysvaltojen asevoimille Afganistanissa.<\/p>\n","protected":false},"excerpt":{"rendered":"P\u00e4\u00e4t\u00f6s koskee muun muassa niin sanotun Green Cardin hakijoita sek\u00e4 Yhdysvaltain kansalaisutta hakevia. Avaa kuvien katselu Yhdysvaltain presidentti&hellip;\n","protected":false},"author":2,"featured_media":106199,"comment_status":"","ping_status":"","sticky":false,"template":"","format":"standard","meta":{"footnotes":""},"categories":[14],"tags":[22,23,585,26,27,33,31,30,17,24,25,3244,28,29,15,18,21,32,19,20,56,16,59,60,61,619],"class_list":{"0":"post-106198","1":"post","2":"type-post","3":"status-publish","4":"format-standard","5":"has-post-thumbnail","7":"category-ulkomaat","8":"tag-breaking-news","9":"tag-breakingnews","10":"tag-donald-trump","11":"tag-featured-news","12":"tag-featurednews","13":"tag-fi","14":"tag-finland","15":"tag-finnish","16":"tag-headlines","17":"tag-latest-news","18":"tag-latestnews","19":"tag-maahanmuutto","20":"tag-main-news","21":"tag-mainnews","22":"tag-news","23":"tag-otsikot","24":"tag-paauutiset","25":"tag-suomi","26":"tag-top-stories","27":"tag-topstories","28":"tag-ulkomaat","29":"tag-uutiset","30":"tag-world","31":"tag-world-news","32":"tag-worldnews","33":"tag-yhdysvallat"},"share_on_mastodon":{"url":"https:\/\/pubeurope.com\/@fi\/115653146424304239","error":""},"_links":{"self":[{"href":"https:\/\/www.europesays.com\/fi\/wp-json\/wp\/v2\/posts\/106198","targetHints":{"allow":["GET"]}}],"collection":[{"href":"https:\/\/www.europesays.com\/fi\/wp-json\/wp\/v2\/posts"}],"about":[{"href":"https:\/\/www.europesays.com\/fi\/wp-json\/wp\/v2\/types\/post"}],"author":[{"embeddable":true,"href":"https:\/\/www.europesays.com\/fi\/wp-json\/wp\/v2\/users\/2"}],"replies":[{"embeddable":true,"href":"https:\/\/www.europesays.com\/fi\/wp-json\/wp\/v2\/comments?post=106198"}],"version-history":[{"count":0,"href":"https:\/\/www.europesays.com\/fi\/wp-json\/wp\/v2\/posts\/106198\/revisions"}],"wp:featuredmedia":[{"embeddable":true,"href":"https:\/\/www.europesays.com\/fi\/wp-json\/wp\/v2\/media\/106199"}],"wp:attachment":[{"href":"https:\/\/www.europesays.com\/fi\/wp-json\/wp\/v2\/media?parent=106198"}],"wp:term":[{"taxonomy":"category","embeddable":true,"href":"https:\/\/www.europesays.com\/fi\/wp-json\/wp\/v2\/categories?post=106198"},{"taxonomy":"post_tag","embeddable":true,"href":"https:\/\/www.europesays.com\/fi\/wp-json\/wp\/v2\/tags?post=106198"}],"curies":[{"name":"wp","href":"https:\/\/api.w.org\/{rel}","templated":true}]}}