{"id":106200,"date":"2025-12-03T01:55:12","date_gmt":"2025-12-03T01:55:12","guid":{"rendered":"https:\/\/www.europesays.com\/fi\/106200\/"},"modified":"2025-12-03T01:55:12","modified_gmt":"2025-12-03T01:55:12","slug":"pimean-taksin-kuljettaja-raiskasi-asiakkaansa-autossa-helsingissa","status":"publish","type":"post","link":"https:\/\/www.europesays.com\/fi\/106200\/","title":{"rendered":"Pime\u00e4n taksin kuljettaja raiskasi asiakkaansa autossa Helsingiss\u00e4"},"content":{"rendered":"<p>Tuomiot|Mies selitti raiskauksen uhrista l\u00f6ytyneen dna-n\u00e4ytteen kuuluvan kuolleelle veljelleen.<\/p>\n<p>2.12. 15:54<\/p>\n<p>Lue tiivistelm\u00e4<\/p>\n<p>Tiivistelm\u00e4 on teko\u00e4lyn tekem\u00e4 ja ihmisen tarkistama.<\/p>\n<p class=\"article-body mb-nof-24 px-nof-16 sndp-summary-bullet-point-font\">Helsingin hovioikeus on tuominnut pime\u00e4n taksin kuskina toimineen Amer Ahmad Diwan Al-Edharin kahden vuoden ja viiden kuukauden vankeuteen kahdesta seksuaalirikoksesta.<\/p>\n<p class=\"article-body mb-nof-24 px-nof-16 sndp-summary-bullet-point-font\">Mies raiskasi naisen toukokuussa 2018 ajettuaan t\u00e4m\u00e4n Helsingin keskustasta ty\u00f6maalle, jossa h\u00e4n lukitsi auton ovet.<\/p>\n<p class=\"article-body mb-nof-24 px-nof-16 sndp-summary-bullet-point-font\">Hein\u00e4kuussa 2021 mies pakotti Yango-taksinsa kyytiin nousseen naisen seksuaaliseen tekoon.<\/p>\n<p class=\"article-body mb-nof-24 px-nof-16 sndp-summary-bullet-point-font\">Mies kiisti molemmat teot ja esitti oikeudessa erilaisia selityksi\u00e4, mutta hovioikeus piti k\u00e4r\u00e4j\u00e4oikeuden tuomion voimassa.<\/p>\n<p class=\"article-body mb-nof-24 px-nof-16\">Helsingin hovioikeus on tuominnut pime\u00e4n taksin kuskina toimineen miehen raiskauksesta ja pakottamisesta seksuaaliseen tekoon.<\/p>\n<p class=\"article-body mb-nof-24 px-nof-16\">Mies otti naisen ajamansa auton kyytiin Helsingin keskustassa aamuy\u00f6ll\u00e4 toukokuussa 2018.<\/p>\n<p class=\"article-body mb-nof-24 px-nof-16\">Nainen kertoi oikeudelle olleensa juhlimassa y\u00f6kerhossa yst\u00e4viens\u00e4 kanssa. Nainen otti Mannerheimintielt\u00e4 pime\u00e4n taksin, jossa ei n\u00e4kynyt taksitunnuksia.<\/p>\n<p class=\"article-body mb-nof-24 px-nof-16\">Kuski ajoi ensin odotetusti kohti it\u00e4\u00e4, mutta k\u00e4\u00e4ntyi Suvilahden kohdalla \u00e4kisti v\u00e4\u00e4r\u00e4\u00e4n suuntaan, kohti It\u00e4v\u00e4yl\u00e4\u00e4. Nainen kertoi huomauttaneensa t\u00e4st\u00e4 virheest\u00e4, mutta kuski ei k\u00e4\u00e4ntynyt takaisin, vaan ajoi rampista ulos ty\u00f6maalle tai muulle aukealle, jossa oli ty\u00f6maakontteja.<\/p>\n<p class=\"article-body mb-nof-24 px-nof-16\">Aukealla kuski lukitsi auton ovet ja raiskasi naisen.<\/p>\n<p class=\"article-body mb-nof-24 px-nof-16\">Raiskauksen j\u00e4lkeen h\u00e4n ajoi l\u00e4helle naisen antamaa osoitetta ja j\u00e4tti t\u00e4m\u00e4n sinne. Kotiin p\u00e4\u00e4sty\u00e4\u00e4n nainen kertoi tapahtuneesta avovaimolleen, joka soitti h\u00e4t\u00e4keskukseen. Nainen vietiin tutkimuksiin Seri-keskukseen.<\/p>\n<p class=\"article-body mb-nof-24 px-nof-16\">Mies v\u00e4itti oikeudessa, ettei ollut syyp\u00e4\u00e4 raiskaukseen, vaikka raiskauksen uhrista otetussa laboratorion\u00e4ytteiss\u00e4 n\u00e4kyi miehen dna:ta ja h\u00e4nen puhelimensa paikantui samaan paikkaan uhrin puhelimen kanssa.<\/p>\n<p class=\"article-body mb-nof-24 px-nof-16\">Tuomitun mukaan h\u00e4n oli ollut tapahtuma-aikaan Tukholmassa, jonne oli matkustanut soittamaan erilaisissa juhlissa. Todisteeksi h\u00e4n esitti h\u00e4\u00e4juhlissa my\u00f6hemmin tapahtumap\u00e4iv\u00e4n\u00e4 kuvatun videon.<\/p>\n<p class=\"article-body mb-nof-24 px-nof-16\">Puhelimen paikannusta h\u00e4n selitti sill\u00e4, ett\u00e4 oli j\u00e4tt\u00e4nyt sim-korttinsa langolleen, jotta t\u00e4m\u00e4 voisi vastata viranomaisilta ja lasten koululta tuleviin puheluihin miehen suomea osaamattoman vaimon puolesta.<\/p>\n<p class=\"article-body mb-nof-24 px-nof-16\">Tuomittu my\u00f6s kiisti ajaneensa taksia. Oman kertomuksensa mukaan h\u00e4n tapasi uhrin y\u00f6kerhossa ennen matkaansa ja harrasti t\u00e4m\u00e4n kanssa seksi\u00e4 suostumuksellisesti.<\/p>\n<p class=\"article-body mb-nof-24 px-nof-16\">Toinen rikos tapahtui hein\u00e4kuussa 2021. Tuomittu oli ajamassa Yango-taksia ja k\u00e4vi asiakkaansa kimppuun.<\/p>\n<p class=\"article-body mb-nof-24 px-nof-16\">Nainen oli noussut kyytiin Tokoinrannasta menn\u00e4kseen kotiin Vantaalle jo iltaseitsem\u00e4lt\u00e4, koska helle sai huonovointiseksi.<\/p>\n<p class=\"article-body mb-nof-24 px-nof-16\">Nainen istui auton etupenkille ja pyysi kuskilta mahdollisuutta ladata puhelintaan ja soittaa samalla musiikkia.<\/p>\n<p class=\"article-body mb-nof-24 px-nof-16\">Ajon aikana tuomittu alkoi ehdotella naiselle ep\u00e4asiallisesti. Nainen kertoi oikeudelle huomauttaneensa olevansa asiakkaana ja ett\u00e4 keskustelu oli h\u00e4nest\u00e4 ep\u00e4mukava.<\/p>\n<p class=\"article-body mb-nof-24 px-nof-16\">Sitten tuomittu alkoi kosketella naista. Perill\u00e4 tuomittu jatkoi koskettelua ja yritti muun muassa repi\u00e4 naisen vaatteita pois. Nainen poistui autosta ja teki asiasta rikosilmoituksen.<\/p>\n<p class=\"article-body mb-nof-24 px-nof-16\">Tuomittu kiisti my\u00f6s t\u00e4m\u00e4n teon, ja kertoi naisen poistuneen autosta kyydin lopuksi vieden samallla tuomitun taksikortin. Tuomittu oli tehnyt naisesta rikosilmoituksen kuultuaan naisen kertoneen ahdistelusta kuskin ty\u00f6nantajalle.<\/p>\n<p class=\"article-body mb-nof-24 px-nof-16\">Helsingin k\u00e4r\u00e4j\u00e4oikeus tuomitsi vuonna 1984 syntyneen <a class=\"article-personlink\" href=\"https:\/\/www.hs.fi\/haku\/?query=Amer%20Ahmad%20Diwan%20Al-Edharin\" rel=\"nofollow noopener\" target=\"_blank\">Amer Ahmad Diwan Al-Edharin<\/a> molemmista teoista, raiskauksesta ja pakottamisesta seksuaaliseen tekoon yhteens\u00e4 kahden vuoden ja viiden kuukauden vankeuteen.<\/p>\n<p class=\"article-body mb-nof-24 px-nof-16\">Lis\u00e4ksi oikeus velvoitti tuomitun maksamaan korvauksia uhreille yhteens\u00e4 9\u202f900 euroa ja oikeudenk\u00e4yntikuluja 4\u202f200 euroa.<\/p>\n<p class=\"article-body mb-nof-24 px-nof-16\">Tuomittu valitti tuomiosta Helsingin hovioikeuteen perustellen raiskauksen dna-n\u00e4ytteen olevan per\u00e4isin kuolleelta veljelt\u00e4\u00e4n.<\/p>\n<p class=\"article-body mb-nof-24 px-nof-16\">Seksuaaliseen tekoon pakottamisen osalta tuomittu kertoi valituksessa naisen solvanneen h\u00e4nt\u00e4 ja j\u00e4tt\u00e4neen matkansa maksamatta.<\/p>\n<p class=\"article-body mb-nof-24 px-nof-16\">Helsingin hovioikeus ei uskonut tuomitun v\u00e4itteit\u00e4 ja piti k\u00e4r\u00e4j\u00e4oikeuden tuomion voimassa. Oikeus m\u00e4\u00e4r\u00e4si miehen maksamaan yhteens\u00e4 3\u202f700 euroa oikeudenk\u00e4yntikuluja.<\/p>\n","protected":false},"excerpt":{"rendered":"Tuomiot|Mies selitti raiskauksen uhrista l\u00f6ytyneen dna-n\u00e4ytteen kuuluvan kuolleelle veljelleen. 2.12. 15:54 Lue tiivistelm\u00e4 Tiivistelm\u00e4 on teko\u00e4lyn tekem\u00e4 ja&hellip;\n","protected":false},"author":2,"featured_media":96697,"comment_status":"","ping_status":"","sticky":false,"template":"","format":"standard","meta":{"footnotes":""},"categories":[12],"tags":[22,23,26,27,33,31,30,17,46,24,25,28,29,15,18,21,32,19,20,16],"class_list":{"0":"post-106200","1":"post","2":"type-post","3":"status-publish","4":"format-standard","5":"has-post-thumbnail","7":"category-suomi","8":"tag-breaking-news","9":"tag-breakingnews","10":"tag-featured-news","11":"tag-featurednews","12":"tag-fi","13":"tag-finland","14":"tag-finnish","15":"tag-headlines","16":"tag-helsingin-sanomat","17":"tag-latest-news","18":"tag-latestnews","19":"tag-main-news","20":"tag-mainnews","21":"tag-news","22":"tag-otsikot","23":"tag-paauutiset","24":"tag-suomi","25":"tag-top-stories","26":"tag-topstories","27":"tag-uutiset"},"share_on_mastodon":{"url":"https:\/\/pubeurope.com\/@fi\/115653150246954264","error":""},"_links":{"self":[{"href":"https:\/\/www.europesays.com\/fi\/wp-json\/wp\/v2\/posts\/106200","targetHints":{"allow":["GET"]}}],"collection":[{"href":"https:\/\/www.europesays.com\/fi\/wp-json\/wp\/v2\/posts"}],"about":[{"href":"https:\/\/www.europesays.com\/fi\/wp-json\/wp\/v2\/types\/post"}],"author":[{"embeddable":true,"href":"https:\/\/www.europesays.com\/fi\/wp-json\/wp\/v2\/users\/2"}],"replies":[{"embeddable":true,"href":"https:\/\/www.europesays.com\/fi\/wp-json\/wp\/v2\/comments?post=106200"}],"version-history":[{"count":0,"href":"https:\/\/www.europesays.com\/fi\/wp-json\/wp\/v2\/posts\/106200\/revisions"}],"wp:featuredmedia":[{"embeddable":true,"href":"https:\/\/www.europesays.com\/fi\/wp-json\/wp\/v2\/media\/96697"}],"wp:attachment":[{"href":"https:\/\/www.europesays.com\/fi\/wp-json\/wp\/v2\/media?parent=106200"}],"wp:term":[{"taxonomy":"category","embeddable":true,"href":"https:\/\/www.europesays.com\/fi\/wp-json\/wp\/v2\/categories?post=106200"},{"taxonomy":"post_tag","embeddable":true,"href":"https:\/\/www.europesays.com\/fi\/wp-json\/wp\/v2\/tags?post=106200"}],"curies":[{"name":"wp","href":"https:\/\/api.w.org\/{rel}","templated":true}]}}