{"id":106203,"date":"2025-12-03T02:08:10","date_gmt":"2025-12-03T02:08:10","guid":{"rendered":"https:\/\/www.europesays.com\/fi\/106203\/"},"modified":"2025-12-03T02:08:10","modified_gmt":"2025-12-03T02:08:10","slug":"janne-kataja-elaa-uutta-elamanvaihetta-vauva-tuli-tyttaret-jo-teini-iassa","status":"publish","type":"post","link":"https:\/\/www.europesays.com\/fi\/106203\/","title":{"rendered":"Janne Kataja el\u00e4\u00e4 uutta el\u00e4m\u00e4nvaihetta &#8211; Vauva tuli, tytt\u00e4ret jo teini-i\u00e4ss\u00e4"},"content":{"rendered":"<p>  <a href=\"https:\/\/www.suomi24.fi\/viihde\/l\/janne-kataja-uudessa-elamantilanteessa-vauva-tuli-tyttaret-jo-teini-iassa-on-jo-vahan-4866-1.webp\" rel=\"nofollow noopener\" target=\"_blank\"><img decoding=\"async\" src=\"https:\/\/www.europesays.com\/fi\/wp-content\/uploads\/2025\/12\/janne-kataja-uudessa-elamantilanteessa-vauva-tuli-tyttaret-jo-teini-iassa-on-jo-vahan-4866-1.webp.webp\" alt=\"Janne Kataja\" loading=\"lazy\"\/><\/a>Janne Kataja on kiinnostunut hengellisist\u00e4 asioista ja henkisyydest\u00e4. Kuva Janne Katajan Uskoisitko? -sarjasta. Kuva: MTV3<\/p>\n<p><strong>Janne Kataja<\/strong> on monipuolinen ammattilainen, h\u00e4n on mm. juontaja, n\u00e4yttelij\u00e4, visailuis\u00e4nt\u00e4, koomikko ja taikuri. H\u00e4net on n\u00e4hty tv:ss\u00e4 lukuisissa viihdeohjelmissa.<\/p>\n<p>Uskoisitko? -ohjelmassa tutustutaan erilaisten uskontojen ja el\u00e4m\u00e4nkatsomusten oppeihin, rituaaleihin ja yhteis\u00f6ihin. Janne Katajan kiinnostus hengellisi\u00e4 asioita ja henkisyytt\u00e4 kohtaan on monelle yll\u00e4tys. Mies on ollut perimm\u00e4isten asioiden \u00e4\u00e4rell\u00e4 my\u00f6s omassa el\u00e4m\u00e4ss\u00e4\u00e4n, sill\u00e4 h\u00e4n sai kolmannen lapsen uuden kumppaninsa kanssa joulukuussa v. 2024.<\/p>\n<p>Kataja erosi <strong>Ulla<\/strong>-vaimostaan v. 2019 ja heill\u00e4 on kaksi yhteist\u00e4 tyt\u00e4rt\u00e4. Miten arki on muuttunut vauvan my\u00f6t\u00e4?<\/p>\n<p>-Totta kai se on muuttunut, kun perheess\u00e4 on uusi j\u00e4sen. Ei ole arjessa ihan omatoiminen, tarvii jeesi\u00e4 arjessa, Kataja paljastaa.<\/p>\n<p>H\u00e4n kertoo uusperheest\u00e4\u00e4n lyhyesti:<\/p>\n<p>-Se on semmoinen sympaattinen.<\/p>\n<p>Katajalla on monta rautaa tulessa. Katajasta on ilmestynyt Janne Sarjan kirjoittama Janne Kataja &#8211; Loppuunmyyty -teos. Kuvat lainattu Katajan Instagram-tililt\u00e4, selaa painamalla nuolta:<\/p>\n<p>Katajan tytt\u00e4ret ovat jo teini-ik\u00e4isi\u00e4, toinen on syntynyt v. 2008 ja toinen v. 2010. Millaista on tulla is\u00e4ksi, kun tytt\u00e4ret ovat jo teini-i\u00e4ss\u00e4 l\u00e4hemp\u00e4n\u00e4 aikuisuutta kuin vauvavuosia?<\/p>\n<p>-Se on ihan upeeta, upeeta. Parasta mit\u00e4 mun el\u00e4m\u00e4ss\u00e4 on ollut on se, kun musta tuli aikoinaan is\u00e4. Se on muokannut mun ajattelua hyv\u00e4\u00e4n suuntaan. Mun tytt\u00e4ret on mielett\u00f6mi\u00e4 kasvattajia ja pit\u00e4\u00e4 huolen, ett\u00e4 pysyn arvovalinnoilla kohtuudessa ja ajassa.<\/p>\n<p>Uuden vauvan is\u00e4n muisti palailee pikkuhiljaa vauva-asioihin.<\/p>\n<p>-On jo v\u00e4h\u00e4n kokeneempi is\u00e4n\u00e4, mutta nyt on taas v\u00e4h\u00e4n opettelua. Muisti palailee p\u00e4tkitt\u00e4in. Nuorempana silloin muuttui moni asia: piti saada uralle tukeva jalusta, piti tehd\u00e4 peruspilarity\u00f6t\u00e4, joka nyt on jo tehty. Se tuo tietynlaista rauhaa ja keskittymiskyky\u00e4, Kataja analysoi.<\/p>\n<p>Lue my\u00f6s: <a href=\"https:\/\/www.suomi24.fi\/viihde\/yksityisyydestaan-tarkka-janne-kataja-yllattaa-avaa-yksityiselamaansa-isosti-italiassa\" rel=\"noopener noreferrer nofollow\" target=\"_blank\">Yksityisyydest\u00e4\u00e4n tarkka Janne Kataja yll\u00e4tt\u00e4\u00e4 &#8211; Avaa yksityisel\u00e4m\u00e4\u00e4ns\u00e4 isosti Italiassa!<\/a><\/p>\n<p>Janne Katajan Uskoisitko? MTV Katsomo.<\/p>\n<p><a href=\"https:\/\/www.telsu.fi\/janne-katajan-uskoisitko?\" rel=\"noopener noreferrer nofollow\" target=\"_blank\">Katso tv-ohjelma-ajat Telsu.fi<\/a><\/p>\n<p>Juttu on julkaistu ekan kerran 21.2.2025.  <\/p>\n","protected":false},"excerpt":{"rendered":"Janne Kataja on kiinnostunut hengellisist\u00e4 asioista ja henkisyydest\u00e4. Kuva Janne Katajan Uskoisitko? -sarjasta. Kuva: MTV3 Janne Kataja on&hellip;\n","protected":false},"author":2,"featured_media":106204,"comment_status":"","ping_status":"","sticky":false,"template":"","format":"standard","meta":{"footnotes":""},"categories":[136],"tags":[407,137,33,31,30,408,32,109],"class_list":{"0":"post-106203","1":"post","2":"type-post","3":"status-publish","4":"format-standard","5":"has-post-thumbnail","7":"category-julkkikset","8":"tag-celebrities","9":"tag-entertainment","10":"tag-fi","11":"tag-finland","12":"tag-finnish","13":"tag-julkkikset","14":"tag-suomi","15":"tag-viihde"},"share_on_mastodon":{"url":"https:\/\/pubeurope.com\/@fi\/115653201480166711","error":""},"_links":{"self":[{"href":"https:\/\/www.europesays.com\/fi\/wp-json\/wp\/v2\/posts\/106203","targetHints":{"allow":["GET"]}}],"collection":[{"href":"https:\/\/www.europesays.com\/fi\/wp-json\/wp\/v2\/posts"}],"about":[{"href":"https:\/\/www.europesays.com\/fi\/wp-json\/wp\/v2\/types\/post"}],"author":[{"embeddable":true,"href":"https:\/\/www.europesays.com\/fi\/wp-json\/wp\/v2\/users\/2"}],"replies":[{"embeddable":true,"href":"https:\/\/www.europesays.com\/fi\/wp-json\/wp\/v2\/comments?post=106203"}],"version-history":[{"count":0,"href":"https:\/\/www.europesays.com\/fi\/wp-json\/wp\/v2\/posts\/106203\/revisions"}],"wp:featuredmedia":[{"embeddable":true,"href":"https:\/\/www.europesays.com\/fi\/wp-json\/wp\/v2\/media\/106204"}],"wp:attachment":[{"href":"https:\/\/www.europesays.com\/fi\/wp-json\/wp\/v2\/media?parent=106203"}],"wp:term":[{"taxonomy":"category","embeddable":true,"href":"https:\/\/www.europesays.com\/fi\/wp-json\/wp\/v2\/categories?post=106203"},{"taxonomy":"post_tag","embeddable":true,"href":"https:\/\/www.europesays.com\/fi\/wp-json\/wp\/v2\/tags?post=106203"}],"curies":[{"name":"wp","href":"https:\/\/api.w.org\/{rel}","templated":true}]}}