{"id":106207,"date":"2025-12-03T02:16:16","date_gmt":"2025-12-03T02:16:16","guid":{"rendered":"https:\/\/www.europesays.com\/fi\/106207\/"},"modified":"2025-12-03T02:16:16","modified_gmt":"2025-12-03T02:16:16","slug":"miss-suomi-sarah-dzafcea-revitaan-kappaleiksi-some-raivostui-rasistiseksi-vaitetysta-eleesta","status":"publish","type":"post","link":"https:\/\/www.europesays.com\/fi\/106207\/","title":{"rendered":"Miss Suomi Sarah Dzafcea revit\u00e4\u00e4n kappaleiksi \u2013 some raivostui rasistiseksi v\u00e4itetyst\u00e4 eleest\u00e4"},"content":{"rendered":"<p>Kuluvan vuoden marraskuussa kruunattiin tuorein Miss Universum Thaimaassa 21. p\u00e4iv\u00e4 j\u00e4rjestetyiss\u00e4 kilpailuissa. Kaunotarmittel\u00f6n voittajaksi valittiin t\u00e4n\u00e4 vuonna Meksikon <strong>F\u00e1tima Bosch<\/strong>.<\/p>\n<p>Suomea kisoissa edusti Miss Suomi <strong>Sarah Dzafce<\/strong>, mutta h\u00e4n ei t\u00e4ll\u00e4 kertaa sijoittunut.<\/p>\n<p>Kisoihin liittyi lukuisia kohuja, muun muassa voittaja Boschin ja thaimaalaisen missiorganisaation j\u00e4rjest\u00e4j\u00e4n v\u00e4linen sanaharkka, yhden tuomarin irtisanoutuminen ja kovat syyt\u00f6kset organiaatiota kohtaan aivan kilpailun alkumetreill\u00e4 sek\u00e4 Miss Jamaikan p\u00e4\u00e4tyminen sairaalaan t\u00e4m\u00e4n pudottua lavalta kesken kilpailun.<\/p>\n<p>Lue my\u00f6s: <a href=\"https:\/\/www.voice.fi\/viihde\/no-onpa-pituusero-miss-suomen-ja-miss-kroatian-yhteiskuva-ihastuttaa-ja-hammentaa-somessa\" title=\"\u201dNo onpa pituusero\u201d \u2013 Miss Suomen ja Miss Kroatian yhteiskuva ihastuttaa ja h\u00e4mment\u00e4\u00e4 somessa\" class=\"underline-custom !font-montserrat !font-bold !underline-offset-4 !decoration-4 !decoration-tilt-light !text-md\" rel=\"nofollow noopener\" target=\"_blank\">\u201dNo onpa pituusero\u201d \u2013 Miss Suomen ja Miss Kroatian yhteiskuva ihastuttaa ja h\u00e4mment\u00e4\u00e4 somessa<\/a><\/p>\n<p>Lue my\u00f6s: <a href=\"https:\/\/www.voice.fi\/hyvinvointi\/a-85696\" title=\"Suomalainen fitness-t\u00e4hti lajin karusta arjesta: Banaanikielto ja riisi\u00e4 rintaliiveiss\u00e4\" class=\"underline-custom !font-montserrat !font-bold !underline-offset-4 !decoration-4 !decoration-tilt-light !text-md\" rel=\"nofollow noopener\" target=\"_blank\">Suomalainen fitness-t\u00e4hti lajin karusta arjesta: Banaanikielto ja riisi\u00e4 rintaliiveiss\u00e4<\/a><\/p>\n<p>My\u00f6s rasismi on kuohuttanut tunteita vuoden 1996 voittaja <strong>Alicia Machadon<\/strong> solvattua kilpailun toimitusjohtajaa, thaimaalaista <strong>Nawat Itsaragrisilia<\/strong> \u201cvinosilm\u00e4ksi\u201d ja \u201chalveksittavaksi kiinalaiseksi\u201d venytt\u00e4en samalla silmi\u00e4\u00e4n sivuille.<\/p>\n<p>Eik\u00e4 t\u00e4m\u00e4 ole ainoa rasismikohu, vaan nyt myrskyn silm\u00e4ss\u00e4 on Suomen edustaja Dzafce.<\/p>\n<p>Sosiaalisessa mediassa l\u00e4hti sunnuntaina 30. marraskuuta levi\u00e4m\u00e4\u00e4n kuva, jossa Dzafce istuu ravintolassa ja venytt\u00e4\u00e4 silmi\u00e4\u00e4n samalla tavalla kuin Machadon. Kuvassa lukee \u201ckiinalaisen kaa sy\u00f6m\u00e4s.\u201d<\/p>\n<p>Lue my\u00f6s: <a href=\"https:\/\/www.voice.fi\/ilmiot\/a-237080\" title=\"Nuorten nettikiusaaminen r\u00e4j\u00e4hti k\u00e4siin \u2013 yksi somealusta p\u00e4\u00e4n\u00e4ytt\u00e4m\u00f6n\u00e4\" class=\"underline-custom !font-montserrat !font-bold !underline-offset-4 !decoration-4 !decoration-tilt-light !text-md\" rel=\"nofollow noopener\" target=\"_blank\">Nuorten nettikiusaaminen r\u00e4j\u00e4hti k\u00e4siin \u2013 yksi somealusta p\u00e4\u00e4n\u00e4ytt\u00e4m\u00f6n\u00e4<\/a><\/p>\n<p>Lue my\u00f6s: <a href=\"https:\/\/www.voice.fi\/ilmiot\/a-234808\" title=\"IS: Poliisi alkoi selvitt\u00e4\u00e4 Lucia-neidon saamien rasististen vihaviestien vy\u00f6ry\u00e4\" class=\"underline-custom !font-montserrat !font-bold !underline-offset-4 !decoration-4 !decoration-tilt-light !text-md\" rel=\"nofollow noopener\" target=\"_blank\">IS: Poliisi alkoi selvitt\u00e4\u00e4 Lucia-neidon saamien rasististen vihaviestien vy\u00f6ry\u00e4<\/a><\/p>\n<p>Kuva on her\u00e4tt\u00e4nyt runsaasti tuohtumusta.<\/p>\n<p>\u2013 Hei apua!!! Nyt on kyll\u00e4 todella noloa.<\/p>\n<p>\u2013 T\u00e4\u00e4 ei oo en\u00e4\u00e4 vaan noloa vaan t\u00e4\u00e4 on rasismia!<\/p>\n<p>\u2013 Miten voi olla noin ajattelematon ja lapsellinen, huhhuh.<\/p>\n<p>Dzafce selitt\u00e4\u00e4 tilannetta <a href=\"https:\/\/www.is.fi\/viihde\/art-2000011662100.html\" target=\"_blank\" rel=\"noreferrer noopener nofollow\">Ilta-Sanomien<\/a> artikkelissa.<\/p>\n<p>H\u00e4n sanoo kuvan olevan t\u00e4ysin asiayhteydest\u00e4\u00e4n irrotettu, jonka takia siit\u00e4 on vedetty v\u00e4\u00e4ri\u00e4 johtop\u00e4\u00e4t\u00f6ksi\u00e4.<\/p>\n<p>\u2013 Olin yst\u00e4v\u00e4ni kanssa ravintolassa sy\u00f6m\u00e4ss\u00e4, ja mulla oli silloin voimakas p\u00e4\u00e4ns\u00e4rky ja kipua silmiss\u00e4. Nojasin p\u00f6yt\u00e4\u00e4n, hieroin ohimoita ja venytin silmi\u00e4, koska se helpotti painetta. Yst\u00e4v\u00e4 koki sen tilanteen hassuna ilmeen\u00e4 ja sanoi, ett\u00e4 \u201dhei, anna m\u00e4 otan kuvan\u201d. Hymyilin kameraan ja h\u00e4n kirjoitti siihen oman tekstins\u00e4. Se teksti ei ole minun kirjoittama, eik\u00e4 liity mill\u00e4\u00e4n tavalla mun tarkoitukseen.<\/p>\n<p>Dzafcen mukaan kuvan ei my\u00f6sk\u00e4\u00e4n pit\u00e4nyt koskaan p\u00e4\u00e4ty\u00e4 laajempaan levitykseen, vaan se oli tarkoitettu jaettavaksi ainoastaan l\u00e4heisten kavereiden kesken.<\/p>\n<p>Dzafce kertoo kokeneensa itse taustansa vuoksi paljon syrjint\u00e4\u00e4 ja sanoo, ettei ikin\u00e4 tekisi samaa muille. H\u00e4n painottaa, ettei hyv\u00e4ksy mink\u00e4\u00e4nlaista rasismia edes vitsin muodossa.<\/p>\n<p>Dzafcen is\u00e4 on kosovolainen ja \u00e4iti suomalainen.<\/p>\n","protected":false},"excerpt":{"rendered":"Kuluvan vuoden marraskuussa kruunattiin tuorein Miss Universum Thaimaassa 21. p\u00e4iv\u00e4 j\u00e4rjestetyiss\u00e4 kilpailuissa. Kaunotarmittel\u00f6n voittajaksi valittiin t\u00e4n\u00e4 vuonna Meksikon&hellip;\n","protected":false},"author":2,"featured_media":106208,"comment_status":"","ping_status":"","sticky":false,"template":"","format":"standard","meta":{"footnotes":""},"categories":[130],"tags":[137,33,31,30,3458,20001,32,109],"class_list":{"0":"post-106207","1":"post","2":"type-post","3":"status-publish","4":"format-standard","5":"has-post-thumbnail","7":"category-viihde","8":"tag-entertainment","9":"tag-fi","10":"tag-finland","11":"tag-finnish","12":"tag-miss-suomi","13":"tag-rasismikohu","14":"tag-suomi","15":"tag-viihde"},"share_on_mastodon":{"url":"https:\/\/pubeurope.com\/@fi\/115653232732993278","error":""},"_links":{"self":[{"href":"https:\/\/www.europesays.com\/fi\/wp-json\/wp\/v2\/posts\/106207","targetHints":{"allow":["GET"]}}],"collection":[{"href":"https:\/\/www.europesays.com\/fi\/wp-json\/wp\/v2\/posts"}],"about":[{"href":"https:\/\/www.europesays.com\/fi\/wp-json\/wp\/v2\/types\/post"}],"author":[{"embeddable":true,"href":"https:\/\/www.europesays.com\/fi\/wp-json\/wp\/v2\/users\/2"}],"replies":[{"embeddable":true,"href":"https:\/\/www.europesays.com\/fi\/wp-json\/wp\/v2\/comments?post=106207"}],"version-history":[{"count":0,"href":"https:\/\/www.europesays.com\/fi\/wp-json\/wp\/v2\/posts\/106207\/revisions"}],"wp:featuredmedia":[{"embeddable":true,"href":"https:\/\/www.europesays.com\/fi\/wp-json\/wp\/v2\/media\/106208"}],"wp:attachment":[{"href":"https:\/\/www.europesays.com\/fi\/wp-json\/wp\/v2\/media?parent=106207"}],"wp:term":[{"taxonomy":"category","embeddable":true,"href":"https:\/\/www.europesays.com\/fi\/wp-json\/wp\/v2\/categories?post=106207"},{"taxonomy":"post_tag","embeddable":true,"href":"https:\/\/www.europesays.com\/fi\/wp-json\/wp\/v2\/tags?post=106207"}],"curies":[{"name":"wp","href":"https:\/\/api.w.org\/{rel}","templated":true}]}}