{"id":106209,"date":"2025-12-03T02:20:15","date_gmt":"2025-12-03T02:20:15","guid":{"rendered":"https:\/\/www.europesays.com\/fi\/106209\/"},"modified":"2025-12-03T02:20:15","modified_gmt":"2025-12-03T02:20:15","slug":"nyt-tulee-kova-isku-venajan-talouteen-uusi-kielto-valmistumassa","status":"publish","type":"post","link":"https:\/\/www.europesays.com\/fi\/106209\/","title":{"rendered":"Nyt tulee kova isku Ven\u00e4j\u00e4n talouteen \u2013 Uusi kielto valmistumassa"},"content":{"rendered":"<p>Neuvottelut kiellon lopullisesta muodosta saattavat veny\u00e4 y\u00f6my\u00f6h\u00e4\u00e4n. <\/p>\n<p><img decoding=\"async\" class=\"image image-show image-preview\" src=\"https:\/\/www.europesays.com\/fi\/wp-content\/uploads\/2025\/12\/b2380bdc8e45f2164bfb136ad622077342dd163632b92164e2bdc68fa0e49ed9.jpg\" alt=\"\"\/><img decoding=\"async\" class=\"image image-show\" src=\"https:\/\/www.europesays.com\/fi\/wp-content\/uploads\/2025\/12\/1764728415_238_b2380bdc8e45f2164bfb136ad622077342dd163632b92164e2bdc68fa0e49ed9.jpg\" alt=\"\"\/><\/p>\n<p>Europarlamentaarikko Ville Niinist\u00f6 toimii parlamentin puolelta lakiesityksen toisena p\u00e4\u00e4neuvottelijana.  Pete Anikari<\/p>\n<p class=\"paragraph\">Euroopan unionin valmistelema ven\u00e4l\u00e4isen kaasun tuontikielto l\u00e4hestyy maaliviivaa.<\/p>\n<p class=\"paragraph\">Tiistai-iltana alkavat viimeiset neuvottelut j\u00e4senmaiden ministerineuvoston, Euroopan parlamentin ja komission v\u00e4lill\u00e4.<\/p>\n<p class=\"paragraph\">Todenn\u00e4k\u00f6isimmin y\u00f6my\u00f6h\u00e4\u00e4n venyviss\u00e4 neuvotteluissa on tarkoitus saada aikaan kompromissi siit\u00e4, mill\u00e4 ehdoin ven\u00e4l\u00e4isen kaasun tuonti EU-alueelle kiellett\u00e4isiin kokonaan.<\/p>\n<p class=\"paragraph\">Asetusesityksen toisena p\u00e4\u00e4neuvottelijana toimiva europarlamentaarikko <strong>Ville Niinist\u00f6<\/strong> (vihr) kertoo Iltalehdelle, ett\u00e4 kompromissin on oltava komission esityst\u00e4 tiukempi.<\/p>\n<p class=\"paragraph\">Komission esityksess\u00e4 ven\u00e4l\u00e4isen putkikaasun ja nestem\u00e4isen kaasun tuonti pit\u00e4isi lopettaa vuoden 2027 lopussa. Parlamentti haluaa eroon pitkiin kaasusopimuksiin annetuista joustoista ja kielt\u00e4\u00e4 LNG:n ja putkikaasun jo vuoden 2027 alussa.<\/p>\n<p class=\"paragraph\">Lyhytaikaisten spot-sopimusten kielto halutaan voimaan jo vuoden 2025 loppuun menness\u00e4.<\/p>\n<p class=\"paragraph\">Parlamentti on halunnut sis\u00e4llytt\u00e4\u00e4 esitykseen my\u00f6s ven\u00e4l\u00e4isen \u00f6ljyn tuontikiellon, mutta t\u00e4st\u00e4 pit\u00e4\u00e4 viel\u00e4 p\u00e4\u00e4st\u00e4 sopuun neuvoston ja komission kanssa.<\/p>\n<p class=\"paragraph\">J\u00e4senmaiden ministereist\u00e4 koostuvan neuvoston kannassa ven\u00e4l\u00e4isen kaasun tuonti kiellett\u00e4isiin 1. tammikuuta 2026 alkaen. Voimassa oleville sopimuksille sis\u00e4llytet\u00e4\u00e4n siirtym\u00e4aika, jonka mukaan ennen kes\u00e4kuuta tehtyjen lyhytaikaisten sopimusten voimassaolo voi jatkua kes\u00e4kuuhun 2026 asti. Pitk\u00e4aikaiset kaasusopimukset voisivat neuvoston mielest\u00e4 olla voimassa 1. tammikuuta 2028 asti.<\/p>\n<p class=\"paragraph\">EU-laeille tyypilliseen tapaan lain lopullinen muoto p\u00e4\u00e4tet\u00e4\u00e4n sovittelemalla yhteen parlamentin ja neuvoston kantoja. Viimeiset \u00e4\u00e4nestykset j\u00e4rjestet\u00e4\u00e4n joulukuun puoliv\u00e4liss\u00e4.<\/p>\n<p>Kovat keinot viranomaisille<\/p>\n<p class=\"paragraph\">Niinist\u00f6n mukaan neuvotteluihin vaikuttaa se, ett\u00e4 EU on saanut voimaan Ven\u00e4j\u00e4n nesteytetyn maakaasun kielt\u00e4v\u00e4t pakotteet. Niiden mukaan ven\u00e4l\u00e4isen LNG:n tuonti kiellet\u00e4\u00e4n 2027 alusta alkaen.<\/p>\n<p class=\"paragraph\">\u2013 Saamme todenn\u00e4k\u00f6isesti vastaavan tyyppisen aikaistetun kiellon pysyv\u00e4n lains\u00e4\u00e4d\u00e4nn\u00f6n osalta. Eli nesteytetyn maakaasun osalta siirtym\u00e4aikaa saadaan lyhennetty\u00e4, h\u00e4n kuvailee neuvottelutilannetta.<\/p>\n<p class=\"paragraph\">Vaikka pakotteetkin rajoittavat nesteytetyn kaasun tuontia, asian kirjaamisella pysyv\u00e4\u00e4n lains\u00e4\u00e4d\u00e4nt\u00f6\u00f6n on Niinist\u00f6n mielest\u00e4 selkeit\u00e4 hy\u00f6tyj\u00e4.<\/p>\n<p class=\"paragraph\">\u2013 Pysyv\u00e4ss\u00e4 lains\u00e4\u00e4d\u00e4nn\u00f6ss\u00e4 on tiukemmat mekanismit tullilla ja viranomaisilla puuttua siihen [tuontiin].<\/p>\n<p>Tiukka neuvottelu<\/p>\n<p class=\"paragraph\">Putkikaasun suhteen j\u00e4senmaiden kanta on Niinist\u00f6n mukaan ollut huomattavan nihke\u00e4 kompromisseille. Esimerkiksi Unkari, Slovakia ja muutama muu it\u00e4isen Keski-Euroopan maa k\u00e4ytt\u00e4v\u00e4t viel\u00e4 ven\u00e4l\u00e4ist\u00e4 putkikaasua.<\/p>\n<p class=\"paragraph\">\u2013 Olen optimistinen, ett\u00e4 siin\u00e4kin saataisiin aikataulua jonkin verran kiristetty\u00e4. Ainakin parlamentin ehdoton kanta on ollut se, ett\u00e4 sen pit\u00e4\u00e4 onnistua, jotta sopu voidaan saada, Niinist\u00f6 kuvailee putkikaasukompromissia.<\/p>\n<p class=\"paragraph\">Parlamentti on halunnut tukkia komission esityksess\u00e4 olleita porsaanreiki\u00e4, joilla mahdollistettaisiin kaasun tuonti tietyiss\u00e4 poikkeustilanteissa. My\u00f6s rangaistusmenettely\u00e4 kaasun tuontia kiellosta huolimatta jatkaville yrityksille on esitetty parlamentin taholta.<\/p>\n<p class=\"paragraph\">Niinist\u00f6 on optimistinen, ett\u00e4 molemmat tavoitteet saadaan l\u00e4pi lain lopulliseen muotoon.<\/p>\n<p class=\"paragraph\">\u2013 Jos n\u00e4m\u00e4 kaikki etenev\u00e4t siihen suuntaan, mit\u00e4 parlamentti haluaa, uskon, ett\u00e4 voimme saada neuvottelutuloksen t\u00e4n\u00e4\u00e4n valmiiksi. Se tarkoittaa, ett\u00e4 t\u00e4m\u00e4 on huomattavan vahva v\u00e4line Ven\u00e4j\u00e4n fossiilienergian viennin rajoittamiseen ja siihen, ett\u00e4 EU p\u00e4\u00e4see irti Ven\u00e4j\u00e4n fossiiliriippuvuudesta.<\/p>\n<p class=\"paragraph\">Niinist\u00f6n mielest\u00e4 tarpeeksi tiukka laki varmistaisi, ettei riippuvuus ven\u00e4l\u00e4isest\u00e4 energiasta palaa, vaikka sota Ukrainassa p\u00e4\u00e4ttyisikin. H\u00e4n huomauttaa, ett\u00e4 Ven\u00e4j\u00e4 k\u00e4ytt\u00e4\u00e4 energiakauppaa kiristyksen v\u00e4lineen\u00e4 eik\u00e4 ole luotettava kauppakumppani.<\/p>\n","protected":false},"excerpt":{"rendered":"Neuvottelut kiellon lopullisesta muodosta saattavat veny\u00e4 y\u00f6my\u00f6h\u00e4\u00e4n. Europarlamentaarikko Ville Niinist\u00f6 toimii parlamentin puolelta lakiesityksen toisena p\u00e4\u00e4neuvottelijana. Pete Anikari&hellip;\n","protected":false},"author":2,"featured_media":106210,"comment_status":"","ping_status":"","sticky":false,"template":"","format":"standard","meta":{"footnotes":""},"categories":[14],"tags":[35,22,23,26,27,33,31,30,17,70,5679,24,25,28,29,15,18,21,142,637,32,19,20,56,4385,16,59,60,61],"class_list":{"0":"post-106209","1":"post","2":"type-post","3":"status-publish","4":"format-standard","5":"has-post-thumbnail","7":"category-ulkomaat","8":"tag-24h","9":"tag-breaking-news","10":"tag-breakingnews","11":"tag-featured-news","12":"tag-featurednews","13":"tag-fi","14":"tag-finland","15":"tag-finnish","16":"tag-headlines","17":"tag-kansainvalinen-politiikka","18":"tag-kansainvaliset-organisaatiot-ja-sopimukset","19":"tag-latest-news","20":"tag-latestnews","21":"tag-main-news","22":"tag-mainnews","23":"tag-news","24":"tag-otsikot","25":"tag-paauutiset","26":"tag-poliitikot","27":"tag-politiikka","28":"tag-suomi","29":"tag-top-stories","30":"tag-topstories","31":"tag-ulkomaat","32":"tag-ulkopolitiikka-ja-kansainvalinen-politiikka","33":"tag-uutiset","34":"tag-world","35":"tag-world-news","36":"tag-worldnews"},"share_on_mastodon":{"url":"https:\/\/pubeurope.com\/@fi\/115653248742359894","error":""},"_links":{"self":[{"href":"https:\/\/www.europesays.com\/fi\/wp-json\/wp\/v2\/posts\/106209","targetHints":{"allow":["GET"]}}],"collection":[{"href":"https:\/\/www.europesays.com\/fi\/wp-json\/wp\/v2\/posts"}],"about":[{"href":"https:\/\/www.europesays.com\/fi\/wp-json\/wp\/v2\/types\/post"}],"author":[{"embeddable":true,"href":"https:\/\/www.europesays.com\/fi\/wp-json\/wp\/v2\/users\/2"}],"replies":[{"embeddable":true,"href":"https:\/\/www.europesays.com\/fi\/wp-json\/wp\/v2\/comments?post=106209"}],"version-history":[{"count":0,"href":"https:\/\/www.europesays.com\/fi\/wp-json\/wp\/v2\/posts\/106209\/revisions"}],"wp:featuredmedia":[{"embeddable":true,"href":"https:\/\/www.europesays.com\/fi\/wp-json\/wp\/v2\/media\/106210"}],"wp:attachment":[{"href":"https:\/\/www.europesays.com\/fi\/wp-json\/wp\/v2\/media?parent=106209"}],"wp:term":[{"taxonomy":"category","embeddable":true,"href":"https:\/\/www.europesays.com\/fi\/wp-json\/wp\/v2\/categories?post=106209"},{"taxonomy":"post_tag","embeddable":true,"href":"https:\/\/www.europesays.com\/fi\/wp-json\/wp\/v2\/tags?post=106209"}],"curies":[{"name":"wp","href":"https:\/\/api.w.org\/{rel}","templated":true}]}}