{"id":106211,"date":"2025-12-03T02:21:16","date_gmt":"2025-12-03T02:21:16","guid":{"rendered":"https:\/\/www.europesays.com\/fi\/106211\/"},"modified":"2025-12-03T02:21:16","modified_gmt":"2025-12-03T02:21:16","slug":"hallitus-sai-kovaa-runtua-koulutuskorvauksen-poistosta-keskustan-oinas-panuma-sai-kehut-sak-konkariltakin","status":"publish","type":"post","link":"https:\/\/www.europesays.com\/fi\/106211\/","title":{"rendered":"Hallitus sai kovaa runtua koulutuskorvauksen poistosta \u2013 keskustan Oinas-Panuma sai kehut SAK-konkariltakin"},"content":{"rendered":"<p>\t\t\t\t\t\t\t\t\tEduskunta <\/p>\n<p>Oppositiolta ei l\u00f6ytynyt ymm\u00e4rryst\u00e4 koulutuskorvauksen poistolle asian palautekeskustelussa eduskunnan tiistain istunnossa.<\/p>\n<p>Keskustan <strong>Olga Oinas-Panuma<\/strong> piti esityst\u00e4 mainiona esimerkkin\u00e4 siit\u00e4, millaisia arvovalintoja Orpon hallitus tekee.<\/p>\n<p>\u2013 T\u00e4m\u00e4 on s\u00e4\u00e4st\u00f6laki koulutuksesta, t\u00e4m\u00e4 on s\u00e4\u00e4st\u00f6laki hyvinvointialueille ja kunnille. Ensin l\u00e4hti aikuiskoulutustuki, tuli ammattikoululeikkaukset, sitten l\u00e4hti koulutusv\u00e4hennys, ja nyt l\u00e4htee t\u00e4m\u00e4.<\/p>\n<p>Keskustaedustaja ihmetteli hallituksen asennetta asiassa.<\/p>\n<p>\u2013 Kyll\u00e4 minua h\u00e4mm\u00e4stytt\u00e4\u00e4, mik\u00e4 t\u00e4lle hallitukselle siin\u00e4 uudelleenkouluttautumisessa on niin kertakaikkisen vastenmielist\u00e4, ett\u00e4 sit\u00e4 pit\u00e4\u00e4 koko aika sorkkia ja ronkkia ja v\u00e4hent\u00e4\u00e4, h\u00e4n paahtoi.<\/p>\n<p>Oinas-Panuman mukaan kyse on suorasta leikkauksesta kunnille ja hyvinvointialueille eli k\u00e4yt\u00e4nn\u00f6ss\u00e4 esimerkiksi opettajien, sairaanhoitajien, l\u00e4hihoitajien, palomiesten uudelleen- ja t\u00e4ydennyskouluttautumiseen.<\/p>\n<p>\u2013 Ja on t\u00e4ysin huruilua v\u00e4itt\u00e4\u00e4, ett\u00e4 t\u00e4m\u00e4 laki ei muuttaisi tai v\u00e4hent\u00e4isi t\u00e4t\u00e4 kouluttautumista. Se tulee v\u00e4hent\u00e4m\u00e4\u00e4n sit\u00e4, ja se meille on my\u00f6s asiantuntijalausunnoissa sanottu.<\/p>\n<p>Oinas-Panuma huomautti, ett\u00e4 esimerkiksi teknologia lis\u00e4\u00e4ntyy jatkuvasti.<\/p>\n<p>\u2013 Se vaatii jatkuvasti uutta t\u00e4ydennyskouluttautumista ja osaamisen lis\u00e4\u00e4mist\u00e4, mutta sit\u00e4 t\u00e4m\u00e4 hallitus ei halua helpottaa.<\/p>\n<p>Oinas-Panuman mukaan esitys kohdistuu aikuiskoulutustuen tavoin naisvaltaisille aloille. Se on h\u00e4nen mukaansa surullista, koska kyse on j\u00e4lleen leikkauksesta samoille ammattiryhmille leikkaus. <\/p>\n<p>\u2013 T\u00e4t\u00e4 esityst\u00e4h\u00e4n vastustivat muun muassa kunnat, hyvinvointialueet, monet j\u00e4rjest\u00f6t, ammattiyhdistysliike.<\/p>\n<p>Keskustaedustaja n\u00e4ki, ett\u00e4 s\u00e4\u00e4st\u00f6ll\u00e4 on surkeat vaikutukset tulevaisuuteen.<\/p>\n<p>\u2013 T\u00e4st\u00e4 ei ole mit\u00e4\u00e4n iloa, h\u00e4n valitteli.<\/p>\n<p>Ty\u00f6el\u00e4m\u00e4- ja tasa-arvovaliokunnan puheenjohtaja <strong>Arto Satonen<\/strong> (kok.) totesi, ett\u00e4 koulutuskorvausta on k\u00e4ytetty pitk\u00e4lti sellaiseen koulutukseen, joka olisi muutenkin toteutettu. Siksi kyseess\u00e4 on h\u00e4nen mukaansa perusteltu julkisen sektorin s\u00e4\u00e4st\u00f6toimi.<\/p>\n<p>Satosen mukaan koulutuskorvauksen lakkauttaminen ei my\u00f6sk\u00e4\u00e4n muuta esimerkiksi hyvinvointialueiden velvollisuutta seurata ja huolehtia sosiaali- ja terveydenhuollon henkil\u00f6st\u00f6n t\u00e4ydennyskoulutuksesta.<\/p>\n<p>\u2013 Eli siis n\u00e4m\u00e4 lakis\u00e4\u00e4teiset t\u00e4ydennyskoulutukset tulee toteuttaa.<\/p>\n<p><img loading=\"lazy\" decoding=\"async\" width=\"1024\" height=\"683\" src=\"https:\/\/www.europesays.com\/fi\/wp-content\/uploads\/2025\/12\/53664333529_62d329ceb4_3k-1024x683.jpg\" alt=\"\" class=\"wp-image-1646057\"  \/>SAK:n Lauri Lyly kiitteli opposition yhten\u00e4isyytt\u00e4 asiassa.  (Hanne Salonen\/Eduskunta)<\/p>\n<p>Keskustan <strong>Vesa Kallio <\/strong>arvioi, ett\u00e4 hallituksen s\u00e4\u00e4st\u00f6linja tulee n\u00e4kym\u00e4\u00e4n osaamisvajeen nopeana kasvuna ty\u00f6paikoilla.<\/p>\n<p>\u2013 Asiantuntijakuulemisissa tuotiin esiin yksimielisesti, ett\u00e4 koulutuskorvauksen poisto tulee heikent\u00e4m\u00e4\u00e4n ty\u00f6nantajien j\u00e4rjest\u00e4m\u00e4\u00e4 koulutusta.<\/p>\n<p>Kallion mukaan koulutuskorvauksen 12 miljoonan poistolla tulee olemaan heikent\u00e4v\u00e4t vaikutukset ty\u00f6nantajien j\u00e4rjest\u00e4miin lis\u00e4- ja t\u00e4ydennyskoulutuksiin, joita tarvitaan esimerkiksi sote-alalla terveysteknologian lis\u00e4\u00e4ntyv\u00e4n k\u00e4yt\u00f6n my\u00f6t\u00e4.<\/p>\n<p>Entinen SAK:n puheenjohtaja <strong>Lauri Lyly <\/strong>sanoi olleensa aikanaan sopimassa koulutuskorvauksesta raamisopimuksessa.<\/p>\n<p>\u2013 Ajatus oli koko ajan siell\u00e4, ett\u00e4 suunnitelmallista koulutusta ty\u00f6paikoilla tuetaan ja ajetaan semmoista pitk\u00e4j\u00e4nteisyytt\u00e4 n\u00e4ill\u00e4 toimilla. Siihen t\u00e4ss\u00e4 on t\u00e4hd\u00e4tty.<\/p>\n<p>Lyly sanoi olevansa samaa mielt\u00e4 hallituksen esityksen seuraamuksista kuin Oinas-Panuma, joka demariedustajan mielest\u00e4 toi tilanteen esiin hyvin. Ty\u00f6markkinakonkari oli hyvill\u00e4\u00e4n siit\u00e4kin, ett\u00e4 koko oppositio on asiassa yhten\u00e4inen.<\/p>\n<p>\u2013 Me kaikki \u2014 keskusta ja sosiaalidemokraatit ja vihre\u00e4t ja vasemmistoliitto \u2014 ollaan t\u00e4t\u00e4 mielt\u00e4, ett\u00e4 nyt tehd\u00e4\u00e4n v\u00e4\u00e4r\u00e4\u00e4 politiikkaa, Lyly totesi.<\/p>\n","protected":false},"excerpt":{"rendered":"Eduskunta Oppositiolta ei l\u00f6ytynyt ymm\u00e4rryst\u00e4 koulutuskorvauksen poistolle asian palautekeskustelussa eduskunnan tiistain istunnossa. Keskustan Olga Oinas-Panuma piti esityst\u00e4 mainiona&hellip;\n","protected":false},"author":2,"featured_media":106212,"comment_status":"","ping_status":"","sticky":false,"template":"","format":"standard","meta":{"footnotes":""},"categories":[12],"tags":[22,23,26,27,33,31,30,17,24,25,28,29,15,18,21,32,19,20,16],"class_list":{"0":"post-106211","1":"post","2":"type-post","3":"status-publish","4":"format-standard","5":"has-post-thumbnail","7":"category-suomi","8":"tag-breaking-news","9":"tag-breakingnews","10":"tag-featured-news","11":"tag-featurednews","12":"tag-fi","13":"tag-finland","14":"tag-finnish","15":"tag-headlines","16":"tag-latest-news","17":"tag-latestnews","18":"tag-main-news","19":"tag-mainnews","20":"tag-news","21":"tag-otsikot","22":"tag-paauutiset","23":"tag-suomi","24":"tag-top-stories","25":"tag-topstories","26":"tag-uutiset"},"share_on_mastodon":{"url":"https:\/\/pubeurope.com\/@fi\/115653252526270808","error":""},"_links":{"self":[{"href":"https:\/\/www.europesays.com\/fi\/wp-json\/wp\/v2\/posts\/106211","targetHints":{"allow":["GET"]}}],"collection":[{"href":"https:\/\/www.europesays.com\/fi\/wp-json\/wp\/v2\/posts"}],"about":[{"href":"https:\/\/www.europesays.com\/fi\/wp-json\/wp\/v2\/types\/post"}],"author":[{"embeddable":true,"href":"https:\/\/www.europesays.com\/fi\/wp-json\/wp\/v2\/users\/2"}],"replies":[{"embeddable":true,"href":"https:\/\/www.europesays.com\/fi\/wp-json\/wp\/v2\/comments?post=106211"}],"version-history":[{"count":0,"href":"https:\/\/www.europesays.com\/fi\/wp-json\/wp\/v2\/posts\/106211\/revisions"}],"wp:featuredmedia":[{"embeddable":true,"href":"https:\/\/www.europesays.com\/fi\/wp-json\/wp\/v2\/media\/106212"}],"wp:attachment":[{"href":"https:\/\/www.europesays.com\/fi\/wp-json\/wp\/v2\/media?parent=106211"}],"wp:term":[{"taxonomy":"category","embeddable":true,"href":"https:\/\/www.europesays.com\/fi\/wp-json\/wp\/v2\/categories?post=106211"},{"taxonomy":"post_tag","embeddable":true,"href":"https:\/\/www.europesays.com\/fi\/wp-json\/wp\/v2\/tags?post=106211"}],"curies":[{"name":"wp","href":"https:\/\/api.w.org\/{rel}","templated":true}]}}