{"id":106213,"date":"2025-12-03T02:22:14","date_gmt":"2025-12-03T02:22:14","guid":{"rendered":"https:\/\/www.europesays.com\/fi\/106213\/"},"modified":"2025-12-03T02:22:14","modified_gmt":"2025-12-03T02:22:14","slug":"selvitys-pateva-henkilosto-hakeutuu-hyvaosaisten-alueiden-paivakoteihin-poikkeuksiakin-on-paikalliset","status":"publish","type":"post","link":"https:\/\/www.europesays.com\/fi\/106213\/","title":{"rendered":"Selvitys | P\u00e4tev\u00e4 henkil\u00f6st\u00f6 hakeutuu hyv\u00e4osaisten alueiden p\u00e4iv\u00e4koteihin \u2013 poikkeuksiakin on | Paikalliset"},"content":{"rendered":"<p>Tuore selvitys osoittaa, ett\u00e4 sosioekonomisesti huonompiosaisilla alueilla kelpoisuusehdot t\u00e4ytt\u00e4vien opettajien osuus on keskim\u00e4\u00e4rin pienempi kuin hyv\u00e4osaisilla alueilla.<\/p>\n<p>\u2013 T\u00e4m\u00e4 tarkoittaa sit\u00e4, ett\u00e4 p\u00e4\u00e4kaupunkiseudun kelpoisuusehdot t\u00e4ytt\u00e4v\u00e4 varhaiskasvatuksen henkil\u00f6kunta, erityisesti opettajat, keskittyv\u00e4t alueille, jossa asuvat keskim\u00e4\u00e4rin enemm\u00e4n koulutetut ja hyv\u00e4tuloisemmat kaupunkilaiset, kertoo Helsingin yliopiston kasvatustieteen professori<strong> Mirjam Kalland <\/strong>tiedotteessa.<\/p>\n<p>\u2013\u2009T\u00e4m\u00e4 on merkitt\u00e4v\u00e4\u00e4 etenkin siit\u00e4 syyst\u00e4, ett\u00e4 tied\u00e4mme henkil\u00f6st\u00f6n olevan vaikuttavin tekij\u00e4 koulutuksen laatuun.<\/p>\n<p>\t\t\t\t\t<img class=\"diks-card__image\" src=\"https:\/\/www.europesays.com\/fi\/wp-content\/uploads\/2025\/12\/10676159.jpg\"   loading=\"lazy\" decoding=\"sync\" alt=\"\"\/><\/p>\n<p><strong class=\"diks-storyline__impact\">Kalland<\/strong> toimii puheenjohtajana Kaupunkipolitiikan arviointineuvostossa, joka tarjoaa tutkimukseen perustuvaa arviointia kaupunkeihin liittyvist\u00e4 politiikkatoimista ja p\u00e4\u00e4t\u00f6ksist\u00e4. Neuvoston tuore arviointiraportti koskee p\u00e4\u00e4kaupunkiseudun koulutuksen nykytilaa.<\/p>\n<p><strong class=\"diks-storyline__impact\">Arviointineuvoston<\/strong> tiedotteessa todetaan, ett\u00e4 joillakin sosioekonomisesti heikommilla alueilla henkil\u00f6kunnan kelpoisuustilanne on hyv\u00e4. Osa opettajista hakeutuu tietoisesti t\u00f6ihin alueille, joissa oman ty\u00f6n koetaan olevan erityisen merkityksellist\u00e4 eriarvoisuuden tasaamisen n\u00e4k\u00f6kulmasta.<\/p>\n<p>\u2013 N\u00e4it\u00e4 yksik\u00f6it\u00e4 tulisi tutkia enemm\u00e4n. N\u00e4in saisimme tiet\u00e4\u00e4, mik\u00e4 juuri n\u00e4ist\u00e4 yksik\u00f6ist\u00e4 tekee kelpoista henkil\u00f6kuntaa houkuttelevia ty\u00f6paikkoja, Kalland jatkaa.<\/p>\n<p><strong class=\"diks-storyline__impact\">Asiantuntijoiden<\/strong> selvityksen mukaan ero sosioekonomisesti heikompien ja parempien alueiden v\u00e4lill\u00e4 kelpoisen henkil\u00f6kunnan m\u00e4\u00e4r\u00e4ss\u00e4 oli merkitt\u00e4v\u00e4 koko p\u00e4\u00e4kaupunkiseudun alueella.<\/p>\n<p>Kaikkein huonompiosaisimmilla alueilla keskim\u00e4\u00e4rin opettajista vain 45 prosenttia oli kelpoisia, kun taas kaikkein hyv\u00e4osaisimmilla alueilla heit\u00e4 oli yli 60 prosenttia.<\/p>\n<p>\t\t\t\t\t<img class=\"diks-card__image\" src=\"https:\/\/www.europesays.com\/fi\/wp-content\/uploads\/2025\/12\/10676150.jpg\"   loading=\"lazy\" decoding=\"sync\" alt=\"\"\/><\/p>\n<p><strong class=\"diks-storyline__impact\">My\u00f6s <\/strong>kaupunkien v\u00e4lill\u00e4 oli eroja.<\/p>\n<p>Vuoden 2024 aineistojen perusteella Helsingiss\u00e4 kelpoisten opettajien osuudet olivat 58 % suomenkielisess\u00e4 ja 55 % ruotsinkielisess\u00e4 varhaiskasvatuksessa.<\/p>\n<p>Espoossa vastaavat luvut ovat 48 % suomenkielisess\u00e4 ja 48 % ruotsinkielisess\u00e4 varhaiskasvatuksessa.<\/p>\n<p><strong class=\"diks-storyline__impact\">Selvityksen <\/strong>mukaan kuntien varhaiskasvatuksen johtajat tunnistavat rekrytointihaasteet ja kertovat toteuttavansa monia toimenpiteit\u00e4 tilanteen parantamiseksi.<\/p>\n<p>T\u00e4llaisia olivat esimerkiksi palkanlisien maksaminen ja lis\u00e4henkil\u00f6st\u00f6n palkkaaminen.<\/p>\n<p>Toimista huolimatta ero sosioekonomisesti parempi- ja huonompiosaisten alueiden v\u00e4lill\u00e4 kelpoisen henkil\u00f6st\u00f6n m\u00e4\u00e4r\u00e4ss\u00e4 on selv\u00e4.<\/p>\n<p>\t\t\t\t\t<img class=\"diks-card__image\" src=\"https:\/\/www.europesays.com\/fi\/wp-content\/uploads\/2025\/12\/8994124.jpg\"   loading=\"lazy\" decoding=\"sync\" alt=\"\"\/><\/p>\n","protected":false},"excerpt":{"rendered":"Tuore selvitys osoittaa, ett\u00e4 sosioekonomisesti huonompiosaisilla alueilla kelpoisuusehdot t\u00e4ytt\u00e4vien opettajien osuus on keskim\u00e4\u00e4rin pienempi kuin hyv\u00e4osaisilla alueilla. \u2013&hellip;\n","protected":false},"author":2,"featured_media":106214,"comment_status":"","ping_status":"","sticky":false,"template":"","format":"standard","meta":{"footnotes":""},"categories":[5],"tags":[22,23,400,26,27,33,31,30,17,403,104,615,96,757,24,25,28,29,15,18,21,32,19,20,2371,16],"class_list":{"0":"post-106213","1":"post","2":"type-post","3":"status-publish","4":"format-standard","5":"has-post-thumbnail","7":"category-otsikot","8":"tag-breaking-news","9":"tag-breakingnews","10":"tag-espoo","11":"tag-featured-news","12":"tag-featurednews","13":"tag-fi","14":"tag-finland","15":"tag-finnish","16":"tag-headlines","17":"tag-helsingin-seutu","18":"tag-helsinki","19":"tag-koulut","20":"tag-koulutus","21":"tag-koulutus-ja-kasvatus","22":"tag-latest-news","23":"tag-latestnews","24":"tag-main-news","25":"tag-mainnews","26":"tag-news","27":"tag-otsikot","28":"tag-paauutiset","29":"tag-suomi","30":"tag-top-stories","31":"tag-topstories","32":"tag-tyo-ja-raha","33":"tag-uutiset"},"share_on_mastodon":{"url":"https:\/\/pubeurope.com\/@fi\/115653256514966685","error":""},"_links":{"self":[{"href":"https:\/\/www.europesays.com\/fi\/wp-json\/wp\/v2\/posts\/106213","targetHints":{"allow":["GET"]}}],"collection":[{"href":"https:\/\/www.europesays.com\/fi\/wp-json\/wp\/v2\/posts"}],"about":[{"href":"https:\/\/www.europesays.com\/fi\/wp-json\/wp\/v2\/types\/post"}],"author":[{"embeddable":true,"href":"https:\/\/www.europesays.com\/fi\/wp-json\/wp\/v2\/users\/2"}],"replies":[{"embeddable":true,"href":"https:\/\/www.europesays.com\/fi\/wp-json\/wp\/v2\/comments?post=106213"}],"version-history":[{"count":0,"href":"https:\/\/www.europesays.com\/fi\/wp-json\/wp\/v2\/posts\/106213\/revisions"}],"wp:featuredmedia":[{"embeddable":true,"href":"https:\/\/www.europesays.com\/fi\/wp-json\/wp\/v2\/media\/106214"}],"wp:attachment":[{"href":"https:\/\/www.europesays.com\/fi\/wp-json\/wp\/v2\/media?parent=106213"}],"wp:term":[{"taxonomy":"category","embeddable":true,"href":"https:\/\/www.europesays.com\/fi\/wp-json\/wp\/v2\/categories?post=106213"},{"taxonomy":"post_tag","embeddable":true,"href":"https:\/\/www.europesays.com\/fi\/wp-json\/wp\/v2\/tags?post=106213"}],"curies":[{"name":"wp","href":"https:\/\/api.w.org\/{rel}","templated":true}]}}