{"id":106215,"date":"2025-12-03T02:35:14","date_gmt":"2025-12-03T02:35:14","guid":{"rendered":"https:\/\/www.europesays.com\/fi\/106215\/"},"modified":"2025-12-03T02:35:14","modified_gmt":"2025-12-03T02:35:14","slug":"taman-keikan-eteen-on-tehty-toita-jo-vuosia-lauri-haav-tekee-syksylla-uransa-suurimman-konsertin","status":"publish","type":"post","link":"https:\/\/www.europesays.com\/fi\/106215\/","title":{"rendered":"&#8221;T\u00e4m\u00e4n keikan eteen on tehty t\u00f6it\u00e4 jo vuosia&#8221; &#8211; Lauri Haav tekee syksyll\u00e4 uransa suurimman konsertin"},"content":{"rendered":"<p>Karismaattisena esiintyj\u00e4n\u00e4 tunnettu Lauri Haav tekee ensi syksyn\u00e4 uransa toistaiseksi suurimman keikan nousemalla Tampereen Nokia-areenan lavalle lauantaina 7.11.2026. Tiedossa on uuden musiikin parissa ty\u00f6skentelev\u00e4n artistin t\u00e4h\u00e4nastista uraa summaava spektaakkeli n\u00e4ytt\u00e4v\u00e4ll\u00e4 tuotannolla. Liput tulevat myyntiin 5.12. kello 9 Lippupisteess\u00e4.<\/p>\n<p>\u201dT\u00e4m\u00e4n keikan eteen on tehty t\u00f6it\u00e4 jo vuosia. Nokia-areenan show tulee olemaan ennen kaikkea tulevan albumin julkistuskeikka, mutta sill\u00e4 juhlistetaan tietenkin my\u00f6s hittej\u00e4 kuluneiden vuosien varrelta. Luvassa on mielet\u00f6n liveshow, jollaista meilt\u00e4 ei ole viel\u00e4 n\u00e4hty. Siksi haluan kutsua kaikki vanhat ja uudet fanit juhlimaan No Haav No Love -aikakauden upeinta keikkaa mun kanssa\u201d, Haav kertoo.<\/p>\n<p>Kuluneena syksyn\u00e4 Vain el\u00e4m\u00e4\u00e4 -ohjelmassa hurmannut, Jyv\u00e4skyl\u00e4st\u00e4 kotoisin oleva Lauri Haav nousi yleis\u00f6n tietoisuuteen jo Nyt ja heti -ep:ll\u00e4 vuonna 2019 ja osoitti pian olevansa suuri genre\u00e4\u00e4n uudistava voima. Viimeist\u00e4\u00e4n vuonna 2023 julkaistu, vuoden artisti yleis\u00f6-Emmalla palkitun Haavin l\u00e4pimurtoalbumi Aino nosti tekij\u00e4ns\u00e4 kotimaisen musiikin kiintot\u00e4hdeksi, ja striimausmenestyksen lis\u00e4ksi sit\u00e4 seurasi lukuisat loppuunmyydyt konsertit.<\/p>\n<p><img loading=\"lazy\" decoding=\"async\" alt=\"YouTube video\" width=\"480\" height=\"360\" data-pin-nopin=\"true\" nopin=\"nopin\" class=\"perfmatters-lazy\" src=\"https:\/\/www.europesays.com\/fi\/wp-content\/uploads\/2025\/12\/1764729314_855_hqdefault.jpg\"\/><\/p>\n<p>LAURI HAAV PRESENTS:<br \/>NO HAAV NO LOVE<br \/>La 7.11.2026 Tampere, Nokia Arena<\/p>\n<p>LIPUT:<br \/>Ennakkomyynti rekister\u00f6ityville asiakkaille on alkanut osoitteessa www.nohaavnolove.fi<br \/>Lipunmyynti kaikille asiakkaille alkaa perjantaina 5.12. klo 9 osoitteessa www.lippu.fi\/no-haav-no-love<\/p>\n","protected":false},"excerpt":{"rendered":"Karismaattisena esiintyj\u00e4n\u00e4 tunnettu Lauri Haav tekee ensi syksyn\u00e4 uransa toistaiseksi suurimman keikan nousemalla Tampereen Nokia-areenan lavalle lauantaina 7.11.2026.&hellip;\n","protected":false},"author":2,"featured_media":106216,"comment_status":"","ping_status":"","sticky":false,"template":"","format":"standard","meta":{"footnotes":""},"categories":[136],"tags":[407,137,33,31,30,408,32,109],"class_list":{"0":"post-106215","1":"post","2":"type-post","3":"status-publish","4":"format-standard","5":"has-post-thumbnail","7":"category-julkkikset","8":"tag-celebrities","9":"tag-entertainment","10":"tag-fi","11":"tag-finland","12":"tag-finnish","13":"tag-julkkikset","14":"tag-suomi","15":"tag-viihde"},"share_on_mastodon":{"url":"https:\/\/pubeurope.com\/@fi\/115653307751107489","error":""},"_links":{"self":[{"href":"https:\/\/www.europesays.com\/fi\/wp-json\/wp\/v2\/posts\/106215","targetHints":{"allow":["GET"]}}],"collection":[{"href":"https:\/\/www.europesays.com\/fi\/wp-json\/wp\/v2\/posts"}],"about":[{"href":"https:\/\/www.europesays.com\/fi\/wp-json\/wp\/v2\/types\/post"}],"author":[{"embeddable":true,"href":"https:\/\/www.europesays.com\/fi\/wp-json\/wp\/v2\/users\/2"}],"replies":[{"embeddable":true,"href":"https:\/\/www.europesays.com\/fi\/wp-json\/wp\/v2\/comments?post=106215"}],"version-history":[{"count":0,"href":"https:\/\/www.europesays.com\/fi\/wp-json\/wp\/v2\/posts\/106215\/revisions"}],"wp:featuredmedia":[{"embeddable":true,"href":"https:\/\/www.europesays.com\/fi\/wp-json\/wp\/v2\/media\/106216"}],"wp:attachment":[{"href":"https:\/\/www.europesays.com\/fi\/wp-json\/wp\/v2\/media?parent=106215"}],"wp:term":[{"taxonomy":"category","embeddable":true,"href":"https:\/\/www.europesays.com\/fi\/wp-json\/wp\/v2\/categories?post=106215"},{"taxonomy":"post_tag","embeddable":true,"href":"https:\/\/www.europesays.com\/fi\/wp-json\/wp\/v2\/tags?post=106215"}],"curies":[{"name":"wp","href":"https:\/\/api.w.org\/{rel}","templated":true}]}}