{"id":106219,"date":"2025-12-03T02:43:09","date_gmt":"2025-12-03T02:43:09","guid":{"rendered":"https:\/\/www.europesays.com\/fi\/106219\/"},"modified":"2025-12-03T02:43:09","modified_gmt":"2025-12-03T02:43:09","slug":"paris-hilton-talta-suomalaistaustainen-eksa-river-viiperi-nayttaa-nyt","status":"publish","type":"post","link":"https:\/\/www.europesays.com\/fi\/106219\/","title":{"rendered":"Paris Hilton: t\u00e4lt\u00e4 suomalaistaustainen eks\u00e4 River Viiperi n\u00e4ytt\u00e4\u00e4 nyt"},"content":{"rendered":"<p>\n            Paris Hilton and River Viiperi arriving for amfAR&#8217;s 20th Cinema Against Aids Gala, Hotel Du Cap, Eden Roc. Part of the 66th Festival De Cannes.<br \/>\n            Alamy \/ AOP\n        <\/p>\n<p class=\"subtitle \">Paris ja mallikomistus seurustelivat vuosina 2012-2014.<\/p>\n<p class=\"article-content article-content-width !bg-background\">Moni saattaa muistaa suomalais-espanjalaisen , 34, seurapiirikaunotar , 44, entisen\u00e4 poikayst\u00e4v\u00e4n\u00e4.<\/p>\n<p class=\"font-weight-bold m-font-weight-bold article-content article-content-width !bg-background\">Katso video \u2013 N\u00e4ill\u00e4 Hollywood-pareilla on suuri ik\u00e4ero:<\/p>\n<p>Suomalainen \u00e4iti<\/p>\n<p class=\"article-content article-content-width !bg-background\">Parisin ja Riverin suhde tuli julkisuuteen syyskuussa 2012, jolloin kaksikko edusti yhdess\u00e4 muotitapahtumassa.<\/p>\n<p class=\"article-content article-content-width !bg-background\">Paris ja River erosivat vuonna 2014 l\u00e4hes kaksi vuotta kest\u00e4neen suhteen j\u00e4lkeen. Ex-pari\u00a0n\u00e4htiin yhdess\u00e4 viimeisen kerran helmikuussa 2014 ja Paris vahvisti heid\u00e4n eronneen saman vuoden hein\u00e4kuussa, kun h\u00e4net n\u00e4htiin suutelemassa tuntematonta miest\u00e4 Malibussa.<\/p>\n<p>        <a itemprop=\"url\" href=\"https:\/\/www.seiska.fi\/kotimaa\/muistatko-viela-viivi-avellanin-talta-han-nayttaa-nyt\/1896734\" rel=\"nofollow noopener\" target=\"_blank\"><\/p>\n<p>\nMuistatko viel\u00e4 Viivi Avellanin?\n<\/p>\n<p class=\"section-date\">\n        <strong class=\"article-section\" data-section=\"kotimaa\"><br \/>\n            kotimaa<br \/>\n        <\/strong><br \/>\n        21.8. 07:00\n    <\/p>\n<p>Muistatko viel\u00e4 Viivi Avellanin? T\u00e4lt\u00e4 h\u00e4n n\u00e4ytt\u00e4\u00e4 nyt\n    <\/p>\n<p itemprop=\"description\" class=\"subtitle \">\n    L\u00e4hes kymmenen vuotta Singaporessa asunut mediapersoona ja yritt\u00e4j\u00e4 Viivi Avellan on innoissaan uudesta el\u00e4m\u00e4st\u00e4\u00e4n Yhdysvalloissa.\n<\/p>\n<p>        <\/a><\/p>\n<p class=\"article-content article-content-width !bg-background\">Riverin is\u00e4 on espanjalainen osakeguru, ja h\u00e4nen \u00e4itins\u00e4, suomalainen , on ty\u00f6skennellyt mallina. Riitta johdatti poikansa mallimaailmaan, ja River on sittemmin esiintynyt muun muassa Calvin Kleinin ja Versacen mainoskampanjoissa.<\/p>\n<p>                <img decoding=\"async\" src=\"https:\/\/www.europesays.com\/fi\/wp-content\/uploads\/2025\/12\/2009126.webp\" width=\"576\" height=\"663\" alt=\"Paris ja River vuonna 2013.\" loading=\"lazy\" \/>            <\/p>\n<p>\n            Paris ja River vuonna 2013.<br \/>\n            Alamy \/ AOP\n        <\/p>\n<p>L\u00e4hes puoli miljoonaa seuraajaa<\/p>\n<p class=\"article-content article-content-width !bg-background\">Sosiaalisessa mediassa aktiivisesti muun muassa mallikuviaan postaavalla Riverill\u00e4 on Instagram-tilill\u00e4\u00e4n yli 499 000 seuraajaa.<\/p>\n<p class=\"article-content article-content-width !bg-background\">Mallik\u00f6nsikk\u00e4\u00e4n julkaisema \u201c24 tuntia New Yorkissa\u201d -kuvakimara on ker\u00e4nnyt jo yli sata ihastelevaa kommenttia. Kuvakarusellissa n\u00e4hd\u00e4\u00e4n useita otoksia jenkkihymyisen mallikomistuksen p\u00e4iv\u00e4st\u00e4 \u2013 niin seuralaisten kanssa otettuja kuvia kuin h\u00e4nen itse r\u00e4psimi\u00e4\u00e4n otoksia.<\/p>\n<p>        <a itemprop=\"url\" href=\"https:\/\/www.seiska.fi\/kotimaa\/mitah-paris-hilton-puuttui-mervi-kallion-tyyliin-hakellyttava-tilanne-tallentui-kameralle\/1530081\" rel=\"nofollow noopener\" target=\"_blank\"><\/p>\n<p class=\"section-date\">\n        <strong class=\"article-section\" data-section=\"kotimaa\"><br \/>\n            kotimaa<br \/>\n        <\/strong><br \/>\n        25.11.2024 11:29\n    <\/p>\n<p>Mit\u00e4h? Paris Hilton puuttui Mervi Kallion tyyliin \u2013 h\u00e4kellytt\u00e4v\u00e4 tilanne tallentui kameralle\n    <\/p>\n<p itemprop=\"description\" class=\"subtitle \">\n    Hollywoodin seurapiirikaunotar heitti Merville kasvotusten melkoisen kommentin.\n<\/p>\n<p>        <\/a><\/p>\n<p class=\"article-content article-content-width !bg-background\">Hiustyylill\u00e4\u00e4n leikittelev\u00e4 River on n\u00e4hty aiemmin muun muassa blondatun siilitukan kanssa. Tuoreissa otoksissa h\u00e4nell\u00e4 on kuitenkin pidempi, ruskea hiustyyli ja kevyt parrans\u00e4nki.<\/p>\n<p class=\"article-content article-content-width !bg-background\">\u2013 En edes vitsaile, kun sanon teille, ett\u00e4 h\u00e4n on komein mies, jonka olen koskaan n\u00e4hnyt, hehkuttaa yksi.<\/p>\n<p class=\"article-content article-content-width !bg-background\">\u2013\u00a0Kuinka komea oletkaan!! Ihastelee toinen.<\/p>\n","protected":false},"excerpt":{"rendered":"Paris Hilton and River Viiperi arriving for amfAR&#8217;s 20th Cinema Against Aids Gala, Hotel Du Cap, Eden Roc.&hellip;\n","protected":false},"author":2,"featured_media":106220,"comment_status":"","ping_status":"","sticky":false,"template":"","format":"standard","meta":{"footnotes":""},"categories":[130],"tags":[137,1664,33,31,30,6151,12038,1496,20002,6395,1417,32,109],"class_list":{"0":"post-106219","1":"post","2":"type-post","3":"status-publish","4":"format-standard","5":"has-post-thumbnail","7":"category-viihde","8":"tag-entertainment","9":"tag-ero","10":"tag-fi","11":"tag-finland","12":"tag-finnish","13":"tag-malli","14":"tag-paris-hilton","15":"tag-parisuhde","16":"tag-river-viiperi","17":"tag-seurapiirikaunotar","18":"tag-suhde","19":"tag-suomi","20":"tag-viihde"},"share_on_mastodon":{"url":"https:\/\/pubeurope.com\/@fi\/115653338996333122","error":""},"_links":{"self":[{"href":"https:\/\/www.europesays.com\/fi\/wp-json\/wp\/v2\/posts\/106219","targetHints":{"allow":["GET"]}}],"collection":[{"href":"https:\/\/www.europesays.com\/fi\/wp-json\/wp\/v2\/posts"}],"about":[{"href":"https:\/\/www.europesays.com\/fi\/wp-json\/wp\/v2\/types\/post"}],"author":[{"embeddable":true,"href":"https:\/\/www.europesays.com\/fi\/wp-json\/wp\/v2\/users\/2"}],"replies":[{"embeddable":true,"href":"https:\/\/www.europesays.com\/fi\/wp-json\/wp\/v2\/comments?post=106219"}],"version-history":[{"count":0,"href":"https:\/\/www.europesays.com\/fi\/wp-json\/wp\/v2\/posts\/106219\/revisions"}],"wp:featuredmedia":[{"embeddable":true,"href":"https:\/\/www.europesays.com\/fi\/wp-json\/wp\/v2\/media\/106220"}],"wp:attachment":[{"href":"https:\/\/www.europesays.com\/fi\/wp-json\/wp\/v2\/media?parent=106219"}],"wp:term":[{"taxonomy":"category","embeddable":true,"href":"https:\/\/www.europesays.com\/fi\/wp-json\/wp\/v2\/categories?post=106219"},{"taxonomy":"post_tag","embeddable":true,"href":"https:\/\/www.europesays.com\/fi\/wp-json\/wp\/v2\/tags?post=106219"}],"curies":[{"name":"wp","href":"https:\/\/api.w.org\/{rel}","templated":true}]}}