{"id":106221,"date":"2025-12-03T02:47:09","date_gmt":"2025-12-03T02:47:09","guid":{"rendered":"https:\/\/www.europesays.com\/fi\/106221\/"},"modified":"2025-12-03T02:47:09","modified_gmt":"2025-12-03T02:47:09","slug":"trump-aikoo-iskea-venezuelaan","status":"publish","type":"post","link":"https:\/\/www.europesays.com\/fi\/106221\/","title":{"rendered":"Trump aikoo iske\u00e4 Venezuelaan"},"content":{"rendered":"<p>Yhdysvaltain presidentti Donald Trump ilmoitti uusista kovista otteista.<\/p>\n<p><img decoding=\"async\" class=\"image image-show image-preview\" src=\"https:\/\/www.europesays.com\/fi\/wp-content\/uploads\/2025\/12\/26f9ab0516a7ef84aec2c9978f18d86cdfbe587b3129f2c17c6b2b063b99045b.jpg\" alt=\"\"\/><img decoding=\"async\" class=\"image image-show\" src=\"https:\/\/www.europesays.com\/fi\/wp-content\/uploads\/2025\/12\/1764730029_178_26f9ab0516a7ef84aec2c9978f18d86cdfbe587b3129f2c17c6b2b063b99045b.jpg\" alt=\"\"\/><\/p>\n<p>Venezuelan presidentti Nicolas Maduron mukaan maa on valmis puolustautumaan Yhdysvaltoja vastaan.  ZumaWire \/ MVPHOTOS<\/p>\n<p class=\"paragraph\">Yhdysvaltain presidentti <a href=\"https:\/\/www.iltalehti.fi\/henkilot\/Donald Trumpin\" class=\"article-link-person-page\" rel=\"nofollow noopener\" target=\"_blank\">Donald Trumpin<\/a> kampanja huumeiden salakuljettajia vastaan on k\u00e4rjistym\u00e4ss\u00e4.<\/p>\n<p class=\"paragraph\">Viime kuukausina Yhdysvallat on suorittanut useita iskuja ep\u00e4iltyjen huumekauppiaiden aluksia vastaan. Nyt Trump vaikuttaa olevan valmis toteuttamaan uhkauksensa iskuista Venezuelan maaper\u00e4lle, <a href=\"https:\/\/www.cnn.com\/world\/live-news\/trump-ukraine-russia-venezuela-12-02-2025?post-id=cmiox9pvf00003b6nstva0n9q\" rel=\"noopener nofollow\" target=\"_blank\">CNN<\/a> kirjoittaa.<\/p>\n<p class=\"paragraph\">\u2013 Tied\u00e4mme miss\u00e4 he asuvat. Tied\u00e4mme miss\u00e4 pahikset asuvat, ja aiomme aloittaa hyvin pian, Trump kertoi Yhdysvaltain hallituksen kokouksessa tiistaina.<\/p>\n<p>Ei ehk\u00e4 ainoa kohde<\/p>\n<p class=\"paragraph\">Venezuelan presidentti <a href=\"https:\/\/www.iltalehti.fi\/henkilot\/Nicol\u00e1s Maduro\" class=\"article-link-person-page\" rel=\"nofollow noopener\" target=\"_blank\">Nicol\u00e1s Maduro<\/a> <a href=\"https:\/\/news.sky.com\/story\/many-options-on-table-for-venezuela-as-us-mulls-land-attacks-on-drug-traffickers-13478082\" rel=\"noopener nofollow\" target=\"_blank\">sanoo<\/a> maansa olevan valmis puolustautumaan hy\u00f6kk\u00e4\u00e4ji\u00e4 vastaan.<\/p>\n<p class=\"paragraph\">Maduro ei s\u00e4\u00e4stellyt sanojaan puhuessaan tukijoilleen maanantaina Venezuelan p\u00e4\u00e4kaupungissa Caracasissa. H\u00e4nen mielest\u00e4\u00e4n Yhdysvaltain kuukausia jatkunut \u201daggressio\u201d maata kohtaan on \u201dpsykologista terrorismia\u201d.<\/p>\n<p>Trumpin mukaan muutkin huumeiden salakuljetukseen syyllistyv\u00e4t maat saattavat olla iskujen kohteena. Kuvituskuva. EPA \/ AOP<\/p>\n<p class=\"paragraph\">Suomen ulkoministeri\u00f6 p\u00e4ivitti tiistaina matkustusohjeensa Venezuelaan. Se suosittelee <a href=\"https:\/\/www.iltalehti.fi\/ulkomaat\/4e5cf510-7f02-4f43-a637-540e728080e4\" rel=\"nofollow noopener\" target=\"_blank\">v\u00e4ltt\u00e4m\u00e4\u00e4n<\/a> kaikkea matkustamista Venezuelaan toistaiseksi.<\/p>\n<p class=\"paragraph\">Trump vihjasi, ett\u00e4 Venezuela ei olisi ainoa mahdollinen iskujen kohde.<\/p>\n<p class=\"paragraph\">\u2013 Olen kuullut, ett\u00e4 Kolumbiassa valmistetaan kokaiinia&#8230; kuka tahansa, joka tekee niin, ja myy sit\u00e4 maahamme, voi olla hy\u00f6kk\u00e4yksen kohteena, <a href=\"https:\/\/www.cbsnews.com\/live-updates\/trump-cabinet-meeting-venezuela\/\" rel=\"noopener nofollow\" target=\"_blank\">CBS<\/a> kertoo Trumpin sanoneen.<\/p>\n<p class=\"paragraph\">Trumpin nosti Venezuelan esiin \u201deritt\u00e4in pahana\u201d esimerkkin\u00e4. Viime kuussa Trumpin hallinto <a href=\"https:\/\/www.iltalehti.fi\/ulkomaat\/50138679-9139-4124-aee3-99f0c42e2f9a\" rel=\"nofollow noopener\" target=\"_blank\">syytti<\/a> Maduron johtavan huumekartellia.<\/p>\n","protected":false},"excerpt":{"rendered":"Yhdysvaltain presidentti Donald Trump ilmoitti uusista kovista otteista. Venezuelan presidentti Nicolas Maduron mukaan maa on valmis puolustautumaan Yhdysvaltoja&hellip;\n","protected":false},"author":2,"featured_media":106222,"comment_status":"","ping_status":"","sticky":false,"template":"","format":"standard","meta":{"footnotes":""},"categories":[14],"tags":[35,22,23,26,27,33,31,30,17,24,25,28,29,15,18,21,142,637,144,32,19,20,56,16,638,59,60,61,143],"class_list":{"0":"post-106221","1":"post","2":"type-post","3":"status-publish","4":"format-standard","5":"has-post-thumbnail","7":"category-ulkomaat","8":"tag-24h","9":"tag-breaking-news","10":"tag-breakingnews","11":"tag-featured-news","12":"tag-featurednews","13":"tag-fi","14":"tag-finland","15":"tag-finnish","16":"tag-headlines","17":"tag-latest-news","18":"tag-latestnews","19":"tag-main-news","20":"tag-mainnews","21":"tag-news","22":"tag-otsikot","23":"tag-paauutiset","24":"tag-poliitikot","25":"tag-politiikka","26":"tag-presidentti","27":"tag-suomi","28":"tag-top-stories","29":"tag-topstories","30":"tag-ulkomaat","31":"tag-uutiset","32":"tag-valtiovalta","33":"tag-world","34":"tag-world-news","35":"tag-worldnews","36":"tag-yhdysvaltain-politiikka"},"share_on_mastodon":{"url":"https:\/\/pubeurope.com\/@fi\/115653354819135918","error":""},"_links":{"self":[{"href":"https:\/\/www.europesays.com\/fi\/wp-json\/wp\/v2\/posts\/106221","targetHints":{"allow":["GET"]}}],"collection":[{"href":"https:\/\/www.europesays.com\/fi\/wp-json\/wp\/v2\/posts"}],"about":[{"href":"https:\/\/www.europesays.com\/fi\/wp-json\/wp\/v2\/types\/post"}],"author":[{"embeddable":true,"href":"https:\/\/www.europesays.com\/fi\/wp-json\/wp\/v2\/users\/2"}],"replies":[{"embeddable":true,"href":"https:\/\/www.europesays.com\/fi\/wp-json\/wp\/v2\/comments?post=106221"}],"version-history":[{"count":0,"href":"https:\/\/www.europesays.com\/fi\/wp-json\/wp\/v2\/posts\/106221\/revisions"}],"wp:featuredmedia":[{"embeddable":true,"href":"https:\/\/www.europesays.com\/fi\/wp-json\/wp\/v2\/media\/106222"}],"wp:attachment":[{"href":"https:\/\/www.europesays.com\/fi\/wp-json\/wp\/v2\/media?parent=106221"}],"wp:term":[{"taxonomy":"category","embeddable":true,"href":"https:\/\/www.europesays.com\/fi\/wp-json\/wp\/v2\/categories?post=106221"},{"taxonomy":"post_tag","embeddable":true,"href":"https:\/\/www.europesays.com\/fi\/wp-json\/wp\/v2\/tags?post=106221"}],"curies":[{"name":"wp","href":"https:\/\/api.w.org\/{rel}","templated":true}]}}