{"id":106223,"date":"2025-12-03T02:48:14","date_gmt":"2025-12-03T02:48:14","guid":{"rendered":"https:\/\/www.europesays.com\/fi\/106223\/"},"modified":"2025-12-03T02:48:14","modified_gmt":"2025-12-03T02:48:14","slug":"mikromuoveja-on-merten-lisaksi-pelloilla-ja-maaperassa-ja-sita-kautta-muovi-vaikuttaa-ruokakasveihin-tuotantoelaimiin-ja-ihmiseen","status":"publish","type":"post","link":"https:\/\/www.europesays.com\/fi\/106223\/","title":{"rendered":"Mikromuoveja on merten lis\u00e4ksi pelloilla ja maaper\u00e4ss\u00e4 ja sit\u00e4 kautta muovi vaikuttaa ruokakasveihin, tuotantoel\u00e4imiin ja ihmiseen"},"content":{"rendered":"<p>Tutkimus|Mikromuovia on jo niin paljon, ett\u00e4 sit\u00e4 on t\u00e4ysin mahdotonta olla sy\u00f6m\u00e4tt\u00e4.<\/p>\n<p>2.12. 15:26<\/p>\n<p class=\"article-body mb-nof-24 px-nof-16\">Tutkijat ovat l\u00f6yt\u00e4neet mikromuovia simpukoista, pakatusta lihasta, suolasta, sokerista, hunajasta, oluesta, pullovedest\u00e4, maitotuotteista, p\u00e4\u00e4ryn\u00f6ist\u00e4, omenoista, porkkanoista, perunoista, lehtisalaatista, parsakaalista ja viljoista.<\/p>\n<p class=\"article-body mb-nof-24 px-nof-16\">\u201dMuovista vapaata nykyruokaa ei olekaan\u201d, tiivist\u00e4\u00e4 erikoistutkija <a class=\"article-personlink\" href=\"https:\/\/www.hs.fi\/haku\/?query=Sannakajsa%20Velmala\" rel=\"nofollow noopener\" target=\"_blank\">Sannakajsa Velmala <\/a>Luonnonvarakeskuksesta.<\/p>\n","protected":false},"excerpt":{"rendered":"Tutkimus|Mikromuovia on jo niin paljon, ett\u00e4 sit\u00e4 on t\u00e4ysin mahdotonta olla sy\u00f6m\u00e4tt\u00e4. 2.12. 15:26 Tutkijat ovat l\u00f6yt\u00e4neet mikromuovia&hellip;\n","protected":false},"author":2,"featured_media":106224,"comment_status":"","ping_status":"","sticky":false,"template":"","format":"standard","meta":{"footnotes":""},"categories":[12],"tags":[22,23,26,27,33,31,30,17,46,24,25,28,29,15,18,21,32,19,20,16],"class_list":{"0":"post-106223","1":"post","2":"type-post","3":"status-publish","4":"format-standard","5":"has-post-thumbnail","7":"category-suomi","8":"tag-breaking-news","9":"tag-breakingnews","10":"tag-featured-news","11":"tag-featurednews","12":"tag-fi","13":"tag-finland","14":"tag-finnish","15":"tag-headlines","16":"tag-helsingin-sanomat","17":"tag-latest-news","18":"tag-latestnews","19":"tag-main-news","20":"tag-mainnews","21":"tag-news","22":"tag-otsikot","23":"tag-paauutiset","24":"tag-suomi","25":"tag-top-stories","26":"tag-topstories","27":"tag-uutiset"},"share_on_mastodon":{"url":"https:\/\/pubeurope.com\/@fi\/115653358768036538","error":""},"_links":{"self":[{"href":"https:\/\/www.europesays.com\/fi\/wp-json\/wp\/v2\/posts\/106223","targetHints":{"allow":["GET"]}}],"collection":[{"href":"https:\/\/www.europesays.com\/fi\/wp-json\/wp\/v2\/posts"}],"about":[{"href":"https:\/\/www.europesays.com\/fi\/wp-json\/wp\/v2\/types\/post"}],"author":[{"embeddable":true,"href":"https:\/\/www.europesays.com\/fi\/wp-json\/wp\/v2\/users\/2"}],"replies":[{"embeddable":true,"href":"https:\/\/www.europesays.com\/fi\/wp-json\/wp\/v2\/comments?post=106223"}],"version-history":[{"count":0,"href":"https:\/\/www.europesays.com\/fi\/wp-json\/wp\/v2\/posts\/106223\/revisions"}],"wp:featuredmedia":[{"embeddable":true,"href":"https:\/\/www.europesays.com\/fi\/wp-json\/wp\/v2\/media\/106224"}],"wp:attachment":[{"href":"https:\/\/www.europesays.com\/fi\/wp-json\/wp\/v2\/media?parent=106223"}],"wp:term":[{"taxonomy":"category","embeddable":true,"href":"https:\/\/www.europesays.com\/fi\/wp-json\/wp\/v2\/categories?post=106223"},{"taxonomy":"post_tag","embeddable":true,"href":"https:\/\/www.europesays.com\/fi\/wp-json\/wp\/v2\/tags?post=106223"}],"curies":[{"name":"wp","href":"https:\/\/api.w.org\/{rel}","templated":true}]}}