{"id":106225,"date":"2025-12-03T02:49:11","date_gmt":"2025-12-03T02:49:11","guid":{"rendered":"https:\/\/www.europesays.com\/fi\/106225\/"},"modified":"2025-12-03T02:49:11","modified_gmt":"2025-12-03T02:49:11","slug":"kymmenia-r-kioskeja-kiinni-asiakkaat-jarkyttyivat-kylan-sydamen-sulku-uutisesta","status":"publish","type":"post","link":"https:\/\/www.europesays.com\/fi\/106225\/","title":{"rendered":"Kymmeni\u00e4 R-kioskeja kiinni &#8211; asiakkaat j\u00e4rkyttyiv\u00e4t &#8221;kyl\u00e4n syd\u00e4men&#8221; sulku-uutisesta"},"content":{"rendered":"<p>R-kioski ei ole julkistanut listaa kioskeista, jotka ollaan sulkemassa. Moni IS:n kyselyyn vastannut pohti, mik\u00e4 oman l\u00e4hikioskin kohtalo on.<\/p>\n<p>2.12. 20:48<\/p>\n<p class=\"article-body mb-nof-24 px-nof-16\">R-kioski aikoo sulkea noin 70 myym\u00e4l\u00e4\u00e4ns\u00e4.<\/p>\n<p class=\"article-body mb-nof-24 px-nof-16\">Asiasta kertoi IS:lle ketjun viestint\u00e4p\u00e4\u00e4llikk\u00f6 <a class=\"article-personlink\" href=\"https:\/\/www.is.fi\/haku\/?query=Heiju%20Simola,\" rel=\"nofollow noopener\" target=\"_blank\">Heiju Simola,<\/a> jonka mukaan osa kioskeista on jo suljettu ja osa suljetaan viimeist\u00e4\u00e4n alkuvuodesta 2026.<\/p>\n<p class=\"article-body mb-nof-24 px-nof-16\">IS <a class=\"article-genericlink\" href=\"https:\/\/www.is.fi\/taloussanomat\/art-2000011663575.html\" rel=\"nofollow noopener\" target=\"_blank\">uutisoi asiasta tiistaina.<\/a> Kysyimme uutisen yhteydess\u00e4 lukijoiden kokemuksia asiasta. Moni kyselyyn vastannut harmittelee R-kioskiverkoston harventumista, sill\u00e4 etenkin pienill\u00e4 paikkakunnilla R-kioskit toimivat kohtaamispaikkana.<\/p>\n<p class=\"article-body mb-nof-24 px-nof-16\">65-vuotias nainen kertoo, ett\u00e4 h\u00e4nen asuinpaikkakuntansa ainoa R-kioski on menossa kiinni, mik\u00e4 samalla tarkoittaa paketti- ja postipalvelujen siirtymist\u00e4 kauemmas.<\/p>\n<p class=\"article-body mb-nof-24 px-nof-16\">\u2013 Ihmettelen syyt\u00e4, koska kioskilla on kellonajasta riippumatta melkein aina jonoa. Koskaan en ole yksin asiakkaana, h\u00e4n sanoo.<\/p>\n<p><img decoding=\"async\" src=\"https:\/\/www.europesays.com\/fi\/wp-content\/uploads\/2025\/12\/1764730151_748_468.jpg\" alt=\"Etenkin moni pienell\u00e4 paikkakunnalla asuva harmittelee R-kioskin sulkeutumista.\" class=\"_Img_1rerz_1\" style=\"aspect-ratio:1.5\" loading=\"eager\"\/><\/p>\n<p class=\"article-picture-caption\">Etenkin moni pienell\u00e4 paikkakunnalla asuva harmittelee R-kioskin sulkeutumista. Kuva:\u00a0Veera Korhonen<\/p>\n<p class=\"article-body mb-nof-24 px-nof-16\">Toinen pienell\u00e4 paikkakunnalla asuva vastaaja harmittelee sit\u00e4 tosiasiaa, ett\u00e4 R-kioskeja katoaa katukuvasta. H\u00e4n itse asioi R-kioskilla s\u00e4\u00e4nn\u00f6llisesti.<\/p>\n<p class=\"article-body mb-nof-24 px-nof-16\">\u2013 T\u00e4\u00e4ll\u00e4 ei ole muitakaan kioskeja, ja se on harmi. Itse olen pikkuostoksissa R-kioskin asiakas. Veikkaukset, lehdet ja makeiset ovat vakio-ostoksia. Aina on ollut yst\u00e4v\u00e4llinen palvelu, 76-vuotias nainen kiittelee.<\/p>\n<p class=\"article-body mb-nof-24 px-nof-16\">Kyselyyn vastannut mies uskoo, ett\u00e4 kauppojen laajentuneet aukioloajat ovat v\u00e4hent\u00e4neet tarvetta asioida R-kioskeilla.<\/p>\n<p class=\"article-body mb-nof-24 px-nof-16\">\u2013 Aikoinaan \u00e4rr\u00e4lt\u00e4 k\u00e4ytiin hakemassa illalla \u201dtarpeita\u201d, mutta nyky\u00e4\u00e4n kaupat ovat auki jopa puoleeny\u00f6h\u00f6n saakka, eli en\u00e4\u00e4 n\u00e4ill\u00e4 asioilla ei tule k\u00e4yty\u00e4, 69-vuotias mies sanoo.<\/p>\n<p class=\"article-body mb-nof-24 px-nof-16\">2000- ja 2010-luvuilla R-kioskilla ty\u00f6skennellyt nainen on samoilla linjoilla: ennen kauppojen aukioloaikojen laajentamista kioskibisnes tuntui hyvin kannattavalta.<\/p>\n<p><img decoding=\"async\" src=\"https:\/\/www.europesays.com\/fi\/wp-content\/uploads\/2025\/12\/1764730151_805_468.jpg\" alt=\"Lehdet kuuluvat monen R-kioskin asiakkaan vakio-ostoksiin.\" class=\"_Img_1rerz_1\" style=\"aspect-ratio:1.3351877607788596\" loading=\"eager\"\/><\/p>\n<p class=\"article-picture-caption\">Lehdet kuuluvat monen R-kioskin asiakkaan vakio-ostoksiin. Kuva:\u00a0Laura Ukkonen<\/p>\n<p class=\"article-body mb-nof-24 px-nof-16\">\u2013 Muistan lauantai-iltaisin jonot, jotka monessa paikassa ulottuivat ulko-ovelle, kun ihmiset jonottivat kaljaa ja Lottoa. Sitten kauppojen aukioloajat laajenivat, ja lauantai-iltojen jonot alkoivat kadota, 37-vuotias nainen sanoo.<\/p>\n<p class=\"article-body mb-nof-24 px-nof-16\">\u2013 My\u00f6hemmin alettiin s\u00e4\u00e4nn\u00f6stell\u00e4 my\u00f6s Veikkaus-tuotteiden myynti\u00e4: et saanut en\u00e4\u00e4 tarjota asiakkaalle Lottoa, jos h\u00e4n ei ollut ostamassa muita Veikkauksen tuotteita, h\u00e4n jatkaa.<\/p>\n<p class=\"article-body mb-nof-24 px-nof-16\">58-vuotias mies pit\u00e4\u00e4 R-kioskien sulkeutumista yhdentekev\u00e4n\u00e4, mutta er\u00e4s huoli h\u00e4nell\u00e4 on: jatkossa ruokakaupoissa saattaa joutua jonottaa pidemp\u00e4\u00e4n, kun suljettujen R-kioskien Lotto-asiakkaat siirtyv\u00e4t tavallisiin kauppoihin.<\/p>\n<p class=\"article-body mb-nof-24 px-nof-16\">\u2013 Kunhan Lotto ei tuo jatkossa lis\u00e4\u00e4 ruuhkaa ruokakauppojen kassoille. Lottoajat ovat hankalia, kun tarkistavat kuponkeja ja jonot takana kasvavat, h\u00e4n sanoo.<\/p>\n<p><img decoding=\"async\" src=\"https:\/\/www.europesays.com\/fi\/wp-content\/uploads\/2025\/12\/1764730151_806_468.jpg\" alt=\"R-kioski on jo sulkenut useita myym\u00e4l\u00f6it\u00e4 viime vuosina.\" class=\"_Img_1rerz_1\" style=\"aspect-ratio:1.5\" loading=\"eager\"\/><\/p>\n<p class=\"article-picture-caption\">R-kioski on jo sulkenut useita myym\u00e4l\u00f6it\u00e4 viime vuosina. Kuva:\u00a0Hannu Rainamo \/ Lehtikuva<\/p>\n<p class=\"article-body mb-nof-24 px-nof-16\">R-kioski ei ole julkistanut listaa kioskeista, jotka ollaan sulkemassa. Moni vastaaja toivoo, ett\u00e4 juuri oma l\u00e4hikioski pysyisi jatkossakin auki.<\/p>\n<p class=\"article-body mb-nof-24 px-nof-16\">\u2013 S\u00e4\u00e4st\u00e4k\u00e4\u00e4, kiltit, Herttoniemen metroaseman kioski! Me el\u00e4kel\u00e4iset, joilla on tavallinen puhelin, lataamme sielt\u00e4 matkalippumme. Laajasalossa ei ole mit\u00e4\u00e4n muuta paikkaa l\u00e4himainkaan. Pummillakaan ei viitsisi ajaa keskustaan lataamaan, kyselyyn vastannut 67-vuotias nainen sanoo.<\/p>\n<p class=\"article-body mb-nof-24 px-nof-16\">\u2013 R-kioski on kyl\u00e4n syd\u00e4n. El\u00e4kel\u00e4isporukka k\u00e4y siell\u00e4 p\u00e4ivitt\u00e4in tapaamassa toisiaan ja kertomassa kuulumisiaan. Kyl\u00e4mme on muuten aika kuollut. R-kioskia ei saa sulkea, pienell\u00e4 paikkakunnalla asuva 62-vuotias nainen sanoo.<\/p>\n<p class=\"article-body mb-nof-24 px-nof-16\">Vastaajista moni ihmettelee, mist\u00e4 matkaliput saa jatkossa ostettua tai ladattua.<\/p>\n<p class=\"article-body mb-nof-24 px-nof-16\">\u2013 Mist\u00e4 saamme jatkossa junaliput ja [Tampereen seudun joukkoliikenteen] Nyssen lataukset. R-kioskia ei saa lopettaa, l\u00e4hikioskinsa jatkoa toivova 76-vuotias nainen sanoo.<\/p>\n<p class=\"article-body mb-nof-24 px-nof-16\">\u2013 Mist\u00e4h\u00e4n passit haetaan jatkossa, 49-vuotias nainen puolestaan ihmettelee.<\/p>\n<p class=\"article-body mb-nof-24 px-nof-16\">Keikkaty\u00f6t\u00e4 monessa sulkeutuvassa R-kioskissa tehnyt mies harmittelee R-kioskien sulkemista \u2013 niin asiakkaiden kuin ty\u00f6ntekij\u00f6iden puolesta:<\/p>\n<p class=\"article-body mb-nof-24 px-nof-16\">\u2013 Kyll\u00e4h\u00e4n se todella harmittaa, erityisesti sellaisissa paikoissa, joissa kyl\u00e4n tai paikalliset ihmiset kokoontuvat tai ik\u00e4ihmiset hoitavat esimerkiksi matkalippuasioita, 34-vuotias mies sanoo.<\/p>\n<p class=\"article-body mb-nof-24 px-nof-16\">H\u00e4n itse on pit\u00e4nyt R-kioskilla ty\u00f6skentelyst\u00e4.<\/p>\n<p class=\"article-body mb-nof-24 px-nof-16\">\u2013 R-kioskilla parasta on itsen\u00e4inen ty\u00f6skentely, uusien asioiden oppiminen sek\u00e4 asiakkaiden kohtaaminen ja jutustelu, h\u00e4n sanoo.<\/p>\n","protected":false},"excerpt":{"rendered":"R-kioski ei ole julkistanut listaa kioskeista, jotka ollaan sulkemassa. Moni IS:n kyselyyn vastannut pohti, mik\u00e4 oman l\u00e4hikioskin kohtalo&hellip;\n","protected":false},"author":2,"featured_media":106226,"comment_status":"","ping_status":"","sticky":false,"template":"","format":"standard","meta":{"footnotes":""},"categories":[5],"tags":[22,23,26,27,33,31,30,17,34,24,25,28,29,15,18,21,32,19,20,16],"class_list":{"0":"post-106225","1":"post","2":"type-post","3":"status-publish","4":"format-standard","5":"has-post-thumbnail","7":"category-otsikot","8":"tag-breaking-news","9":"tag-breakingnews","10":"tag-featured-news","11":"tag-featurednews","12":"tag-fi","13":"tag-finland","14":"tag-finnish","15":"tag-headlines","16":"tag-ilta-sanomat","17":"tag-latest-news","18":"tag-latestnews","19":"tag-main-news","20":"tag-mainnews","21":"tag-news","22":"tag-otsikot","23":"tag-paauutiset","24":"tag-suomi","25":"tag-top-stories","26":"tag-topstories","27":"tag-uutiset"},"share_on_mastodon":{"url":"https:\/\/pubeurope.com\/@fi\/115653362699865968","error":""},"_links":{"self":[{"href":"https:\/\/www.europesays.com\/fi\/wp-json\/wp\/v2\/posts\/106225","targetHints":{"allow":["GET"]}}],"collection":[{"href":"https:\/\/www.europesays.com\/fi\/wp-json\/wp\/v2\/posts"}],"about":[{"href":"https:\/\/www.europesays.com\/fi\/wp-json\/wp\/v2\/types\/post"}],"author":[{"embeddable":true,"href":"https:\/\/www.europesays.com\/fi\/wp-json\/wp\/v2\/users\/2"}],"replies":[{"embeddable":true,"href":"https:\/\/www.europesays.com\/fi\/wp-json\/wp\/v2\/comments?post=106225"}],"version-history":[{"count":0,"href":"https:\/\/www.europesays.com\/fi\/wp-json\/wp\/v2\/posts\/106225\/revisions"}],"wp:featuredmedia":[{"embeddable":true,"href":"https:\/\/www.europesays.com\/fi\/wp-json\/wp\/v2\/media\/106226"}],"wp:attachment":[{"href":"https:\/\/www.europesays.com\/fi\/wp-json\/wp\/v2\/media?parent=106225"}],"wp:term":[{"taxonomy":"category","embeddable":true,"href":"https:\/\/www.europesays.com\/fi\/wp-json\/wp\/v2\/categories?post=106225"},{"taxonomy":"post_tag","embeddable":true,"href":"https:\/\/www.europesays.com\/fi\/wp-json\/wp\/v2\/tags?post=106225"}],"curies":[{"name":"wp","href":"https:\/\/api.w.org\/{rel}","templated":true}]}}