{"id":106227,"date":"2025-12-03T03:01:13","date_gmt":"2025-12-03T03:01:13","guid":{"rendered":"https:\/\/www.europesays.com\/fi\/106227\/"},"modified":"2025-12-03T03:01:13","modified_gmt":"2025-12-03T03:01:13","slug":"mikko-penttilan-hammastyttava-muodonmuutos-ylen-joulukalenterissa","status":"publish","type":"post","link":"https:\/\/www.europesays.com\/fi\/106227\/","title":{"rendered":"Mikko Penttil\u00e4n h\u00e4mm\u00e4stytt\u00e4v\u00e4 muodonmuutos Ylen joulukalenterissa"},"content":{"rendered":"<p class=\"article-content article-content-width !bg-background\">N\u00e4yttelij\u00e4 <a alt=\"Haku\" class=\"text-primary-red font-extrabold\" href=\"https:\/\/www.seiska.fi\/haku?q=Mikko Penttil\u00e4\" rel=\"nofollow noopener\" target=\"_blank\">Mikko Penttil\u00e4<\/a> n\u00e4hd\u00e4\u00e4n Ylen uutuusjoulukalenterissa l\u00e4hes tunnistamattomaksi naamioituneena.<\/p>\n<p class=\"font-weight-bold m-font-weight-bold article-content article-content-width !bg-background\">Video: Mikko Penttil\u00e4 Katson haastattelussa.<\/p>\n<p class=\"article-content article-content-width !bg-background\">Mikko palaa Tonttuakatemia 2:ssa rooliinsa Viherpippuri-nimisen\u00e4 tonttuna. H\u00e4n on julkaissut <a href=\"https:\/\/www.instagram.com\/reel\/C-2KjNutlgg\/?utm_source=ig_web_copy_link\" target=\"_blank\" rel=\"nofollow noopener\">Instagramissa<\/a> videon maskeerauksen vaatimasta ty\u00f6st\u00e4.<\/p>\n<p class=\"article-content article-content-width !bg-background\">Maskeeraajien k\u00e4siss\u00e4 syntyy muun muassa kimalleparta. P\u00e4\u00e4h\u00e4ns\u00e4 Mikko saa tonttulakin lis\u00e4ksi valkoisen kiharapehkon.<\/p>\n<p class=\"article-content article-content-width !bg-background\">Mikko on tv-katsojille tuttu muun muassa\u00a0Putous-ohjelmasta, jonka sketsihahmokilpailun h\u00e4n voitti syksyll\u00e4 2018 Taika-Pasin hahmollaan.<\/p>\n<p class=\"article-content article-content-width !bg-background\">Syksyll\u00e4 2023 Mikko kisasi Tanssii t\u00e4htien kanssa -ohjelmassa, jossa h\u00e4n sijoittui yhdeks\u00e4nneksi.<\/p>\n<p>                <img loading=\"lazy\" decoding=\"async\" src=\"https:\/\/www.europesays.com\/fi\/wp-content\/uploads\/2025\/12\/2008253.webp\" width=\"576\" height=\"269\" title=\"Aksa Korttila n\u00e4yttelee Vaniljaa, Mikko Penttil\u00e4 Viherpippuria ja Anna-Riikka Rajanen Persiljaa.\" alt=\"Aksa Korttila, Mikko Penttil\u00e4 ja Anna-Riikka Rajanen rooliasuissaan.\" \/>            <\/p>\n<p>\n            Aksa Korttila n\u00e4yttelee Vaniljaa, Mikko Penttil\u00e4 Viherpippuria ja Anna-Riikka Rajanen Persiljaa.<br \/>\n            Yle\/Hannu K\u00e4ki\n        <\/p>\n<p>Joulukalenterin ykk\u00f6skausi Areenassa<\/p>\n<p class=\"article-content article-content-width !bg-background\">Katsojien suosikiksi nousseesta Tonttuakatemiasta n\u00e4hd\u00e4\u00e4n nyt toinen kausi. Ensimm\u00e4isen kerran maan johtavan joulutonttukoulun arkeen tutustuttiin vuonna 2019. Kakkoskaudella maailman p\u00f6hk\u00f6imm\u00e4n tonttukoulun maine on vaarassa.<\/p>\n<p class=\"article-content article-content-width !bg-background\">Tilanteen pelastaakseen rehtori Ruusukaali (<a alt=\"Haku\" class=\"text-primary-red font-extrabold\" href=\"https:\/\/www.seiska.fi\/haku?q=Timo Mann\" rel=\"nofollow noopener\" target=\"_blank\">Timo Mann<\/a>) ja rouva Manteli (<a alt=\"Haku\" class=\"text-primary-red font-extrabold\" href=\"https:\/\/www.seiska.fi\/haku?q=Minna Koskela\" rel=\"nofollow noopener\" target=\"_blank\">Minna Koskela<\/a>) kutsuvat joukon mestaritonttuja puolustamaan Tonttuakatemian kunniaa Suureen tonttukatselmukseen.<\/p>\n<p class=\"article-content article-content-width !bg-background\">Koulun edustajiksi katselmukseen p\u00e4\u00e4tyv\u00e4t Persilja-peikko (<a alt=\"Haku\" class=\"text-primary-red font-extrabold\" href=\"https:\/\/www.seiska.fi\/haku?q=Anna-Riikka Rajanen\" rel=\"nofollow noopener\" target=\"_blank\">Anna-Riikka Rajanen<\/a>) ja kotitonttu-Kaneli (<a alt=\"Haku\" class=\"text-primary-red font-extrabold\" href=\"https:\/\/www.seiska.fi\/haku?q=Manoel Pinto\" rel=\"nofollow noopener\" target=\"_blank\">Manoel Pinto<\/a>).<\/p>\n<p class=\"italic m-italic article-content article-content-width !bg-background\">Tonttuakatemia 2: Suuri tonttukatselmus Yle Areenassa ja TV2:ssa joka p\u00e4iv\u00e4 kello 8.11 ja 17.47. Tonttuakatemian ensimm\u00e4isen kauden kaikki jaksot Areenassa.<\/p>\n<p><script async src=\"\/\/www.instagram.com\/embed.js\"><\/script><\/p>\n","protected":false},"excerpt":{"rendered":"N\u00e4yttelij\u00e4 Mikko Penttil\u00e4 n\u00e4hd\u00e4\u00e4n Ylen uutuusjoulukalenterissa l\u00e4hes tunnistamattomaksi naamioituneena. Video: Mikko Penttil\u00e4 Katson haastattelussa. Mikko palaa Tonttuakatemia 2:ssa&hellip;\n","protected":false},"author":2,"featured_media":106228,"comment_status":"","ping_status":"","sticky":false,"template":"","format":"standard","meta":{"footnotes":""},"categories":[136],"tags":[407,137,33,31,30,14945,408,20003,11443,32,903,19681,109,1149],"class_list":{"0":"post-106227","1":"post","2":"type-post","3":"status-publish","4":"format-standard","5":"has-post-thumbnail","7":"category-julkkikset","8":"tag-celebrities","9":"tag-entertainment","10":"tag-fi","11":"tag-finland","12":"tag-finnish","13":"tag-joulukalenteri","14":"tag-julkkikset","15":"tag-mikko-penttila","16":"tag-putous","17":"tag-suomi","18":"tag-tanssii-tahtien-kanssa","19":"tag-tonttuakatemia","20":"tag-viihde","21":"tag-yle"},"share_on_mastodon":{"url":"https:\/\/pubeurope.com\/@fi\/115653409893343862","error":""},"_links":{"self":[{"href":"https:\/\/www.europesays.com\/fi\/wp-json\/wp\/v2\/posts\/106227","targetHints":{"allow":["GET"]}}],"collection":[{"href":"https:\/\/www.europesays.com\/fi\/wp-json\/wp\/v2\/posts"}],"about":[{"href":"https:\/\/www.europesays.com\/fi\/wp-json\/wp\/v2\/types\/post"}],"author":[{"embeddable":true,"href":"https:\/\/www.europesays.com\/fi\/wp-json\/wp\/v2\/users\/2"}],"replies":[{"embeddable":true,"href":"https:\/\/www.europesays.com\/fi\/wp-json\/wp\/v2\/comments?post=106227"}],"version-history":[{"count":0,"href":"https:\/\/www.europesays.com\/fi\/wp-json\/wp\/v2\/posts\/106227\/revisions"}],"wp:featuredmedia":[{"embeddable":true,"href":"https:\/\/www.europesays.com\/fi\/wp-json\/wp\/v2\/media\/106228"}],"wp:attachment":[{"href":"https:\/\/www.europesays.com\/fi\/wp-json\/wp\/v2\/media?parent=106227"}],"wp:term":[{"taxonomy":"category","embeddable":true,"href":"https:\/\/www.europesays.com\/fi\/wp-json\/wp\/v2\/categories?post=106227"},{"taxonomy":"post_tag","embeddable":true,"href":"https:\/\/www.europesays.com\/fi\/wp-json\/wp\/v2\/tags?post=106227"}],"curies":[{"name":"wp","href":"https:\/\/api.w.org\/{rel}","templated":true}]}}