{"id":106241,"date":"2025-12-03T03:15:10","date_gmt":"2025-12-03T03:15:10","guid":{"rendered":"https:\/\/www.europesays.com\/fi\/106241\/"},"modified":"2025-12-03T03:15:10","modified_gmt":"2025-12-03T03:15:10","slug":"trump-yhdysvallat-aloittaa-pian-iskut-venezuelaan","status":"publish","type":"post","link":"https:\/\/www.europesays.com\/fi\/106241\/","title":{"rendered":"Trump: Yhdysvallat aloittaa pian iskut Venezuelaan"},"content":{"rendered":"<p>Trump jatkoi CNN:n mukaan uhkailuja iskuilla Venezuelan sis\u00e4maahan.<\/p>\n<p>2.12. 22:42<\/p>\n<p class=\"article-body mb-nof-24 px-nof-16\">Yhdysvaltain presidentti <a class=\"article-personlink\" href=\"https:\/\/www.is.fi\/haku\/?query=Donald%20Trump\" rel=\"nofollow noopener\" target=\"_blank\">Donald Trump<\/a> sanoi tiistaina j\u00e4rjestetyss\u00e4 kabinettikokouksessa Yhdysvaltojen aloittavan pian iskut Venezuelaan, uutisoi uutiskanava <a class=\"article-genericlink\" href=\"https:\/\/edition.cnn.com\/world\/live-news\/trump-ukraine-russia-venezuela-12-02-2025?post-id=cmiox9pvf00003b6nstva0n9q\" rel=\"nofollow noopener\" target=\"_blank\">CNN<\/a>.<\/p>\n<p class=\"article-body mb-nof-24 px-nof-16\">Yhdysvaltojen kohteena ovat v\u00e4itetyt huumeiden salakuljettajat. Trumpin mukaan Yhdysvallat tiet\u00e4\u00e4, miss\u00e4 n\u00e4m\u00e4 v\u00e4itetyt salakuljettajat asuvat.<\/p>\n<p class=\"article-body mb-nof-24 px-nof-16\">Yhdysvallat on tehnyt Karibianmerell\u00e4 useita iskuja veneisiin, joita on v\u00e4itetysti k\u00e4ytetty huumeiden salakuljettamiseen Yhdysvaltoihin. Iskuissa on kuollut useita kymmeni\u00e4 ihmisi\u00e4.<\/p>\n<p class=\"article-body mb-nof-24 px-nof-16\">Trump on uhkaillut Yhdysvaltojen iskuilla Venezuelaan jo viikkojen ajan.<\/p>\n<p class=\"article-body mb-nof-24 px-nof-16\">Suomen ulkoministeri\u00f6 suosittelee v\u00e4ltt\u00e4m\u00e4\u00e4n kaikkea matkustamista Venezuelaan toistaiseksi. Ulkoministeri\u00f6 p\u00e4ivitti tiistaina <a class=\"article-genericlink\" href=\"https:\/\/um.fi\/matkustustiedote\/-\/c\/VE#Turvallisuustaso\" rel=\"nofollow noopener\" target=\"_blank\">Venezuelan-matkustustiedotettaan<\/a>.<\/p>\n<p class=\"article-body mb-nof-24 px-nof-16\">Etel\u00e4-Amerikan Venezuelassa on viime kuukausien aikana raportoitu useista joukkopid\u00e4tyksist\u00e4 ja ulkomaalaisten pid\u00e4tyksist\u00e4. Ne ovat tapahtuneet p\u00e4\u00e4asiassa p\u00e4\u00e4kaupunki Caracasissa.<\/p>\n<p class=\"article-body mb-nof-24 px-nof-16\">Suomen ulkoministeri\u00f6 kehottaa my\u00f6s v\u00e4ltt\u00e4m\u00e4\u00e4n kokoontumisia tai mielenosoituksia. Mielenosoitukset voivat muuttua nopeasti v\u00e4kivaltaisiksi ja johtaa yhteenottoihin poliisin tai asevoimien kanssa.<\/p>\n<p class=\"article-body mb-nof-24 px-nof-16\">Suomen ulkoministeri\u00f6 sanoo, ett\u00e4 edustuston mahdollisuudet avustamiseen ovat v\u00e4h\u00e4isi\u00e4.<\/p>\n<p class=\"article-body mb-nof-24 px-nof-16\">Matkustustiedotteessa tuodaan esiin, ett\u00e4 lentoliikenteess\u00e4 on ajoittaisia h\u00e4iri\u00f6it\u00e4 ja ett\u00e4 kaupalliset lennot saattavat keskeyty\u00e4 ilman ennakkovaroituksia.<\/p>\n<p class=\"article-body mb-nof-24 px-nof-16\">Viikonloppuna Yhdysvaltain presidentti Trump ilmoitti haluavansa lentoliikenteen lakkaavan Venezuelan ja sen ymp\u00e4rist\u00f6n ilmatilassa. H\u00e4n osoitti viestins\u00e4 kaikille lentoyhti\u00f6ille ja maan ilmatilan k\u00e4ytt\u00e4jille.<\/p>\n<p class=\"article-body mb-nof-24 px-nof-16\">Yhdysvallat on keskitt\u00e4nyt syksyn mittaan Karibianmerelle niin paljon sotavoimaa, ettei vastaavaa ole n\u00e4hty sitten Kuuban ohjuskriisin 1960-luvulla.<\/p>\n<p class=\"article-body mb-nof-24 px-nof-16\">Monien asiantuntijoiden mukaan huumeet ovat vain tekosyy sotavoimalle alueella, ja Trumpia kiinnostaa Venezuelassa todellisuudessa \u00f6ljy. YK:n <a class=\"article-genericlink\" href=\"https:\/\/edition.cnn.com\/2025\/09\/01\/americas\/trump-venezuela-maduro-drug-threat-analysis-intl-latam\" rel=\"nofollow noopener\" target=\"_blank\">mukaan<\/a> Venezuela ei tuota itse kokaiinia, ja Yhdysvaltain omienkin viranomaisten mukaan valtaosa maahan tulevasta kokaiinista on per\u00e4isin Kolumbiasta.<\/p>\n","protected":false},"excerpt":{"rendered":"Trump jatkoi CNN:n mukaan uhkailuja iskuilla Venezuelan sis\u00e4maahan. 2.12. 22:42 Yhdysvaltain presidentti Donald Trump sanoi tiistaina j\u00e4rjestetyss\u00e4 kabinettikokouksessa&hellip;\n","protected":false},"author":2,"featured_media":106242,"comment_status":"","ping_status":"","sticky":false,"template":"","format":"standard","meta":{"footnotes":""},"categories":[5],"tags":[22,23,26,27,33,31,30,17,34,24,25,28,29,15,18,21,32,19,20,16],"class_list":{"0":"post-106241","1":"post","2":"type-post","3":"status-publish","4":"format-standard","5":"has-post-thumbnail","7":"category-otsikot","8":"tag-breaking-news","9":"tag-breakingnews","10":"tag-featured-news","11":"tag-featurednews","12":"tag-fi","13":"tag-finland","14":"tag-finnish","15":"tag-headlines","16":"tag-ilta-sanomat","17":"tag-latest-news","18":"tag-latestnews","19":"tag-main-news","20":"tag-mainnews","21":"tag-news","22":"tag-otsikot","23":"tag-paauutiset","24":"tag-suomi","25":"tag-top-stories","26":"tag-topstories","27":"tag-uutiset"},"share_on_mastodon":{"url":"https:\/\/pubeurope.com\/@fi\/115653464744406287","error":""},"_links":{"self":[{"href":"https:\/\/www.europesays.com\/fi\/wp-json\/wp\/v2\/posts\/106241","targetHints":{"allow":["GET"]}}],"collection":[{"href":"https:\/\/www.europesays.com\/fi\/wp-json\/wp\/v2\/posts"}],"about":[{"href":"https:\/\/www.europesays.com\/fi\/wp-json\/wp\/v2\/types\/post"}],"author":[{"embeddable":true,"href":"https:\/\/www.europesays.com\/fi\/wp-json\/wp\/v2\/users\/2"}],"replies":[{"embeddable":true,"href":"https:\/\/www.europesays.com\/fi\/wp-json\/wp\/v2\/comments?post=106241"}],"version-history":[{"count":0,"href":"https:\/\/www.europesays.com\/fi\/wp-json\/wp\/v2\/posts\/106241\/revisions"}],"wp:featuredmedia":[{"embeddable":true,"href":"https:\/\/www.europesays.com\/fi\/wp-json\/wp\/v2\/media\/106242"}],"wp:attachment":[{"href":"https:\/\/www.europesays.com\/fi\/wp-json\/wp\/v2\/media?parent=106241"}],"wp:term":[{"taxonomy":"category","embeddable":true,"href":"https:\/\/www.europesays.com\/fi\/wp-json\/wp\/v2\/categories?post=106241"},{"taxonomy":"post_tag","embeddable":true,"href":"https:\/\/www.europesays.com\/fi\/wp-json\/wp\/v2\/tags?post=106241"}],"curies":[{"name":"wp","href":"https:\/\/api.w.org\/{rel}","templated":true}]}}