{"id":106247,"date":"2025-12-03T03:35:10","date_gmt":"2025-12-03T03:35:10","guid":{"rendered":"https:\/\/www.europesays.com\/fi\/106247\/"},"modified":"2025-12-03T03:35:10","modified_gmt":"2025-12-03T03:35:10","slug":"tommin-piti-osallistua-haluatko-miljonaariksi-ohjelmaan-kavi-traagisesti","status":"publish","type":"post","link":"https:\/\/www.europesays.com\/fi\/106247\/","title":{"rendered":"Tommin piti osallistua Haluatko miljon\u00e4\u00e4riksi -ohjelmaan: \u201dK\u00e4vi traagisesti\u201d"},"content":{"rendered":"<p>Tommi Kortelaisen ensimm\u00e4inen Haluatko miljon\u00e4\u00e4riksi -koitos p\u00e4\u00e4ttyi ennen kuin se ehti kunnolla alkaakaan.<\/p>\n<p><img decoding=\"async\" class=\"image image-show image-preview\" src=\"https:\/\/www.europesays.com\/fi\/wp-content\/uploads\/2025\/12\/3b253dec9d987eb924526a8f264838d325e2420f989ee2fe700eb6065e001a11.jpg\" alt=\"\"\/><img decoding=\"async\" class=\"image image-show\" src=\"https:\/\/www.europesays.com\/fi\/wp-content\/uploads\/2025\/12\/1764732910_529_3b253dec9d987eb924526a8f264838d325e2420f989ee2fe700eb6065e001a11.jpg\" alt=\"\"\/><\/p>\n<p>Tommi Kortelaisen tiet\u00e4mys Euroviisuista tekee vaikutuksen miljon\u00e4\u00e4rivisassa. NUMI NUMMELIN, Sanoma<\/p>\n<p class=\"paragraph\">Helsinkil\u00e4inen Kelan juristi <strong>Tommi Kortelainen<\/strong>, 26, tekee vaikutuksen miljon\u00e4\u00e4rivisailun is\u00e4nt\u00e4\u00e4n <a href=\"https:\/\/www.iltalehti.fi\/henkilot\/Antti Holma\" class=\"article-link-person-page\" rel=\"nofollow noopener\" target=\"_blank\">Antti Holmaan<\/a> ja studioyleis\u00f6\u00f6n.<\/p>\n<p class=\"paragraph\">Tommi tiet\u00e4\u00e4 vaikka ja mit\u00e4 Euroviisuista. Suoraan viisuaiheista kysymyst\u00e4 ei Haluatko miljon\u00e4\u00e4riksi? -ohjelmassa t\u00e4ll\u00e4 kertaa esitet\u00e4, mutta Tommi p\u00e4\u00e4see silti briljeeraamaan erikoisosaamisalueellaan.<\/p>\n<p class=\"paragraph\">Antti kysyy ennen kisan alkua Tommilta t\u00e4m\u00e4n lempiviisua. Yksi sellainen on Ven\u00e4j\u00e4n debyyttiviisu vuodelta 1994. Vet\u0161nyi strannik -kappaleen esitti <strong>Marija Kats<\/strong> taiteilijanimell\u00e4\u00e4n <strong>Judif<\/strong>.<\/p>\n<p class=\"paragraph\">My\u00f6s Antti jakaa oman suosikkinsa.<\/p>\n<p class=\"paragraph\">\u2013\u2009Minun Euroviisu-suosikkibiisini on Giorgio, <strong>Lys Assian<\/strong> kappale, Antti viittaa sveitsil\u00e4iseen <strong>Rosa Mina Schr\u00e4reriin<\/strong> (1924\u20132018), jonka artistinimi Lys Assia oli.<\/p>\n<p class=\"paragraph\">Tommilta tulee esitysvuosi ja sijoituskin pyyt\u00e4m\u00e4tt\u00e4 kuin apteekin hyllylt\u00e4.<\/p>\n<p class=\"paragraph\">\u2013\u20091958. Tuli toiseksi, Tommi kertoo ja on t\u00e4ysin oikeassa.<\/p>\n<p class=\"paragraph\">Antti ja yleis\u00f6 ovat vaikuttuneita. Tommi saakin isot aplodit ja ihastuneita huudahduksia osakseen.<\/p>\n<p>Tommi ei ole koskaan laatinut top 100 -listaa suosikkiviisuistaan, mutta h\u00e4nen viisusyd\u00e4mens\u00e4 sykkii ainakin Ven\u00e4j\u00e4lle. NUMI NUMMELIN, Sanoma<\/p>\n<p class=\"paragraph\">Tommin piti kilpailla ohjelmassa jo pari tuotantokautta sitten, mutta tuolloin matka katkesi ennen kuin se ehti kunnolla alkaakaan.<\/p>\n<p class=\"paragraph\">\u2013\u2009Tulin valituksi, mutta sitten itse kilpailup\u00e4iv\u00e4n\u00e4 k\u00e4vi traagisesti niin, ett\u00e4 jouduin sairaalaan kiireellisesti enk\u00e4 p\u00e4\u00e4ssyt itse ohjelmaan mukaan.<\/p>\n<p class=\"paragraph\">Nyt on revanssin paikka. Samalla Tommi toivoo p\u00e4ihitt\u00e4v\u00e4ns\u00e4 puolisonsa. Kumppani <strong>Joonas Lipponen<\/strong> on istunut kuumalla penkill\u00e4 aiemmin ja voittanut 7\u2009000 euroa. Tommi haluaa ylt\u00e4\u00e4 v\u00e4hint\u00e4\u00e4n samaan ja mielell\u00e4\u00e4n parempaankin lopputulokseen. Joonas kuuluu my\u00f6s Tommin apujoukkoihin. H\u00e4nelle Tommi kilauttaa sattumalta juuri, kun on aika vastata 7\u2009000 euron arvoiseen kysymykseen.<\/p>\n<p>Tommi taitaa tuulettamisen. NUMI NUMMELIN, Sanoma<\/p>\n<p class=\"paragraph\">Haluatko miljon\u00e4\u00e4riksi? t\u00e4n\u00e4\u00e4n Nelosella kello 21.00 &amp; Ruudussa. <a href=\"https:\/\/www.iltalehti.fi\/telkku\/\" rel=\"nofollow noopener\" target=\"_blank\">Katso kaikki\u00a0TV-ohjelmat ja l\u00e4hetysajat Telkun TV-oppaasta<\/a>.<\/p>\n","protected":false},"excerpt":{"rendered":"Tommi Kortelaisen ensimm\u00e4inen Haluatko miljon\u00e4\u00e4riksi -koitos p\u00e4\u00e4ttyi ennen kuin se ehti kunnolla alkaakaan. Tommi Kortelaisen tiet\u00e4mys Euroviisuista tekee&hellip;\n","protected":false},"author":2,"featured_media":106248,"comment_status":"","ping_status":"","sticky":false,"template":"","format":"standard","meta":{"footnotes":""},"categories":[130],"tags":[35,138,137,33,31,30,525,47,141,32,484,109],"class_list":{"0":"post-106247","1":"post","2":"type-post","3":"status-publish","4":"format-standard","5":"has-post-thumbnail","7":"category-viihde","8":"tag-24h","9":"tag-audio","10":"tag-entertainment","11":"tag-fi","12":"tag-finland","13":"tag-finnish","14":"tag-laulaminen-ja-laulajat","15":"tag-musiikki","16":"tag-muusikot-bandit","17":"tag-suomi","18":"tag-taiteellinen-ilmaisu-ja-mediat","19":"tag-viihde"},"share_on_mastodon":{"url":"https:\/\/pubeurope.com\/@fi\/115653543524029789","error":""},"_links":{"self":[{"href":"https:\/\/www.europesays.com\/fi\/wp-json\/wp\/v2\/posts\/106247","targetHints":{"allow":["GET"]}}],"collection":[{"href":"https:\/\/www.europesays.com\/fi\/wp-json\/wp\/v2\/posts"}],"about":[{"href":"https:\/\/www.europesays.com\/fi\/wp-json\/wp\/v2\/types\/post"}],"author":[{"embeddable":true,"href":"https:\/\/www.europesays.com\/fi\/wp-json\/wp\/v2\/users\/2"}],"replies":[{"embeddable":true,"href":"https:\/\/www.europesays.com\/fi\/wp-json\/wp\/v2\/comments?post=106247"}],"version-history":[{"count":0,"href":"https:\/\/www.europesays.com\/fi\/wp-json\/wp\/v2\/posts\/106247\/revisions"}],"wp:featuredmedia":[{"embeddable":true,"href":"https:\/\/www.europesays.com\/fi\/wp-json\/wp\/v2\/media\/106248"}],"wp:attachment":[{"href":"https:\/\/www.europesays.com\/fi\/wp-json\/wp\/v2\/media?parent=106247"}],"wp:term":[{"taxonomy":"category","embeddable":true,"href":"https:\/\/www.europesays.com\/fi\/wp-json\/wp\/v2\/categories?post=106247"},{"taxonomy":"post_tag","embeddable":true,"href":"https:\/\/www.europesays.com\/fi\/wp-json\/wp\/v2\/tags?post=106247"}],"curies":[{"name":"wp","href":"https:\/\/api.w.org\/{rel}","templated":true}]}}