{"id":106255,"date":"2025-12-03T03:40:15","date_gmt":"2025-12-03T03:40:15","guid":{"rendered":"https:\/\/www.europesays.com\/fi\/106255\/"},"modified":"2025-12-03T03:40:15","modified_gmt":"2025-12-03T03:40:15","slug":"saako-raakkylan-kohukunnanjohtaja-erorahaa-johtajasopimus-valaisee-asiaa","status":"publish","type":"post","link":"https:\/\/www.europesays.com\/fi\/106255\/","title":{"rendered":"Saako R\u00e4\u00e4kkyl\u00e4n kohukunnanjohtaja erorahaa? Johtajasopimus valaisee asiaa"},"content":{"rendered":"<p>Kunnanjohtajan johtajasopimuksesta puuttuu er\u00e4s yleinen rahanarvoinen kohta.<\/p>\n<p>2.12. 15:24<\/p>\n<p>Lue tiivistelm\u00e4<\/p>\n<p>Tiivistelm\u00e4 on teko\u00e4lyn tekem\u00e4 ja ihmisen tarkistama.<\/p>\n<p class=\"article-body mb-nof-24 px-nof-16 sndp-summary-bullet-point-font\">R\u00e4\u00e4kkyl\u00e4n viestittelykohun keskelle joutuneen kunnanjohtaja Esko Rautiaisen johtajasopimus on poikkeuksellinen, sill\u00e4 siin\u00e4 ei ole sovittu rahallisesta irtisanomiskorvauksesta.<\/p>\n<p class=\"article-body mb-nof-24 px-nof-16 sndp-summary-bullet-point-font\">Kuntaliiton asiantuntijat kertovat, ett\u00e4 l\u00e4hes kaikissa kunnanjohtajien sopimuksissa on irtisanomiskorvaus, joka voi vastata kuudesta kuukaudesta kahteen vuoteen palkkaa.<\/p>\n<p class=\"article-body mb-nof-24 px-nof-16 sndp-summary-bullet-point-font\">Kunnanvaltuuston puheenjohtaja kertoo Ylelle, ett\u00e4 Rautiainen irtisanotaan, jos h\u00e4n ei itse eroa.<\/p>\n<p class=\"article-body mb-nof-24 px-nof-16\">Viestittelykohun keskell\u00e4 olevan R\u00e4\u00e4kkyl\u00e4n kunnanjohtajan johtajasopimus on poikkeuksellinen, arvioi Kuntaliiton tutkimusp\u00e4\u00e4llikk\u00f6 <a class=\"article-personlink\" href=\"https:\/\/www.is.fi\/haku\/?query=Marianne%20Pekola-Sj%C3%B6blom\" rel=\"nofollow noopener\" target=\"_blank\">Marianne Pekola-Sj\u00f6blom<\/a>.<\/p>\n<p class=\"article-body mb-nof-24 px-nof-16\">Ilta-Sanomat sai k\u00e4siins\u00e4 seksuaaliss\u00e4vytteisi\u00e4 someviestej\u00e4 l\u00e4hetelleen kunnanjohtaja <a class=\"article-personlink\" href=\"https:\/\/www.is.fi\/haku\/?query=Esko%20Rautiaisen\" rel=\"nofollow noopener\" target=\"_blank\">Esko Rautiaisen<\/a> johtajasopimuksen tietopyynn\u00f6ll\u00e4.<\/p>\n<p class=\"article-body mb-nof-24 px-nof-16\">Rautiaisen ja kunnan v\u00e4lisess\u00e4 johtajasopimuksessa sovitaan esimerkiksi kunnanjohtajan teht\u00e4vist\u00e4, tavoitteista ja palkasta, joka kunnanjohtajan aloittaessa on 6\u202f500 euroa kuussa.<\/p>\n<p class=\"article-body mb-nof-24 px-nof-16\">Poikkeuksellisen sopimuksesta tekee se, ettei rahallista irtisanomiskorvausta ole sovittu.<\/p>\n<p class=\"article-body mb-nof-24 px-nof-16\">Rautiaisen johtajasopimuksen mukaan erorahaa ei makseta, jos kunnanjohtaja irtisanoutuu itse. Jos h\u00e4n ei eroa omatoimisesti, voidaan kunnanjohtaja sopimuksen mukaan irtisanoa luottamuspulan vuoksi.<\/p>\n<p class=\"article-body mb-nof-24 px-nof-16\">Kuntaliiton Pekola-Sj\u00f6blom k\u00e4vi johtajasopimuksen Ilta-Sanomien pyynn\u00f6st\u00e4 l\u00e4pi. H\u00e4n kertoo Ilta-Sanomille antamassaan s\u00e4hk\u00f6postivastauksessa, ett\u00e4 on harvinaista, ettei johtajasopimuksessa ole mainittu irtisanomiskorvauksesta.<\/p>\n<p class=\"article-body mb-nof-24 px-nof-16\">\u2013 Itse muistan ainoastaan Sysm\u00e4n kunnanjohtajan erottamistapauksen, jolloin tuli vastaava ilmi, h\u00e4n kertoo viestiss\u00e4\u00e4n.<\/p>\n<p class=\"article-body mb-nof-24 px-nof-16\">Sysm\u00e4n kunnanjohtaja <a class=\"article-personlink\" href=\"https:\/\/www.is.fi\/haku\/?query=Marketta%20Kitki%C3%B6joki\" rel=\"nofollow noopener\" target=\"_blank\">Marketta Kitki\u00f6joki<\/a> erotettiin luottamuspulan perusteella lokakuussa 2023. H\u00e4meenlinnan hallinto-oikeus totesi t\u00e4m\u00e4n vuoden marraskuussa, ett\u00e4 Sysm\u00e4n valtuustolla ei ollut syksyll\u00e4 2023 riitt\u00e4vi\u00e4 syit\u00e4 irtisanoa kunnanjohtajaa.<\/p>\n<p><img decoding=\"async\" src=\"https:\/\/www.europesays.com\/fi\/wp-content\/uploads\/2025\/12\/1764733214_388_468.jpg\" alt=\"Rautiainen sai jo kev\u00e4\u00e4ll\u00e4 2024 varoituksen h\u00e4rskist\u00e4 someviestittelyst\u00e4\u00e4n. Tuolloin kunnanhallitus linjasi, ett\u00e4 toinen varoitus tarkoittaisi irtisanomista.\" class=\"_Img_1rerz_1\" style=\"aspect-ratio:1.7777777777777777\" loading=\"eager\"\/><\/p>\n<p class=\"article-picture-caption\">Rautiainen sai jo kev\u00e4\u00e4ll\u00e4 2024 varoituksen h\u00e4rskist\u00e4 someviestittelyst\u00e4\u00e4n. Tuolloin kunnanhallitus linjasi, ett\u00e4 toinen varoitus tarkoittaisi irtisanomista. Kuva:\u00a0Soila Puurtinen<\/p>\n<p class=\"article-body mb-nof-24 px-nof-16\">Kuntaliiton juristi <a class=\"article-personlink\" href=\"https:\/\/www.is.fi\/haku\/?query=Kirsi%20Lamberg\" rel=\"nofollow noopener\" target=\"_blank\">Kirsi Lamberg<\/a> toteaa, ett\u00e4 irtisanomiskorvauksen puuttuminen johtajasopimuksesta on hyvin poikkeuksellista.<\/p>\n<p class=\"article-body mb-nof-24 px-nof-16\">\u2013 L\u00e4hes poikkeuksetta n\u00e4iss\u00e4 sopimuksissa on t\u00e4llainen korvauselementti olemassa, h\u00e4n kommentoi yleisell\u00e4 tasolla.<\/p>\n<p class=\"article-body mb-nof-24 px-nof-16\">Kuinka suuria summia kunnanjohtajien irtisanomiskorvaukset sitten yleens\u00e4 ovat?<\/p>\n<p class=\"article-body mb-nof-24 px-nof-16\">\u2013 Olen n\u00e4hnyt kuuden kuukauden ja vuoden palkkaa vastaavaa summaa. Kahden vuoden palkkaa vastaava summa on ehk\u00e4 suurin, mink\u00e4 tunnistan, Lamberg avaa.<\/p>\n<p class=\"article-body mb-nof-24 px-nof-16\">Kuntapomon palkka vaihtelee paljon kunnasta ja kaupungista riippuen. <a class=\"article-genericlink\" href=\"https:\/\/yle.fi\/a\/74-20083781\" rel=\"nofollow noopener\" target=\"_blank\">Ylen<\/a> viimevuotisen selvityksen mukaan kuntien johtajat saavat keskim\u00e4\u00e4rin palkkaa noin 9\u202f000 euroa kuussa, mutta vaihtelua on paljon.<\/p>\n<p class=\"article-body mb-nof-24 px-nof-16\">Kovapalkkaisin oli tuolloin Espoon silloinen kaupunginjohtaja <a class=\"article-personlink\" href=\"https:\/\/www.is.fi\/haku\/?query=Jukka%20M%C3%A4kel%C3%A4\" rel=\"nofollow noopener\" target=\"_blank\">Jukka M\u00e4kel\u00e4<\/a> 18\u202f000 euron kuukausipalkalla. Pienipalkkaisin kuntajohtaja oli P\u00e4ij\u00e4t-H\u00e4meess\u00e4 sijaitsevan K\u00e4rk\u00f6l\u00e4n silloinen pormestari <a class=\"article-personlink\" href=\"https:\/\/www.is.fi\/haku\/?query=Markku%20Koskinen\" rel=\"nofollow noopener\" target=\"_blank\">Markku Koskinen<\/a>. H\u00e4nen kuukausipalkkansa pormestarina oli reilut 3\u202f000 euroa.<\/p>\n<p class=\"article-body mb-nof-24 px-nof-16\">T\u00e4n\u00e4 vuonna K\u00e4rk\u00f6l\u00e4n johtoon siirtyi <a class=\"article-personlink\" href=\"https:\/\/www.is.fi\/haku\/?query=Eija%20Liikamaa\" rel=\"nofollow noopener\" target=\"_blank\">Eija Liikamaa<\/a> kunnan siirtyess\u00e4 samalla kunnanjohtajamalliin.<\/p>\n<p><img decoding=\"async\" src=\"https:\/\/www.europesays.com\/fi\/wp-content\/uploads\/2025\/12\/1764733214_503_468.jpg\" alt=\"Rautiainen kirjoitteli Instagramin Threads-alustalla naisille osittain seksuaaliss\u00e4vytteisesti.\" class=\"_Img_1rerz_1\" style=\"aspect-ratio:1.7777777777777777\" loading=\"eager\"\/><\/p>\n<p class=\"article-picture-caption\">Rautiainen kirjoitteli Instagramin Threads-alustalla naisille osittain seksuaaliss\u00e4vytteisesti. Kuva:\u00a0Ruutukaappaus Threads-palvelusta<\/p>\n<p class=\"article-body mb-nof-24 px-nof-16\">Ennen kuin uusi kunnanjohtaja aloittaa, tulee kuntalain mukaan t\u00e4m\u00e4n kanssa tehd\u00e4 johtajasopimus.<\/p>\n<p class=\"article-body mb-nof-24 px-nof-16\">Sopimus on Lambergin mukaan er\u00e4\u00e4nlainen johtamisen ty\u00f6kalu. Siin\u00e4 sovitaan yleens\u00e4 esimerkiksi kunnanjohtajan teht\u00e4vist\u00e4, ty\u00f6njaosta ja tavoitteista.<\/p>\n<p class=\"article-body mb-nof-24 px-nof-16\">Lis\u00e4ksi on tavallista, ett\u00e4 johtajasopimuksessa sovitaan palkkauksesta, mahdollisista eduista ja ristiriitatilanteiden ratkaisemisesta.<\/p>\n<p class=\"article-body mb-nof-24 px-nof-16\">\u2013 Sopimuksessa voi olla s\u00e4\u00e4nn\u00f6s menettelytavoista, ep\u00e4luottamustilanteista ja erokorvauksesta, Lamberg erittelee.<\/p>\n<p class=\"article-body mb-nof-24 px-nof-16\">Kuntalaki ei erittele Lambergin mukaan kovinkaan tarkasti, mit\u00e4 johtajasopimuksessa pit\u00e4\u00e4 lain mukaan olla. Johtajasopimukset ovatkin sopimusvapauden piiriss\u00e4.<\/p>\n<p><img decoding=\"async\" src=\"https:\/\/www.europesays.com\/fi\/wp-content\/uploads\/2025\/12\/1764733215_956_468.jpg\" alt=\"Rautiainen puolusti maakuntalehti Karjalaisessa somelausuntojaan perustellen toimintaansa seksuaalisuuden ilmaisulla.\" class=\"_Img_1rerz_1\" style=\"aspect-ratio:1.7777777777777777\" loading=\"eager\"\/><\/p>\n<p class=\"article-picture-caption\">Rautiainen puolusti maakuntalehti Karjalaisessa somelausuntojaan perustellen toimintaansa seksuaalisuuden ilmaisulla. Kuva:\u00a0Sirpa R\u00e4ih\u00e4<\/p>\n<p class=\"article-body mb-nof-24 px-nof-16\">R\u00e4\u00e4kkyl\u00e4n kunnanjohtaja nousi j\u00e4lleen julkisuuteen viestittelyll\u00e4\u00e4n, kun h\u00e4nen kerrottiin kirjoitelleen kuukausien ajan Instagramin Threads-alustalla naisille osittain seksuaaliss\u00e4vytteisesti.<\/p>\n<p class=\"article-body mb-nof-24 px-nof-16\">R\u00e4\u00e4kkyl\u00e4n kunnanhallituksen puheenjohtaja <a class=\"article-personlink\" href=\"https:\/\/www.is.fi\/haku\/?query=Markku%20Laasonen\" rel=\"nofollow noopener\" target=\"_blank\">Markku Laasonen<\/a> (kesk) kertoi Ilta-Sanomille maanantaina tekstiviestitse, ett\u00e4 kunnanjohtajan mahdollisesta irtisanomisesta neuvotellaan ensisijaisesti viel\u00e4 Rautiaisen kanssa.<\/p>\n<p class=\"article-body mb-nof-24 px-nof-16\">Kunnanvaltuuston puheenjohtaja <a class=\"article-personlink\" href=\"https:\/\/www.is.fi\/haku\/?query=Tapio%20H%C3%A4m%C3%A4l%C3%A4inen\" rel=\"nofollow noopener\" target=\"_blank\">Tapio H\u00e4m\u00e4l\u00e4inen<\/a> (vas) kertoi maanantaina <a class=\"article-genericlink\" href=\"https:\/\/yle.fi\/a\/74-20197110\" rel=\"nofollow noopener\" target=\"_blank\">Ylelle<\/a>, ett\u00e4 Rautiainen irtisanotaan, jos h\u00e4n ei itse eroa.<\/p>\n<p class=\"article-body mb-nof-24 px-nof-16\">\u2013 Nyt odotamme kunnanjohtajan kantaa asiaan. Mik\u00e4li sopuratkaisua ei synny viimeist\u00e4\u00e4n keskiviikkona, asia tuodaan valtuuston kokoukseen ensi viikolla, H\u00e4m\u00e4l\u00e4inen kertoo Ylelle.<\/p>\n<p class=\"article-body mb-nof-24 px-nof-16\">Kunnanjohtaja Rautiainen ei vastannut Ilta-Sanomien haastattelupyynt\u00f6\u00f6n mahdolliseen irtisanomiseen liittyen.<\/p>\n","protected":false},"excerpt":{"rendered":"Kunnanjohtajan johtajasopimuksesta puuttuu er\u00e4s yleinen rahanarvoinen kohta. 2.12. 15:24 Lue tiivistelm\u00e4 Tiivistelm\u00e4 on teko\u00e4lyn tekem\u00e4 ja ihmisen tarkistama.&hellip;\n","protected":false},"author":2,"featured_media":96456,"comment_status":"","ping_status":"","sticky":false,"template":"","format":"standard","meta":{"footnotes":""},"categories":[12],"tags":[22,23,26,27,33,31,30,17,34,24,25,28,29,15,18,21,32,19,20,16],"class_list":{"0":"post-106255","1":"post","2":"type-post","3":"status-publish","4":"format-standard","5":"has-post-thumbnail","7":"category-suomi","8":"tag-breaking-news","9":"tag-breakingnews","10":"tag-featured-news","11":"tag-featurednews","12":"tag-fi","13":"tag-finland","14":"tag-finnish","15":"tag-headlines","16":"tag-ilta-sanomat","17":"tag-latest-news","18":"tag-latestnews","19":"tag-main-news","20":"tag-mainnews","21":"tag-news","22":"tag-otsikot","23":"tag-paauutiset","24":"tag-suomi","25":"tag-top-stories","26":"tag-topstories","27":"tag-uutiset"},"share_on_mastodon":{"url":"https:\/\/pubeurope.com\/@fi\/115653563327026547","error":""},"_links":{"self":[{"href":"https:\/\/www.europesays.com\/fi\/wp-json\/wp\/v2\/posts\/106255","targetHints":{"allow":["GET"]}}],"collection":[{"href":"https:\/\/www.europesays.com\/fi\/wp-json\/wp\/v2\/posts"}],"about":[{"href":"https:\/\/www.europesays.com\/fi\/wp-json\/wp\/v2\/types\/post"}],"author":[{"embeddable":true,"href":"https:\/\/www.europesays.com\/fi\/wp-json\/wp\/v2\/users\/2"}],"replies":[{"embeddable":true,"href":"https:\/\/www.europesays.com\/fi\/wp-json\/wp\/v2\/comments?post=106255"}],"version-history":[{"count":0,"href":"https:\/\/www.europesays.com\/fi\/wp-json\/wp\/v2\/posts\/106255\/revisions"}],"wp:featuredmedia":[{"embeddable":true,"href":"https:\/\/www.europesays.com\/fi\/wp-json\/wp\/v2\/media\/96456"}],"wp:attachment":[{"href":"https:\/\/www.europesays.com\/fi\/wp-json\/wp\/v2\/media?parent=106255"}],"wp:term":[{"taxonomy":"category","embeddable":true,"href":"https:\/\/www.europesays.com\/fi\/wp-json\/wp\/v2\/categories?post=106255"},{"taxonomy":"post_tag","embeddable":true,"href":"https:\/\/www.europesays.com\/fi\/wp-json\/wp\/v2\/tags?post=106255"}],"curies":[{"name":"wp","href":"https:\/\/api.w.org\/{rel}","templated":true}]}}