{"id":106256,"date":"2025-12-03T03:41:08","date_gmt":"2025-12-03T03:41:08","guid":{"rendered":"https:\/\/www.europesays.com\/fi\/106256\/"},"modified":"2025-12-03T03:41:08","modified_gmt":"2025-12-03T03:41:08","slug":"ilvekselle-tuli-luulajassa-kauden-ensimmainen-chl-tappio-kalpa-havisi-gavlessa-murskalukemin-chl-02-12-2025-uutiset-jatkoaika-com","status":"publish","type":"post","link":"https:\/\/www.europesays.com\/fi\/106256\/","title":{"rendered":"Ilvekselle tuli Luulajassa kauden ensimm\u00e4inen CHL-tappio, KalPa h\u00e4visi G\u00e4vless\u00e4 murskalukemin &#8211; CHL &#8211; 02.12.2025 &#8211; Uutiset &#8211; Jatkoaika.com"},"content":{"rendered":"<p>Ilves k\u00e4rsi t\u00e4m\u00e4n kauden\u00a0yhdeks\u00e4nness\u00e4 CHL-ottelussaan\u00a0ensimm\u00e4isen tappionsa. Lule\u00e5 Hockey oli parempi kuitenkin vain niukasti 3\u20132, mik\u00e4 takaa Ilvekselle hyv\u00e4t asetelmat j\u00e4lkimm\u00e4iseen puoliv\u00e4lier\u00e4otteluun. Yhteismaalit ratkaisevat v\u00e4lieriin menij\u00e4n, kun ratkaiseva kamppailu pelataan Nokia-areenalla kahden viikon p\u00e4\u00e4st\u00e4.<\/p>\n<p>Illan ottelussa Luulajassa Ilves oli nousujohteinen. Avauser\u00e4ss\u00e4 se ei saanut peli\u00e4\u00e4n urille kuin yhden ylivoimatilaisuutensa aikana. Joukkueen luistin ei liikkunut ja Lule\u00e5 pakotti temmollaan Ilveksen huonoihin kiekollisiin ratkaisuihin.<\/p>\n<p>Lule\u00e5 onnistui maalinteossa ensimm\u00e4isess\u00e4 er\u00e4ss\u00e4 kahdesti. J\u00e4lkimm\u00e4isest\u00e4 maalista vastasi ylivoimalla <strong>Markus Nurmi<\/strong>. T\u00e4m\u00e4 oli Ilveksen vasta ensimm\u00e4inen alivoimalla p\u00e4\u00e4stetty maali t\u00e4m\u00e4n kauden CHL:ss\u00e4.<\/p>\n<p>Toisessa er\u00e4ss\u00e4 Ilveksen hy\u00f6kk\u00e4yspeli k\u00e4ynnistyi jo jollakin tasolla, mutta maalintekoyritykset j\u00e4iv\u00e4t yh\u00e4 vaisuiksi. P\u00e4\u00e4t\u00f6ser\u00e4ss\u00e4 sen sijaan U20-ik\u00e4iset <strong>Eemil Laurell<\/strong> ja <strong>Timi Teuho-Markkola<\/strong> onnistuivat kaventamaan ottelun kahdesti, sill\u00e4 v\u00e4liss\u00e4 Lule\u00e5 lis\u00e4si johtoaan 3\u20131:een.<\/p>\n<p>Ilveksell\u00e4 oli kokoonpanossaan kaikkiaan kahdeksan U20-pelaajaa. Viime viikolla pelanneista konkaripelaajista puuttuivat\u00a0<strong>Erik Borg<\/strong>, <strong>Jens L\u00f6\u00f6ke<\/strong>,<strong> Olli Palola<\/strong>,<strong> Joonas N\u00e4ttinen<\/strong> ja<strong> Kasper Bj\u00f6rkqvist<\/strong>. Maalille komennettu <strong>Mantas Armalis<\/strong> piti useilla huipputorjunnoillaan Ilveksen\u00a0peliss\u00e4 mukana.<\/p>\n<p>KalPa sai kyyti\u00e4 Bryn\u00e4silt\u00e4<\/p>\n<p>KalPa aloitti oman puoliv\u00e4lier\u00e4taipaleensa G\u00e4vless\u00e4. Kuopiolaisten esitys j\u00e4tti kuitenkin paljon toivomisen varaa, sill\u00e4 Bryn\u00e4s IF otti 5\u20131-murskavoiton. KalPa teki paljon virheit\u00e4 ja h\u00e4visi s\u00e4\u00e4nn\u00f6nmukaisesti kaksinkamppailut.<\/p>\n<p>KalPa sai kyll\u00e4kin otteluun unelma-alun. <strong>Teemu Hartikainen<\/strong> puski kiekollisena Bryn\u00e4sin maalin takana h\u00e4r\u00e4n lailla ja sy\u00f6tti peliv\u00e4lineen maalin eteen <strong>Andreas Okanylle<\/strong>, joka ujutti KalPan 1\u20130-johtoon vain 25 sekunnin pelin j\u00e4lkeen.<\/p>\n<p>Bryn\u00e4sin tasoitus tuli nelisen minuuttia my\u00f6hemmin karkean KalPa-virheen seurauksena. <strong>Patrick Curry<\/strong> antoi keskialueella harhasy\u00f6t\u00f6n suoraan <strong>Axel Jonsson-Fj\u00e4llbyn<\/strong> lapaan ja t\u00e4m\u00e4 purjehti kent\u00e4n l\u00e4pi ja tasoitti ottelun.<\/p>\n<p>Toisessa er\u00e4ss\u00e4 Bryn\u00e4s vei ja KalPa vikisi. Kuopiolaisittain sysimustan er\u00e4n puoliv\u00e4liss\u00e4 ruotsalaisten dominointi vihdoin palkittiin, kun Bryn\u00e4s iski kahdella siniviivalaukauksella lukemat hetkess\u00e4 3\u20131:een. Nelj\u00e4 sekuntia ennen toista er\u00e4taukoa kotijoukkue teki jo 4\u20131.<\/p>\n<p>P\u00e4\u00e4t\u00f6ser\u00e4ss\u00e4 KalPa sai ottelun ensimm\u00e4isen ylivoimansa, mutta kuopiolaisten pakkopelik\u00e4\u00e4n ei l\u00e4htenyt py\u00f6rim\u00e4\u00e4n. Sen sijaan Bryn\u00e4s lis\u00e4si j\u00e4\u00e4hyns\u00e4 p\u00e4\u00e4tytty\u00e4 johtoaan 5\u20131:een. N\u00e4m\u00e4 j\u00e4iv\u00e4t loppulukemiksi.<\/p>\n<p>Lukko on tulessa huomenna<\/p>\n<p>CHL:n puoliv\u00e4lierien ensimm\u00e4isten otteluiden kierros viimeistell\u00e4\u00e4n keskiviikkona, kun Lukko kohtaa sveitsil\u00e4isen EV Zugin. Lukko aloittaa sarjan kotiedustaan huolimatta Raumalla, koska\u00a0CHL ilmoitti yksipuolisesti, ett\u00e4 EV Zugin hallivarausten takia puoliv\u00e4lier\u00e4pelit <a href=\"https:\/\/www.satakunnankansa.fi\/jaakiekko\/art-2000011641941.html\" rel=\"nofollow noopener\" target=\"_blank\">k\u00e4\u00e4nnet\u00e4\u00e4n toisinp\u00e4in<\/a>.<\/p>\n<p><strong>CHL:n puoliv\u00e4lierien avausottelut 2.12.2025:<\/strong><\/p>\n<p>Lule\u00e5 Hockey\u2013Ilves 3\u20132<br \/>Bryn\u00e4s IF\u2013KalPa 5\u20131<br \/>ERC Ingolstadt\u2013Fr\u00f6lunda HC\u00a01\u20133<\/p>\n<p>Kahden ottelun yhteismaalit ratkaisevat jatkoonmenij\u00e4t.<\/p>\n<p>Muokattu 2.12.25 klo 23.10: Lis\u00e4tty ERC Ingolstadt\u2013Fr\u00f6lunda HC ottelun lopputulos<\/p>\n","protected":false},"excerpt":{"rendered":"Ilves k\u00e4rsi t\u00e4m\u00e4n kauden\u00a0yhdeks\u00e4nness\u00e4 CHL-ottelussaan\u00a0ensimm\u00e4isen tappionsa. Lule\u00e5 Hockey oli parempi kuitenkin vain niukasti 3\u20132, mik\u00e4 takaa Ilvekselle hyv\u00e4t&hellip;\n","protected":false},"author":2,"featured_media":106257,"comment_status":"","ping_status":"","sticky":false,"template":"","format":"standard","meta":{"footnotes":""},"categories":[5],"tags":[22,23,26,27,33,31,30,17,20007,20008,24,25,28,29,15,18,21,32,19,20,16],"class_list":{"0":"post-106256","1":"post","2":"type-post","3":"status-publish","4":"format-standard","5":"has-post-thumbnail","7":"category-otsikot","8":"tag-breaking-news","9":"tag-breakingnews","10":"tag-featured-news","11":"tag-featurednews","12":"tag-fi","13":"tag-finland","14":"tag-finnish","15":"tag-headlines","16":"tag-ilvekselle-tuli-luulajassa-kauden-ensimmainen-chl-tappio","17":"tag-kalpa-havisi-gavlessa-murskalukemin-chl-02-12-2025-uutiset-jatkoaika-com-kaikki-jaakiekosta","18":"tag-latest-news","19":"tag-latestnews","20":"tag-main-news","21":"tag-mainnews","22":"tag-news","23":"tag-otsikot","24":"tag-paauutiset","25":"tag-suomi","26":"tag-top-stories","27":"tag-topstories","28":"tag-uutiset"},"share_on_mastodon":{"url":"https:\/\/pubeurope.com\/@fi\/115653566987240881","error":""},"_links":{"self":[{"href":"https:\/\/www.europesays.com\/fi\/wp-json\/wp\/v2\/posts\/106256","targetHints":{"allow":["GET"]}}],"collection":[{"href":"https:\/\/www.europesays.com\/fi\/wp-json\/wp\/v2\/posts"}],"about":[{"href":"https:\/\/www.europesays.com\/fi\/wp-json\/wp\/v2\/types\/post"}],"author":[{"embeddable":true,"href":"https:\/\/www.europesays.com\/fi\/wp-json\/wp\/v2\/users\/2"}],"replies":[{"embeddable":true,"href":"https:\/\/www.europesays.com\/fi\/wp-json\/wp\/v2\/comments?post=106256"}],"version-history":[{"count":0,"href":"https:\/\/www.europesays.com\/fi\/wp-json\/wp\/v2\/posts\/106256\/revisions"}],"wp:featuredmedia":[{"embeddable":true,"href":"https:\/\/www.europesays.com\/fi\/wp-json\/wp\/v2\/media\/106257"}],"wp:attachment":[{"href":"https:\/\/www.europesays.com\/fi\/wp-json\/wp\/v2\/media?parent=106256"}],"wp:term":[{"taxonomy":"category","embeddable":true,"href":"https:\/\/www.europesays.com\/fi\/wp-json\/wp\/v2\/categories?post=106256"},{"taxonomy":"post_tag","embeddable":true,"href":"https:\/\/www.europesays.com\/fi\/wp-json\/wp\/v2\/tags?post=106256"}],"curies":[{"name":"wp","href":"https:\/\/api.w.org\/{rel}","templated":true}]}}