{"id":106268,"date":"2025-12-03T04:06:11","date_gmt":"2025-12-03T04:06:11","guid":{"rendered":"https:\/\/www.europesays.com\/fi\/106268\/"},"modified":"2025-12-03T04:06:11","modified_gmt":"2025-12-03T04:06:11","slug":"bussi-kaatui-aanekosken-konginkankaalla-onnettomuusmutkaa-kunnostetaan-ehka-jo-lahiaikoina-keski-suomi","status":"publish","type":"post","link":"https:\/\/www.europesays.com\/fi\/106268\/","title":{"rendered":"Bussi kaatui \u00c4\u00e4nekosken Konginkankaalla \u2013 onnettomuus\u00admutkaa kunnostetaan ehk\u00e4 jo l\u00e4hiaikoina | Keski-Suomi"},"content":{"rendered":"<p class=\"aw-1gybjub aw-5vja16 kEtdKx kmuxyA yle__article__paragraph\">Koululaisia ja opiskelijoita kuljettanut linja-auto kaatui \u00c4\u00e4nekoskella maanantaina. Keski-Suomen ely-keskuksen mukaan onnettomuus\u00adtielle tehd\u00e4\u00e4n ensiapu\u00adkorjausta mahdollisimman pian.<\/p>\n<p><img decoding=\"async\" alt=\"Pelastuslaitoksen ajoneuvoja tiell\u00e4 ja tien vieress\u00e4 ojaan kaatunut bussi.\" src=\"https:\/\/www.europesays.com\/fi\/wp-content\/uploads\/2025\/12\/39-1562159692d64d8af642.jpeg\" class=\"aw-1l9m598 hKVVvP\"\/><\/p>\n<p>Avaa kuvien katselu<\/p>\n<p>Seutuliikenteen linja-autossa oli onnettomuuden tapahtuessa kuljettajan lis\u00e4ksi 37 matkustajaa. Kuva: Timo Hyt\u00f6nen \/ Yle<\/p>\n<p class=\"aw-1gybjub aw-1p7kakr kEtdKx cEmitX yle__article__paragraph\">\u00c4\u00e4nekosken Konginkankaan Liimattalantiet\u00e4 saatetaan kunnostaa jo l\u00e4hiaikoina, kertoo Keski-Suomen ely-keskuksesta kunnossapitop\u00e4\u00e4llikk\u00f6 <strong class=\"aw-ak79eh KyCXm yle__article__strong\">Jere Toppinen<\/strong>.<\/p>\n<p class=\"aw-1gybjub aw-1p7kakr kEtdKx cEmitX yle__article__paragraph\">Koululaisia ja opiskelijoita kuljettanut seutuliikenteen bussi kaatui <a class=\"aw-iao6s4 iHOxEa yle__article__link\" href=\"https:\/\/yle.fi\/a\/74-20197074\" role=\"link\" rel=\"nofollow noopener\" target=\"_blank\">Liimattalantiell\u00e4 maanantaina aamulla<\/a>. Kyydiss\u00e4 oli kuljettajan lis\u00e4ksi 37 matkustajaa. Valtaosa matkustajista oli Suolahden yhten\u00e4iskouluun matkalla olleita yl\u00e4koululaisia.<\/p>\n<p class=\"aw-1gybjub aw-1p7kakr kEtdKx cEmitX yle__article__paragraph\">Kukaan ei loukkaantunut onnettomuudessa vakavasti.<\/p>\n<p class=\"aw-1gybjub aw-1p7kakr kEtdKx cEmitX yle__article__paragraph\">Toppinen toteaa, ett\u00e4 onnettomuuspaikan kallistusta korjataan murskeella mahdollisesti jo ennen pakkasia. S\u00e4\u00e4 voi kuitenkin vaikuttaa kunnostuksen aikatauluun.<\/p>\n<p class=\"aw-1gybjub aw-1p7kakr kEtdKx cEmitX yle__article__paragraph\">\u2013 Tehd\u00e4\u00e4n nyt, mit\u00e4 sille voi tehd\u00e4. Kallistus ei varmaankaan ole ollut onnettomuuden syy, mutta teemme pikaisen toimenpiteen tielle, koska sill\u00e4 on koululaisliikennett\u00e4, sanoo Toppinen.<\/p>\n<p>Tien kunnossapidosta selvitys<\/p>\n<p class=\"aw-1gybjub aw-1p7kakr kEtdKx cEmitX yle__article__paragraph\">Liimattalantie oli onnettomuuden tapahtuessa j\u00e4inen ja eritt\u00e4in liukas. Tienpit\u00e4j\u00e4 on ely-keskus ja tieosuuden kunnossapidosta vastaa Destia. Ely selvitt\u00e4\u00e4 nyt my\u00f6s tien kunnossapitoa Destian kanssa.<\/p>\n<p class=\"aw-1gybjub aw-1p7kakr kEtdKx cEmitX yle__article__paragraph\">Tie oli Toppisen mukaan hiekoitettu ennen onnettomuutta viimeksi perjantaina.<\/p>\n<p class=\"aw-1gybjub aw-1p7kakr kEtdKx cEmitX yle__article__paragraph\">\u2013 Sellainen k\u00e4sitys on, ett\u00e4 siell\u00e4 on ollut liukkautta, jota siell\u00e4 ei olisi saanut olla. Selvitysty\u00f6 on k\u00e4ynniss\u00e4, miten toimenpiteet ovat menneet ja miten he ovat tulkinneet, ettei uusille toimille ole perjantain j\u00e4lkeen ollut tarvetta, kuvailee Toppinen.<\/p>\n<p class=\"aw-1gybjub aw-1p7kakr kEtdKx cEmitX yle__article__paragraph\">Sorapintainen Liimattalantie kuuluu alempaan hoitoluokkaan kuin esimerkiksi l\u00e4heiset p\u00e4\u00e4llystetyt tiet.<\/p>\n<p class=\"aw-1gybjub aw-1p7kakr kEtdKx cEmitX yle__article__paragraph\">Ely toivoo alueen kouluja ilmoittamaan matalalla kynnyksell\u00e4, mik\u00e4li koululiikenteen sujuvuudessa on ongelmia.<\/p>\n<p class=\"aw-1gybjub aw-1p7kakr kEtdKx cEmitX yle__article__paragraph\">\u2013 Urakoitsijanhan t\u00e4ytyy aina selvitt\u00e4\u00e4 koulukuljetukset. On heid\u00e4n vastuullaan selvitt\u00e4\u00e4 ne ennen koulujen alkua. Vaikka kyseess\u00e4 on kakkoshoitoluokan tie, niin se on koulukuljetusten kautta kuitenkin v\u00e4h\u00e4n eri asemassa kuin muut kakkosluokan tiet.<\/p>\n<p class=\"aw-1gybjub aw-1p7kakr kEtdKx cEmitX yle__article__paragraph\"><strong class=\"aw-ak79eh KyCXm yle__article__strong\">Maanantaina v\u00e4h\u00e4n linja-auton ulosajon j\u00e4lkeen kuvatusta videosta n\u00e4kyy, ett\u00e4 Liimattalantie oli onnettomuuden aikaan eritt\u00e4in liukas:<\/strong><\/p>\n<p>Video: Demian Meiksan<\/p>\n","protected":false},"excerpt":{"rendered":"Koululaisia ja opiskelijoita kuljettanut linja-auto kaatui \u00c4\u00e4nekoskella maanantaina. Keski-Suomen ely-keskuksen mukaan onnettomuus\u00adtielle tehd\u00e4\u00e4n ensiapu\u00adkorjausta mahdollisimman pian. Avaa kuvien&hellip;\n","protected":false},"author":2,"featured_media":106269,"comment_status":"","ping_status":"","sticky":false,"template":"","format":"standard","meta":{"footnotes":""},"categories":[12],"tags":[12845,7138,22,23,26,27,33,31,30,17,474,20014,71,24,25,1161,28,29,15,18,21,32,9253,20013,19,20,16],"class_list":{"0":"post-106268","1":"post","2":"type-post","3":"status-publish","4":"format-standard","5":"has-post-thumbnail","7":"category-suomi","8":"tag-aanekosken-seutukunta","9":"tag-aanekoski","10":"tag-breaking-news","11":"tag-breakingnews","12":"tag-featured-news","13":"tag-featurednews","14":"tag-fi","15":"tag-finland","16":"tag-finnish","17":"tag-headlines","18":"tag-keski-suomi","19":"tag-konginkangas","20":"tag-kotimaa","21":"tag-latest-news","22":"tag-latestnews","23":"tag-liikenne","24":"tag-main-news","25":"tag-mainnews","26":"tag-news","27":"tag-otsikot","28":"tag-paauutiset","29":"tag-suomi","30":"tag-teiden-kunnossapito","31":"tag-tienhoito","32":"tag-top-stories","33":"tag-topstories","34":"tag-uutiset"},"share_on_mastodon":{"url":"https:\/\/pubeurope.com\/@fi\/115653665381481928","error":""},"_links":{"self":[{"href":"https:\/\/www.europesays.com\/fi\/wp-json\/wp\/v2\/posts\/106268","targetHints":{"allow":["GET"]}}],"collection":[{"href":"https:\/\/www.europesays.com\/fi\/wp-json\/wp\/v2\/posts"}],"about":[{"href":"https:\/\/www.europesays.com\/fi\/wp-json\/wp\/v2\/types\/post"}],"author":[{"embeddable":true,"href":"https:\/\/www.europesays.com\/fi\/wp-json\/wp\/v2\/users\/2"}],"replies":[{"embeddable":true,"href":"https:\/\/www.europesays.com\/fi\/wp-json\/wp\/v2\/comments?post=106268"}],"version-history":[{"count":0,"href":"https:\/\/www.europesays.com\/fi\/wp-json\/wp\/v2\/posts\/106268\/revisions"}],"wp:featuredmedia":[{"embeddable":true,"href":"https:\/\/www.europesays.com\/fi\/wp-json\/wp\/v2\/media\/106269"}],"wp:attachment":[{"href":"https:\/\/www.europesays.com\/fi\/wp-json\/wp\/v2\/media?parent=106268"}],"wp:term":[{"taxonomy":"category","embeddable":true,"href":"https:\/\/www.europesays.com\/fi\/wp-json\/wp\/v2\/categories?post=106268"},{"taxonomy":"post_tag","embeddable":true,"href":"https:\/\/www.europesays.com\/fi\/wp-json\/wp\/v2\/tags?post=106268"}],"curies":[{"name":"wp","href":"https:\/\/api.w.org\/{rel}","templated":true}]}}