{"id":10627,"date":"2025-08-19T23:27:09","date_gmt":"2025-08-19T23:27:09","guid":{"rendered":"https:\/\/www.europesays.com\/fi\/10627\/"},"modified":"2025-08-19T23:27:09","modified_gmt":"2025-08-19T23:27:09","slug":"lv-autoilija-pakeni-poliisia-lansivaylalla-210-km-h-paikalliset","status":"publish","type":"post","link":"https:\/\/www.europesays.com\/fi\/10627\/","title":{"rendered":"LV: Autoilija pakeni poliisia L\u00e4nsiv\u00e4yl\u00e4ll\u00e4 210 km\/h | Paikalliset"},"content":{"rendered":"<p>Poliisilla alkoi maanantai-iltana 18. elokuuta vaarallinen takaa-ajo, kun se huomasi ylinopeutta kulkevan ajoneuvon Vihdintiell\u00e4 Helsingin puolella. Auto suuntasi kohti Espoota.<\/p>\n<p>Poliisi kertoo <a href=\"https:\/\/www.lansivayla.fi\/paikalliset\/8777720\" rel=\"nofollow noopener\" target=\"_blank\">L\u00e4nsiv\u00e4yl\u00e4n <\/a>julkaisemassa uutisessa, ett\u00e4 korkeimmaksi nopeudeksi mitattiin L\u00e4nsiv\u00e4yl\u00e4ll\u00e4 210 km\/h.<\/p>\n<p>Autoilija aiheutti vahinkoa muulle liikenteelle. Lue aiheesta lis\u00e4\u00e4 <a href=\"https:\/\/www.lansivayla.fi\/paikalliset\/8777720\" rel=\"nofollow noopener\" target=\"_blank\">L\u00e4nsiv\u00e4yl\u00e4st\u00e4<\/a>.<\/p>\n<p>Kuljettaja ajoi ulos tielt\u00e4 lopulta Inkoossa.<\/p>\n<p>Poliisi ep\u00e4ilee kuljettajaa t\u00f6rke\u00e4st\u00e4 liikenneturvallisuuden vaarantamisesta, rattijuopumuksesta sek\u00e4 molempia autossa olleita huumausaineen k\u00e4ytt\u00f6rikoksesta.<\/p>\n","protected":false},"excerpt":{"rendered":"Poliisilla alkoi maanantai-iltana 18. elokuuta vaarallinen takaa-ajo, kun se huomasi ylinopeutta kulkevan ajoneuvon Vihdintiell\u00e4 Helsingin puolella. Auto suuntasi&hellip;\n","protected":false},"author":2,"featured_media":10628,"comment_status":"","ping_status":"","sticky":false,"template":"","format":"standard","meta":{"footnotes":""},"categories":[12],"tags":[22,23,400,26,27,33,31,30,17,104,4823,55,24,25,121,28,29,15,18,21,52,32,128,19,20,16],"class_list":{"0":"post-10627","1":"post","2":"type-post","3":"status-publish","4":"format-standard","5":"has-post-thumbnail","7":"category-suomi","8":"tag-breaking-news","9":"tag-breakingnews","10":"tag-espoo","11":"tag-featured-news","12":"tag-featurednews","13":"tag-fi","14":"tag-finland","15":"tag-finnish","16":"tag-headlines","17":"tag-helsinki","18":"tag-inkoo","19":"tag-lainvalvonta","20":"tag-latest-news","21":"tag-latestnews","22":"tag-liikenne-ja-kuljetus","23":"tag-main-news","24":"tag-mainnews","25":"tag-news","26":"tag-otsikot","27":"tag-paauutiset","28":"tag-poliisi","29":"tag-suomi","30":"tag-tieliikenne","31":"tag-top-stories","32":"tag-topstories","33":"tag-uutiset"},"share_on_mastodon":{"url":"","error":""},"_links":{"self":[{"href":"https:\/\/www.europesays.com\/fi\/wp-json\/wp\/v2\/posts\/10627","targetHints":{"allow":["GET"]}}],"collection":[{"href":"https:\/\/www.europesays.com\/fi\/wp-json\/wp\/v2\/posts"}],"about":[{"href":"https:\/\/www.europesays.com\/fi\/wp-json\/wp\/v2\/types\/post"}],"author":[{"embeddable":true,"href":"https:\/\/www.europesays.com\/fi\/wp-json\/wp\/v2\/users\/2"}],"replies":[{"embeddable":true,"href":"https:\/\/www.europesays.com\/fi\/wp-json\/wp\/v2\/comments?post=10627"}],"version-history":[{"count":0,"href":"https:\/\/www.europesays.com\/fi\/wp-json\/wp\/v2\/posts\/10627\/revisions"}],"wp:featuredmedia":[{"embeddable":true,"href":"https:\/\/www.europesays.com\/fi\/wp-json\/wp\/v2\/media\/10628"}],"wp:attachment":[{"href":"https:\/\/www.europesays.com\/fi\/wp-json\/wp\/v2\/media?parent=10627"}],"wp:term":[{"taxonomy":"category","embeddable":true,"href":"https:\/\/www.europesays.com\/fi\/wp-json\/wp\/v2\/categories?post=10627"},{"taxonomy":"post_tag","embeddable":true,"href":"https:\/\/www.europesays.com\/fi\/wp-json\/wp\/v2\/tags?post=10627"}],"curies":[{"name":"wp","href":"https:\/\/api.w.org\/{rel}","templated":true}]}}