{"id":106270,"date":"2025-12-03T04:12:10","date_gmt":"2025-12-03T04:12:10","guid":{"rendered":"https:\/\/www.europesays.com\/fi\/106270\/"},"modified":"2025-12-03T04:12:10","modified_gmt":"2025-12-03T04:12:10","slug":"ymparisto-metsakylan-maankaatopaikkaa-halutaan-laajentaa-toiveissa-vastaanottaa-pilaantumattomia-ylijaamamaita-ja-kantoja-paikalliset","status":"publish","type":"post","link":"https:\/\/www.europesays.com\/fi\/106270\/","title":{"rendered":"Ymp\u00e4rist\u00f6 | Mets\u00e4kyl\u00e4n maankaatopaikkaa halutaan laajentaa \u2013\u2009toiveissa vastaanottaa pilaantumattomia ylij\u00e4\u00e4m\u00e4maita ja kantoja | Paikalliset"},"content":{"rendered":"<p>Nurmij\u00e4rven kunnanhallitus hyv\u00e4ksyi 1. joulukuuta kunnan lausunnon Keski-Uudenmaan ymp\u00e4rist\u00f6keskukselle koskien ymp\u00e4rist\u00f6luvan muutoshakemusta ja aloituslupaa j\u00e4tteen vastaanottamiselle, k\u00e4sittelylle ja loppusijoittamiselle Mets\u00e4kyl\u00e4n maankaatopaikalla.<\/p>\n<p>Hakemus koskee toiminnan laajentamista noin 9,9 hehtaarin alueella H\u00e4meenlinnanv\u00e4yl\u00e4n l\u00e4heisyydess\u00e4. Luvan hakija hakee lupaa vastaanottaa pilaantumattomia ylij\u00e4\u00e4m\u00e4maita ja kantoja sek\u00e4 harjoittaa maa-ainesten k\u00e4sittely\u00e4. Vuosittainen vastaanottom\u00e4\u00e4r\u00e4 olisi enint\u00e4\u00e4n 49\u202f500 tonnia. Toiminta-aika on arkip\u00e4ivisin kello 7\u201322, p\u00e4\u00e4osin kello 7\u201319.<\/p>\n<p><strong class=\"diks-storyline__impact\">Alue ei <\/strong>sijaitse pohjavesialueella, ja vedet kulkeutuvat Kurtojaan, joka laskee Vantaanjokeen. L\u00e4hin Natura 2000 -alue, Vantaanjoki, on noin 1,4 kilometrin p\u00e4\u00e4ss\u00e4. L\u00e4himm\u00e4t asuinrakennukset sijaitsevat noin sadan metrin et\u00e4isyydell\u00e4.<\/p>\n<p>Kaavoituksen osalta alueella on voimassa Mets\u00e4kyl\u00e4n osayleiskaava vuodelta 1988, ja Palojoen osayleiskaava on valmisteilla. Alue kuuluu lentomelualueeseen.<\/p>\n<p><strong class=\"diks-storyline__impact\">Hakemuksen mukaan<\/strong> toiminnasta ei aiheudu ohjearvot ylitt\u00e4v\u00e4\u00e4 melua, sill\u00e4 moottoritien taustamelu peitt\u00e4\u00e4 sen. P\u00f6lyhaittoja hallitaan kastelulla. Riskit, kuten haitta-aineiden kulkeutuminen, vieraslajit, hulevesien hallinta ja polttoainevuodot, on tunnistettu ja niihin esitetty hallintakeinoja.<\/p>\n<p>Kokouksessa <strong>Juhani Vuorisalo<\/strong> (kans.) teki <strong>Eero Santalan<\/strong> (sd.) kannattamana lis\u00e4ysehdotuksen lausunnon loppuun: \u201cLiikenneturvallisuus H\u00e4meenlinnantien liittym\u00e4ss\u00e4 tulee varmistaa asentamalla seututielle ty\u00f6maaliikenteest\u00e4 varoittavat liikennemerkit.\u201d Kunnanhallitus hyv\u00e4ksyi lis\u00e4yksen yksimielisesti.<\/p>\n","protected":false},"excerpt":{"rendered":"Nurmij\u00e4rven kunnanhallitus hyv\u00e4ksyi 1. joulukuuta kunnan lausunnon Keski-Uudenmaan ymp\u00e4rist\u00f6keskukselle koskien ymp\u00e4rist\u00f6luvan muutoshakemusta ja aloituslupaa j\u00e4tteen vastaanottamiselle, k\u00e4sittelylle ja&hellip;\n","protected":false},"author":2,"featured_media":106271,"comment_status":"","ping_status":"","sticky":false,"template":"","format":"standard","meta":{"footnotes":""},"categories":[113],"tags":[446,33,31,30,5060,401,118,32,119,447,709],"class_list":{"0":"post-106270","1":"post","2":"type-post","3":"status-publish","4":"format-standard","5":"has-post-thumbnail","7":"category-ymparisto","8":"tag-environment","9":"tag-fi","10":"tag-finland","11":"tag-finnish","12":"tag-nurmijarven-kunta","13":"tag-nurmijarvi","14":"tag-science","15":"tag-suomi","16":"tag-tiede","17":"tag-ymparisto","18":"tag-ymparistoasiat"},"share_on_mastodon":{"url":"https:\/\/pubeurope.com\/@fi\/115653688910342283","error":""},"_links":{"self":[{"href":"https:\/\/www.europesays.com\/fi\/wp-json\/wp\/v2\/posts\/106270","targetHints":{"allow":["GET"]}}],"collection":[{"href":"https:\/\/www.europesays.com\/fi\/wp-json\/wp\/v2\/posts"}],"about":[{"href":"https:\/\/www.europesays.com\/fi\/wp-json\/wp\/v2\/types\/post"}],"author":[{"embeddable":true,"href":"https:\/\/www.europesays.com\/fi\/wp-json\/wp\/v2\/users\/2"}],"replies":[{"embeddable":true,"href":"https:\/\/www.europesays.com\/fi\/wp-json\/wp\/v2\/comments?post=106270"}],"version-history":[{"count":0,"href":"https:\/\/www.europesays.com\/fi\/wp-json\/wp\/v2\/posts\/106270\/revisions"}],"wp:featuredmedia":[{"embeddable":true,"href":"https:\/\/www.europesays.com\/fi\/wp-json\/wp\/v2\/media\/106271"}],"wp:attachment":[{"href":"https:\/\/www.europesays.com\/fi\/wp-json\/wp\/v2\/media?parent=106270"}],"wp:term":[{"taxonomy":"category","embeddable":true,"href":"https:\/\/www.europesays.com\/fi\/wp-json\/wp\/v2\/categories?post=106270"},{"taxonomy":"post_tag","embeddable":true,"href":"https:\/\/www.europesays.com\/fi\/wp-json\/wp\/v2\/tags?post=106270"}],"curies":[{"name":"wp","href":"https:\/\/api.w.org\/{rel}","templated":true}]}}