{"id":106274,"date":"2025-12-03T04:22:09","date_gmt":"2025-12-03T04:22:09","guid":{"rendered":"https:\/\/www.europesays.com\/fi\/106274\/"},"modified":"2025-12-03T04:22:09","modified_gmt":"2025-12-03T04:22:09","slug":"skandaali-oli-liikaa-kaikki-realityn-tahdet-menivat-vaihtoon","status":"publish","type":"post","link":"https:\/\/www.europesays.com\/fi\/106274\/","title":{"rendered":"Skandaali oli liikaa \u2013 Kaikki realityn t\u00e4hdet meniv\u00e4t vaihtoon"},"content":{"rendered":"<p>Vanderpump Rules jatkuu nyt uusin jaksoin ja uusin t\u00e4hdin.<\/p>\n<p><img decoding=\"async\" class=\"image image-show image-preview\" src=\"https:\/\/www.europesays.com\/fi\/wp-content\/uploads\/2025\/12\/13039dbdfef37b7b9308b4944b92158d6f928ffc3312b329973f23bc476c44de.jpg\" alt=\"\"\/><img decoding=\"async\" class=\"image image-show\" src=\"https:\/\/www.europesays.com\/fi\/wp-content\/uploads\/2025\/12\/1764735729_759_13039dbdfef37b7b9308b4944b92158d6f928ffc3312b329973f23bc476c44de.jpg\" alt=\"\"\/><\/p>\n<p>Vanhasta porukasta vain Lisa Vanderpump (kesk.) jatkaa en\u00e4\u00e4 nime\u00e4\u00e4n kantavassa realityss\u00e4, kun 12. kausi alkaa. MTV3<\/p>\n<p class=\"paragraph\">Jenkkireality Vanderpump Rules palaa t\u00e4n\u00e4\u00e4n meill\u00e4 ohjelmistoon uusin jaksoin. Sarjaa seurataan samassa tahdissa kuin USA:ssakin.<\/p>\n<p class=\"paragraph\">Nyt 12. tuotantokaudella ei n\u00e4hd\u00e4 mukana en\u00e4\u00e4 vanhoja tuttuja. <a href=\"https:\/\/www.iltalehti.fi\/henkilot\/Lisa Vanderpump\" class=\"article-link-person-page\" rel=\"nofollow noopener\" target=\"_blank\">Lisa Vanderpump<\/a> ja <strong>Ken Todd<\/strong> toki py\u00f6ritt\u00e4v\u00e4t yh\u00e4 ravintoloitaan Los Angelesissa, mutta varsinaiset t\u00e4hdet \u2013 siis ravintoloiden ty\u00f6ntekij\u00e4t \u2013 ovat menneet kaikki vaihtoon.<\/p>\n<p class=\"paragraph\">Edelt\u00e4v\u00e4, 11. kausi esitettiin alkuvuonna 2024. N\u00e4in pitk\u00e4 paussi ei ole tavanomaista. Sarjaa on tavallisesti kuvattu aina kes\u00e4isin. Vuoden 2024 kes\u00e4ll\u00e4 kamerat eiv\u00e4t kuitenkaan k\u00e4ynnistyneet. Tauko tarvittiin <strong>Tom Sandovalin<\/strong> pett\u00e4misskandaalin, eli <a href=\"https:\/\/www.iltalehti.fi\/tv-ja-leffat\/5bf735af-23b6-4886-b222-84d0ea43a8cd\" rel=\"nofollow noopener\" target=\"_blank\">Scandovalin<\/a>, j\u00e4lkimainingeissa. Sandovalin skandaali syntyi kymppikaudella, kun h\u00e4n petti avopuolisoaan <strong>Ariana Madixia<\/strong> Vanderpump Rulesin toisen t\u00e4hden <strong>Raquel Levissin<\/strong> kanssa. 11. kausi py\u00f6ri alusta loppuun enemm\u00e4n tai v\u00e4hemm\u00e4n asian ymp\u00e4rill\u00e4, sill\u00e4 sek\u00e4 Ariana ett\u00e4 Tom jatkoivat sarjassa. Raquel j\u00e4tti julkisuuden.<\/p>\n<p>Viel\u00e4 kes\u00e4ll\u00e4 2022 Tom Sandoval ja Ariana Madix edustivat yhdess\u00e4. Hyperstar \/ Alamy Stock Photo, All Over Press<\/p>\n<p class=\"paragraph\">Kolmikon lis\u00e4ksi ruutuihin eiv\u00e4t en\u00e4\u00e4 palaa my\u00f6sk\u00e4\u00e4n <strong>Lala Kent<\/strong>, <strong>Scheana Shay<\/strong>, <strong>Katie Maloney<\/strong>, <strong>James Kennedy<\/strong> ja <strong>Tom Schwartz<\/strong>. <a href=\"https:\/\/people.com\/vanderpump-rules-season-12-reboot-everything-to-know-11849812\" target=\"_blank\" rel=\"noopener nofollow\">People<\/a> on kertonut joukon saaneet tiet\u00e4\u00e4 potkuistaan vain vuorokausi ennen kuin asia julkistettiin.<\/p>\n<p class=\"paragraph\">\u2013\u2009Tauon aikana mik\u00e4\u00e4n ei oikeastaan ollut muuttunut j\u00e4lleenn\u00e4kemisjakson kuvausten j\u00e4lkeen. Kaikki olivat yh\u00e4 jumissa tunteidensa kanssa eiv\u00e4tk\u00e4 suostuneet taipumaan, sis\u00e4piirin l\u00e4hde on kertonut Peoplelle, miksei vanhan porukan kanssa en\u00e4\u00e4 voitu jatkaa eteenp\u00e4in.<\/p>\n<p>Reality\u00e4 kuvataan yh\u00e4 Ken Toddin ja Lisa Vanderpumpin ravintoloissa Los Angelesissa. CraSH\/Shutterstock, All Over Press<\/p>\n<p class=\"paragraph\">Nyt tilalla n\u00e4hd\u00e4\u00e4n <strong>Venus Binkley<\/strong>, <strong>Shayne Davis<\/strong>, <strong>Angelica Jensen<\/strong>, <strong>Audrey Lingle<\/strong>, <strong>Natalie Maguire<\/strong>, <strong>Demy Selem<\/strong>, <strong>Kim Suarez<\/strong>, <strong>Marcus Johnson<\/strong>, <strong>Jason Cohen<\/strong> ja <strong>Chris Hahn<\/strong>. Viimeksi mainittu on jo entuudestaan tuttu. H\u00e4net on n\u00e4hty Netflixin Sisarukset sinkkujen saarella -realityss\u00e4. Jo etuk\u00e4teen tiedet\u00e4\u00e4n lis\u00e4ksi, ett\u00e4 Venus koettaa pit\u00e4\u00e4 porukan kasassa hinnalla mill\u00e4 hyv\u00e4ns\u00e4. Natalien rakkausel\u00e4m\u00e4 puolestaan kuohuttaa kaikkia. Jasonillakin on erin\u00e4isi\u00e4 suhdesotkuja, kuten Vanderpump Rulesiin kuuluukin.<\/p>\n<p class=\"paragraph\">Vanderpump Rules t\u00e4n\u00e4\u00e4n Katsomossa. <a href=\"https:\/\/www.iltalehti.fi\/telkku\/\" rel=\"nofollow noopener\" target=\"_blank\">Katso kaikki\u00a0TV-ohjelmat ja l\u00e4hetysajat Telkun TV-oppaasta<\/a>.<\/p>\n","protected":false},"excerpt":{"rendered":"Vanderpump Rules jatkuu nyt uusin jaksoin ja uusin t\u00e4hdin. Vanhasta porukasta vain Lisa Vanderpump (kesk.) jatkaa en\u00e4\u00e4 nime\u00e4\u00e4n&hellip;\n","protected":false},"author":2,"featured_media":106275,"comment_status":"","ping_status":"","sticky":false,"template":"","format":"standard","meta":{"footnotes":""},"categories":[133],"tags":[35,153,155,137,33,31,30,154,979,32,206,140,139,156,109],"class_list":{"0":"post-106274","1":"post","2":"type-post","3":"status-publish","4":"format-standard","5":"has-post-thumbnail","7":"category-televisiot","8":"tag-24h","9":"tag-audiovisuaalinen-media","10":"tag-elokuvat","11":"tag-entertainment","12":"tag-fi","13":"tag-finland","14":"tag-finnish","15":"tag-nayttelijat-teatteri","16":"tag-sahkoinen-media","17":"tag-suomi","18":"tag-televisiot","19":"tag-tv-ja-elokuvat","20":"tag-tv-ohjelmat","21":"tag-tv","22":"tag-viihde"},"share_on_mastodon":{"url":"https:\/\/pubeurope.com\/@fi\/115653728435594312","error":""},"_links":{"self":[{"href":"https:\/\/www.europesays.com\/fi\/wp-json\/wp\/v2\/posts\/106274","targetHints":{"allow":["GET"]}}],"collection":[{"href":"https:\/\/www.europesays.com\/fi\/wp-json\/wp\/v2\/posts"}],"about":[{"href":"https:\/\/www.europesays.com\/fi\/wp-json\/wp\/v2\/types\/post"}],"author":[{"embeddable":true,"href":"https:\/\/www.europesays.com\/fi\/wp-json\/wp\/v2\/users\/2"}],"replies":[{"embeddable":true,"href":"https:\/\/www.europesays.com\/fi\/wp-json\/wp\/v2\/comments?post=106274"}],"version-history":[{"count":0,"href":"https:\/\/www.europesays.com\/fi\/wp-json\/wp\/v2\/posts\/106274\/revisions"}],"wp:featuredmedia":[{"embeddable":true,"href":"https:\/\/www.europesays.com\/fi\/wp-json\/wp\/v2\/media\/106275"}],"wp:attachment":[{"href":"https:\/\/www.europesays.com\/fi\/wp-json\/wp\/v2\/media?parent=106274"}],"wp:term":[{"taxonomy":"category","embeddable":true,"href":"https:\/\/www.europesays.com\/fi\/wp-json\/wp\/v2\/categories?post=106274"},{"taxonomy":"post_tag","embeddable":true,"href":"https:\/\/www.europesays.com\/fi\/wp-json\/wp\/v2\/tags?post=106274"}],"curies":[{"name":"wp","href":"https:\/\/api.w.org\/{rel}","templated":true}]}}