{"id":106280,"date":"2025-12-03T04:30:11","date_gmt":"2025-12-03T04:30:11","guid":{"rendered":"https:\/\/www.europesays.com\/fi\/106280\/"},"modified":"2025-12-03T04:30:11","modified_gmt":"2025-12-03T04:30:11","slug":"tammiston-huilia-arvostellaan-kovin-sanoin-googlessa-paikalliset","status":"publish","type":"post","link":"https:\/\/www.europesays.com\/fi\/106280\/","title":{"rendered":"Tammiston Huilia arvostellaan kovin sanoin Googlessa | Paikalliset"},"content":{"rendered":"<p>Tammiston Huili on her\u00e4tt\u00e4nyt huomiota huonoilla Google-arvosteluilla. Vajaan 70 \u00e4\u00e4nen keskiarvo on vain 2.8\/5. Joukossa on paljon sek\u00e4 viiden t\u00e4hden ett\u00e4 etenkin yhden t\u00e4hden arvosteluja.<\/p>\n<p>Tammiston Huili oli avautuessaan Suomen ensimm\u00e4inen Huili-konseptin mukainen taukopaikka.<\/p>\n<p><strong class=\"diks-storyline__impact\">Ketju uskoo, ett\u00e4<\/strong> arvostelut ovat aitoja.<\/p>\n<p>\u2013\u2009Tammiston asema on ollut yksi ensimm\u00e4isist\u00e4 avauksista ja luonnollisesti saanut eniten palautetta, sek\u00e4 my\u00f6nteist\u00e4 ett\u00e4 kriittist\u00e4. Olemme tarkastelleet arvosteluja, mutta meill\u00e4 ei ole viitteit\u00e4 tahallisesta manipuloinnista, Restel Taukopaikkojen liiketoimintajohtaja <strong>Tarja Kuittinen<\/strong> sanoo Helsingin Uutisille.<\/p>\n<p>Kritiikki\u00e4 on annettu esimerkiksi asiakaspalvelusta ja ruoan laadusta ja riitt\u00e4vyydest\u00e4.<\/p>\n<p><strong class=\"diks-storyline__impact\">Kuittisen mukaan<\/strong> ketju ottaa palautteen \u201deritt\u00e4in vakavasti\u201d.<\/p>\n<p>\u2013\u2009Ymm\u00e4rr\u00e4mme my\u00f6s, ett\u00e4 uudet konseptit voivat her\u00e4tt\u00e4\u00e4 tunteita \u2013 joskus muutos voi tuntua suurelta, varsinkin jos on tottunut tietynlaiseen tarjontaan. Siksi kuuntelemme asiakkaita herk\u00e4ll\u00e4 korvalla ja pyrimme reagoimaan mahdollisimman nopeasti.<\/p>\n<p><strong class=\"diks-storyline__impact\">Vantaalle<\/strong> Huileja tulee lis\u00e4\u00e4 kohta, Martinlaakson Vihertien Huili aukeaa torstaina 11. joulukuuta ja Keimolan Huili tiistaina 16. joulukuuta. Tammiston Huili <a href=\"https:\/\/www.vantaansanomat.fi\/paikalliset\/8806756\" rel=\"nofollow noopener\" target=\"_blank\">avattiin elokuussa<\/a> Pakkalaan. Vantaan toinen Huili aukesi marraskuussa Niittytielle Keh\u00e4 III:n tuntumaan.<\/p>\n<p>\t\t\t\t\t<img class=\"diks-card__image\" src=\"https:\/\/www.europesays.com\/fi\/wp-content\/uploads\/2025\/12\/11016615.jpg\"   loading=\"lazy\" decoding=\"sync\" alt=\"\"\/><\/p>\n","protected":false},"excerpt":{"rendered":"Tammiston Huili on her\u00e4tt\u00e4nyt huomiota huonoilla Google-arvosteluilla. Vajaan 70 \u00e4\u00e4nen keskiarvo on vain 2.8\/5. Joukossa on paljon sek\u00e4&hellip;\n","protected":false},"author":2,"featured_media":106281,"comment_status":"","ping_status":"","sticky":false,"template":"","format":"standard","meta":{"footnotes":""},"categories":[76],"tags":[79,77,33,31,30,20015,2895,3723,2331,32,78,4636],"class_list":{"0":"post-106280","1":"post","2":"type-post","3":"status-publish","4":"format-standard","5":"has-post-thumbnail","7":"category-talous","8":"tag-business","9":"tag-economy","10":"tag-fi","11":"tag-finland","12":"tag-finnish","13":"tag-pakkala-vantaa","14":"tag-palvelut","15":"tag-ravintolat","16":"tag-ruoka-ja-juoma","17":"tag-suomi","18":"tag-talous","19":"tag-talous-ja-tyo"},"share_on_mastodon":{"url":"https:\/\/pubeurope.com\/@fi\/115653759867787014","error":""},"_links":{"self":[{"href":"https:\/\/www.europesays.com\/fi\/wp-json\/wp\/v2\/posts\/106280","targetHints":{"allow":["GET"]}}],"collection":[{"href":"https:\/\/www.europesays.com\/fi\/wp-json\/wp\/v2\/posts"}],"about":[{"href":"https:\/\/www.europesays.com\/fi\/wp-json\/wp\/v2\/types\/post"}],"author":[{"embeddable":true,"href":"https:\/\/www.europesays.com\/fi\/wp-json\/wp\/v2\/users\/2"}],"replies":[{"embeddable":true,"href":"https:\/\/www.europesays.com\/fi\/wp-json\/wp\/v2\/comments?post=106280"}],"version-history":[{"count":0,"href":"https:\/\/www.europesays.com\/fi\/wp-json\/wp\/v2\/posts\/106280\/revisions"}],"wp:featuredmedia":[{"embeddable":true,"href":"https:\/\/www.europesays.com\/fi\/wp-json\/wp\/v2\/media\/106281"}],"wp:attachment":[{"href":"https:\/\/www.europesays.com\/fi\/wp-json\/wp\/v2\/media?parent=106280"}],"wp:term":[{"taxonomy":"category","embeddable":true,"href":"https:\/\/www.europesays.com\/fi\/wp-json\/wp\/v2\/categories?post=106280"},{"taxonomy":"post_tag","embeddable":true,"href":"https:\/\/www.europesays.com\/fi\/wp-json\/wp\/v2\/tags?post=106280"}],"curies":[{"name":"wp","href":"https:\/\/api.w.org\/{rel}","templated":true}]}}