{"id":106284,"date":"2025-12-03T04:32:09","date_gmt":"2025-12-03T04:32:09","guid":{"rendered":"https:\/\/www.europesays.com\/fi\/106284\/"},"modified":"2025-12-03T04:32:09","modified_gmt":"2025-12-03T04:32:09","slug":"ranne-stoppi-taksien-vaihtorallille-rajalla","status":"publish","type":"post","link":"https:\/\/www.europesays.com\/fi\/106284\/","title":{"rendered":"Ranne: Stoppi taksien vaihtorallille rajalla"},"content":{"rendered":"<p>Liikenne- ja viestint\u00e4ministeri Lulu Ranne (ps): \u201dRatkaistaan Lappia pitk\u00e4\u00e4n vaivannut ongelma\u201d.<\/p>\n<p><img decoding=\"async\" class=\"image image-show image-preview\" src=\"https:\/\/www.europesays.com\/fi\/wp-content\/uploads\/2025\/12\/1aa038849549fede980c5fb988eaade11ae58e214105f52187aad46317a4e227.jpg\" alt=\"\"\/><img decoding=\"async\" class=\"image image-show\" src=\"https:\/\/www.europesays.com\/fi\/wp-content\/uploads\/2025\/12\/1764736329_97_1aa038849549fede980c5fb988eaade11ae58e214105f52187aad46317a4e227.jpg\" alt=\"\"\/><\/p>\n<p>Liikenne- ja viestint\u00e4ministeri Lulu Ranne (ps). Outi J\u00e4rvinen<\/p>\n<p class=\"paragraph\">Suomen ja Norjan rajan ylitt\u00e4v\u00e4\u00e4 taksiliikenne helpottuu 14.12.2025, kun Suomen ja Norjan v\u00e4linen taksiliikennesopimus tulee voimaan, liikenne- ja viestint\u00e4ministeri\u00f6 (LVM) kertoo.<\/p>\n<p class=\"paragraph\">Sopimus mahdollistaa taksiliikenteen maiden v\u00e4lill\u00e4.<\/p>\n<p class=\"paragraph\">\u2013 Iloisia uutisia Lapin asukkaille ja taksiyritt\u00e4jille! Lupasimme, ett\u00e4 suomalaiset taksit kulkevat sujuvasti rajan yli Norjaan ennen joulua ja n\u00e4in tapahtuu. Taksisopimus tulee voimaan 14.12. alkaen ja sill\u00e4 ratkaistaan Lappia pitk\u00e4\u00e4n vaivannut ongelma, liikenne- ja viestint\u00e4ministeri <strong>Lulu Ranne<\/strong> (ps) sanoo LVM:n tiedotteessa.<\/p>\n<p class=\"paragraph\">Norjan liikenneministeri <strong>Jon-Ivar Nyg\u00e5rd<\/strong> on h\u00e4nkin tyytyv\u00e4inen sopimukseen.<\/p>\n<p class=\"paragraph\">\u2013 T\u00e4m\u00e4 on hieno uutinen niin asukkaille kuin yrityksillekin rajan molemmin puolin. Olen iloinen, ett\u00e4 ongelma on lopulta ratkaistu eik\u00e4 matkustajien tarvitse en\u00e4\u00e4 vaihtaa taksia rajalla. Toivottavasti t\u00e4ll\u00e4 tuodaan hieman helpotusta sek\u00e4 norjalaisten ett\u00e4 suomalaisten el\u00e4m\u00e4\u00e4n, Nyg\u00e5rd sanoo samassa tiedotteessa.<\/p>\n<p class=\"paragraph\">Jatkossa Suomen tai Norjan alueelle sijoittunut taksiyritys voi kuljettaa matkustajia kotimaastaan toiseen sopimusvaltioon.<\/p>\n<p class=\"paragraph\">\u2013 Yritys voi ottaa matkustajia kyytiin toisesta sopimusvaltiosta ja kuljettaa heid\u00e4t takaisin kotimaahansa, jos kuljetus on tilattu ennakkoon. Sopimus sallii my\u00f6s kuljetukset toisen maan kautta kolmanteen valtioon, kunhan matkalla ei oteta kyytiin uusia asiakkaita, LVM:n tiedotteessa todetaan.<\/p>\n<p class=\"paragraph\">Ranne ja Nyg\u00e5rd allekirjoittivat sopimuksen Suomen ja Norjan v\u00e4lisest\u00e4 taksiliikenteest\u00e4 13.3.2025 Oslossa, Norjassa. Sopimuksen voimaantulo edellytti kansallisia toimenpiteit\u00e4 Suomessa. Suomessa sopimuksen ja sit\u00e4 koskevan lain voimaantulo s\u00e4\u00e4det\u00e4\u00e4n valtioneuvoston asetuksella.<\/p>\n","protected":false},"excerpt":{"rendered":"Liikenne- ja viestint\u00e4ministeri Lulu Ranne (ps): \u201dRatkaistaan Lappia pitk\u00e4\u00e4n vaivannut ongelma\u201d. Liikenne- ja viestint\u00e4ministeri Lulu Ranne (ps). Outi&hellip;\n","protected":false},"author":2,"featured_media":106285,"comment_status":"","ping_status":"","sticky":false,"template":"","format":"standard","meta":{"footnotes":""},"categories":[12],"tags":[35,22,23,26,27,33,31,30,17,24,25,121,28,29,15,18,21,637,888,885,887,32,19,20,16],"class_list":{"0":"post-106284","1":"post","2":"type-post","3":"status-publish","4":"format-standard","5":"has-post-thumbnail","7":"category-suomi","8":"tag-24h","9":"tag-breaking-news","10":"tag-breakingnews","11":"tag-featured-news","12":"tag-featurednews","13":"tag-fi","14":"tag-finland","15":"tag-finnish","16":"tag-headlines","17":"tag-latest-news","18":"tag-latestnews","19":"tag-liikenne-ja-kuljetus","20":"tag-main-news","21":"tag-mainnews","22":"tag-news","23":"tag-otsikot","24":"tag-paauutiset","25":"tag-politiikka","26":"tag-suomalaiset-poliitikot","27":"tag-suomen-poliittiset-puolueet","28":"tag-suomen-politiikka","29":"tag-suomi","30":"tag-top-stories","31":"tag-topstories","32":"tag-uutiset"},"share_on_mastodon":{"url":"https:\/\/pubeurope.com\/@fi\/115653767834334951","error":""},"_links":{"self":[{"href":"https:\/\/www.europesays.com\/fi\/wp-json\/wp\/v2\/posts\/106284","targetHints":{"allow":["GET"]}}],"collection":[{"href":"https:\/\/www.europesays.com\/fi\/wp-json\/wp\/v2\/posts"}],"about":[{"href":"https:\/\/www.europesays.com\/fi\/wp-json\/wp\/v2\/types\/post"}],"author":[{"embeddable":true,"href":"https:\/\/www.europesays.com\/fi\/wp-json\/wp\/v2\/users\/2"}],"replies":[{"embeddable":true,"href":"https:\/\/www.europesays.com\/fi\/wp-json\/wp\/v2\/comments?post=106284"}],"version-history":[{"count":0,"href":"https:\/\/www.europesays.com\/fi\/wp-json\/wp\/v2\/posts\/106284\/revisions"}],"wp:featuredmedia":[{"embeddable":true,"href":"https:\/\/www.europesays.com\/fi\/wp-json\/wp\/v2\/media\/106285"}],"wp:attachment":[{"href":"https:\/\/www.europesays.com\/fi\/wp-json\/wp\/v2\/media?parent=106284"}],"wp:term":[{"taxonomy":"category","embeddable":true,"href":"https:\/\/www.europesays.com\/fi\/wp-json\/wp\/v2\/categories?post=106284"},{"taxonomy":"post_tag","embeddable":true,"href":"https:\/\/www.europesays.com\/fi\/wp-json\/wp\/v2\/tags?post=106284"}],"curies":[{"name":"wp","href":"https:\/\/api.w.org\/{rel}","templated":true}]}}