{"id":106286,"date":"2025-12-03T04:33:09","date_gmt":"2025-12-03T04:33:09","guid":{"rendered":"https:\/\/www.europesays.com\/fi\/106286\/"},"modified":"2025-12-03T04:33:09","modified_gmt":"2025-12-03T04:33:09","slug":"kommentti-ylen-anaalihassuttelu-ihmetyttaa","status":"publish","type":"post","link":"https:\/\/www.europesays.com\/fi\/106286\/","title":{"rendered":"Kommentti: Ylen anaalihassuttelu ihmetytt\u00e4\u00e4"},"content":{"rendered":"<p><a href=\"https:\/\/www.iltalehti.fi\/kirjoittajat\/Riku Korkki\" class=\"article-description-pov-author\" rel=\"nofollow noopener\" target=\"_blank\"><\/p>\n<p>Riku Korkki<\/p>\n<p><img decoding=\"async\" class=\"author-image\" src=\"https:\/\/www.europesays.com\/fi\/wp-content\/uploads\/2025\/12\/d1ab68e42fbc3a344dc1540fcbbde12f687579ee4d4da14f1bb1a369d70f622c.png\" alt=\"\"\/><\/a><\/p>\n<p>Yle julkaisi viikonloppuna videon, joka olisi saanut j\u00e4\u00e4d\u00e4 julkaisematta.<\/p>\n<p>T\u00e4n\u00e4\u00e4n klo 6:02<\/p>\n<p><img decoding=\"async\" class=\"image image-show image-preview\" src=\"https:\/\/www.europesays.com\/fi\/wp-content\/uploads\/2025\/12\/597de509c3a514d98cecfe57d688e299e151ed8fc2ffd834467fd3597045ddb8.jpg\" alt=\"\"\/><img decoding=\"async\" class=\"image image-show\" src=\"https:\/\/www.europesays.com\/fi\/wp-content\/uploads\/2025\/12\/1764736389_988_597de509c3a514d98cecfe57d688e299e151ed8fc2ffd834467fd3597045ddb8.jpg\" alt=\"\"\/><\/p>\n<p>Ylen tv-kasvo Riku Salminen oli pilan kohteena. Tomi M\u00e4kip\u00e4\u00e4 \/ AOP<\/p>\n<p class=\"paragraph\">Mit\u00e4 olet tunkenut hanuriisi?<\/p>\n<p class=\"paragraph\">N\u00e4in muotoiltuna kysymys kuulostaa hauskalta hassuttelulta, mutta ei eroa lopulta suorasta kysymyksest\u00e4: <strong>mit\u00e4 olet tunkenut anaaliisi?<\/strong><\/p>\n<p class=\"paragraph\">T\u00e4t\u00e4 tiedusteltiin tv-kasvo Riku Salmiselta <a href=\"https:\/\/www.iltalehti.fi\/talviurheilu\/b4be9c75-c167-4ab3-be84-e51207948a4e\" rel=\"nofollow noopener\" target=\"_blank\">Yle Urheilun Instagram-tilill\u00e4 viikonloppuna julkaistulla videolla<\/a>. Salminen ei tiennyt vastaavansa juuri t\u00e4h\u00e4n kysymykseen.<\/p>\n<p class=\"paragraph\">Jos video ei n\u00e4y, voit katsoa sen <a href=\"https:\/\/www.instagram.com\/p\/DRpVoTiiA2f\/\" rel=\"noopener nofollow\" target=\"_blank\">t\u00e4st\u00e4<\/a>.<\/p>\n<p class=\"paragraph\">Kyseess\u00e4 on sosiaalisessa mediassa kiert\u00e4v\u00e4 pila, jossa henkil\u00f6 saadaan luettelemaan erilaisia esineit\u00e4 jonkin kysymyksen avulla.<\/p>\n<p class=\"paragraph\">Salminen reagoi lopulliseen tuotteeseen iloisesti nauramalla, mutta <strong>video aiheutti silti ainakin allekirjoittaneessa syv\u00e4\u00e4 my\u00f6t\u00e4h\u00e4pe\u00e4\u00e4.<\/strong><\/p>\n<p class=\"paragraph\">Kisojen selostusten, urheilijahaastatteluiden ja analyysien lis\u00e4ksi Ylen tavoitteena on my\u00f6s viihdytt\u00e4\u00e4 katsojia, mutta komedia on tunnetusti vaikea laji.<\/p>\n<p class=\"paragraph\">En ole sketsiviihdeammattilainen, mutta l\u00e4ht\u00f6kohtaisesti sanoisin, ett\u00e4 <strong>anaalivitsit kollegan kustannuksella toimivat urheilul\u00e4hetyksiss\u00e4 noin nolla kertaa kymmenest\u00e4.<\/strong><\/p>\n<p>Ylen tv-kasvo Petra Manner oli mukana viikonlopun pilassa. Kalle Palander sai Ylelt\u00e4 potkut t\u00f6rkypuheidensa j\u00e4lkeen. Matti Matikainen \/ AOP<\/p>\n<p class=\"paragraph\">Kalle Palander heitettiin <a href=\"https:\/\/www.iltalehti.fi\/muutlajit\/ceddfbc5-13b3-4423-9d37-d60b9c65de5a\" rel=\"nofollow noopener\" target=\"_blank\">t\u00f6rkypuheidensa j\u00e4lkeen ulos Ylen asiantuntijateht\u00e4vist\u00e4.<\/a> Osa n\u00e4ki Palanderinkin kommentit l\u00e4hinn\u00e4 huumorina, mutta ne ylittiv\u00e4t kaikki hyv\u00e4n maun rajat.<\/p>\n<p class=\"paragraph\">Kohun j\u00e4ljilt\u00e4 ollaan kuitenkin tilanteessa, jossa Ylell\u00e4 olisi hyv\u00e4 haistella huoneen l\u00e4mp\u00f6tilaa ennen hanurihenkisten videoiden julkaisua.<\/p>\n<p class=\"paragraph\"><strong>Ei tarvitsisi sitten seuraavalla viikolla en\u00e4\u00e4 linjailla, miss\u00e4 firmassa kulkee sallitun anaalipuheen raja <strong>urheilusis\u00e4ll<\/strong>\u00f6iss\u00e4.<\/strong><\/p>\n<p><script async src=\"\/\/www.instagram.com\/embed.js\"><\/script><\/p>\n","protected":false},"excerpt":{"rendered":"Riku Korkki Yle julkaisi viikonloppuna videon, joka olisi saanut j\u00e4\u00e4d\u00e4 julkaisematta. T\u00e4n\u00e4\u00e4n klo 6:02 Ylen tv-kasvo Riku Salminen&hellip;\n","protected":false},"author":2,"featured_media":106287,"comment_status":"","ping_status":"","sticky":false,"template":"","format":"standard","meta":{"footnotes":""},"categories":[5],"tags":[35,153,22,23,26,27,33,31,30,17,24,25,28,29,1616,15,18,21,979,32,19,20,140,139,16],"class_list":{"0":"post-106286","1":"post","2":"type-post","3":"status-publish","4":"format-standard","5":"has-post-thumbnail","7":"category-otsikot","8":"tag-24h","9":"tag-audiovisuaalinen-media","10":"tag-breaking-news","11":"tag-breakingnews","12":"tag-featured-news","13":"tag-featurednews","14":"tag-fi","15":"tag-finland","16":"tag-finnish","17":"tag-headlines","18":"tag-latest-news","19":"tag-latestnews","20":"tag-main-news","21":"tag-mainnews","22":"tag-media-viestinta","23":"tag-news","24":"tag-otsikot","25":"tag-paauutiset","26":"tag-sahkoinen-media","27":"tag-suomi","28":"tag-top-stories","29":"tag-topstories","30":"tag-tv-ja-elokuvat","31":"tag-tv-ohjelmat","32":"tag-uutiset"},"share_on_mastodon":{"url":"https:\/\/pubeurope.com\/@fi\/115653771504832864","error":""},"_links":{"self":[{"href":"https:\/\/www.europesays.com\/fi\/wp-json\/wp\/v2\/posts\/106286","targetHints":{"allow":["GET"]}}],"collection":[{"href":"https:\/\/www.europesays.com\/fi\/wp-json\/wp\/v2\/posts"}],"about":[{"href":"https:\/\/www.europesays.com\/fi\/wp-json\/wp\/v2\/types\/post"}],"author":[{"embeddable":true,"href":"https:\/\/www.europesays.com\/fi\/wp-json\/wp\/v2\/users\/2"}],"replies":[{"embeddable":true,"href":"https:\/\/www.europesays.com\/fi\/wp-json\/wp\/v2\/comments?post=106286"}],"version-history":[{"count":0,"href":"https:\/\/www.europesays.com\/fi\/wp-json\/wp\/v2\/posts\/106286\/revisions"}],"wp:featuredmedia":[{"embeddable":true,"href":"https:\/\/www.europesays.com\/fi\/wp-json\/wp\/v2\/media\/106287"}],"wp:attachment":[{"href":"https:\/\/www.europesays.com\/fi\/wp-json\/wp\/v2\/media?parent=106286"}],"wp:term":[{"taxonomy":"category","embeddable":true,"href":"https:\/\/www.europesays.com\/fi\/wp-json\/wp\/v2\/categories?post=106286"},{"taxonomy":"post_tag","embeddable":true,"href":"https:\/\/www.europesays.com\/fi\/wp-json\/wp\/v2\/tags?post=106286"}],"curies":[{"name":"wp","href":"https:\/\/api.w.org\/{rel}","templated":true}]}}