{"id":10629,"date":"2025-08-19T23:28:12","date_gmt":"2025-08-19T23:28:12","guid":{"rendered":"https:\/\/www.europesays.com\/fi\/10629\/"},"modified":"2025-08-19T23:28:12","modified_gmt":"2025-08-19T23:28:12","slug":"oaj-ja-lukiolaisten-liitto-arvioivat-vaikutusten-olevan-suuret-mikali-kesalomia-siirrettaisiin-uutisia-lyhyesti","status":"publish","type":"post","link":"https:\/\/www.europesays.com\/fi\/10629\/","title":{"rendered":"OAJ ja Lukiolaisten liitto arvioivat vaikutusten olevan suuret, mik\u00e4li kes\u00e4lomia siirrett\u00e4isiin | Uutisia lyhyesti"},"content":{"rendered":"<p class=\"sc-jYczwO sc-dNFkOE bUKqJd eiHPxO yle__article__paragraph\">Opetusministeri Anders Adlercreutz (r.) kertoi eilen haluavansa siirt\u00e4\u00e4 koulujen kes\u00e4lomia.<\/p>\n<p><img decoding=\"async\" alt=\" Anders Adlercreutz k\u00e4velee avojaloin kallioilla, taustalla n\u00e4kyy m\u00e4ntyj\u00e4.\" src=\"https:\/\/www.europesays.com\/fi\/wp-content\/uploads\/2025\/08\/39-150889168a31c011ce7a.jpeg\" class=\"sc-dntSTA iywpZY\"\/><\/p>\n<p>Avaa kuvien katselu<\/p>\n<p>Opetusministeri Anders Adlercreutz kertoi eilen haluavansa siirt\u00e4\u00e4 koulujen kes\u00e4lomia kahdella viikolla eteenp\u00e4in. Kuva: Roni Rekomaa \/ Lehtikuva<\/p>\n<p class=\"sc-jYczwO sc-ciCoXh bUKqJd cIOueB yle__article__paragraph\">Opetusalan ammattij\u00e4rjest\u00f6 OAJ ja Lukiolaisten Liitto arvioivat STT:lle, ett\u00e4 kes\u00e4lomien siirt\u00e4misell\u00e4 olisi suuret vaikutukset koko koulutusj\u00e4rjestelm\u00e4\u00e4n.<\/p>\n<p class=\"sc-jYczwO sc-ciCoXh bUKqJd cIOueB yle__article__paragraph\">Opetusministeri <strong class=\"sc-eEHciv gtNhAX yle__article__strong\">Anders Adlercreutz<\/strong> (r.) kertoi eilen haluavansa siirt\u00e4\u00e4 koulujen <a class=\"sc-jDJeIs gotUgl yle__article__link\" href=\"https:\/\/yle.fi\/a\/74-20178068\" role=\"link\" rel=\"nofollow noopener\" target=\"_blank\">kes\u00e4lomia kahdella viikolla eteenp\u00e4in<\/a>.<\/p>\n<p class=\"sc-jYczwO sc-ciCoXh bUKqJd cIOueB yle__article__paragraph\">OAJ:n mukaan muutoksen vaikutukset ylt\u00e4isiv\u00e4t toisen asteen lukuvuoden aikatauluista aina korkeakouluihin saakka. Niin OAJ kuin my\u00f6s Lukiolaisten Liitto ovat huolissaan siit\u00e4, ett\u00e4 selvitysty\u00f6t\u00e4 asiasta ei tehd\u00e4 koulutus edell\u00e4.<\/p>\n<p class=\"sc-jYczwO sc-ciCoXh bUKqJd cIOueB yle__article__paragraph\">Lukiolaisten Liitto n\u00e4kee muutoksessa my\u00f6s mahdollisuuksia.<\/p>\n","protected":false},"excerpt":{"rendered":"Opetusministeri Anders Adlercreutz (r.) kertoi eilen haluavansa siirt\u00e4\u00e4 koulujen kes\u00e4lomia. Avaa kuvien katselu Opetusministeri Anders Adlercreutz kertoi eilen&hellip;\n","protected":false},"author":2,"featured_media":9283,"comment_status":"","ping_status":"","sticky":false,"template":"","format":"standard","meta":{"footnotes":""},"categories":[5],"tags":[22,23,26,27,33,31,30,17,4451,71,96,24,25,1201,4824,28,29,15,18,21,32,19,20,16],"class_list":{"0":"post-10629","1":"post","2":"type-post","3":"status-publish","4":"format-standard","5":"has-post-thumbnail","7":"category-otsikot","8":"tag-breaking-news","9":"tag-breakingnews","10":"tag-featured-news","11":"tag-featurednews","12":"tag-fi","13":"tag-finland","14":"tag-finnish","15":"tag-headlines","16":"tag-kesaloma","17":"tag-kotimaa","18":"tag-koulutus","19":"tag-latest-news","20":"tag-latestnews","21":"tag-lukiolaiset","22":"tag-lukuvuosi","23":"tag-main-news","24":"tag-mainnews","25":"tag-news","26":"tag-otsikot","27":"tag-paauutiset","28":"tag-suomi","29":"tag-top-stories","30":"tag-topstories","31":"tag-uutiset"},"share_on_mastodon":{"url":"","error":""},"_links":{"self":[{"href":"https:\/\/www.europesays.com\/fi\/wp-json\/wp\/v2\/posts\/10629","targetHints":{"allow":["GET"]}}],"collection":[{"href":"https:\/\/www.europesays.com\/fi\/wp-json\/wp\/v2\/posts"}],"about":[{"href":"https:\/\/www.europesays.com\/fi\/wp-json\/wp\/v2\/types\/post"}],"author":[{"embeddable":true,"href":"https:\/\/www.europesays.com\/fi\/wp-json\/wp\/v2\/users\/2"}],"replies":[{"embeddable":true,"href":"https:\/\/www.europesays.com\/fi\/wp-json\/wp\/v2\/comments?post=10629"}],"version-history":[{"count":0,"href":"https:\/\/www.europesays.com\/fi\/wp-json\/wp\/v2\/posts\/10629\/revisions"}],"wp:featuredmedia":[{"embeddable":true,"href":"https:\/\/www.europesays.com\/fi\/wp-json\/wp\/v2\/media\/9283"}],"wp:attachment":[{"href":"https:\/\/www.europesays.com\/fi\/wp-json\/wp\/v2\/media?parent=10629"}],"wp:term":[{"taxonomy":"category","embeddable":true,"href":"https:\/\/www.europesays.com\/fi\/wp-json\/wp\/v2\/categories?post=10629"},{"taxonomy":"post_tag","embeddable":true,"href":"https:\/\/www.europesays.com\/fi\/wp-json\/wp\/v2\/tags?post=10629"}],"curies":[{"name":"wp","href":"https:\/\/api.w.org\/{rel}","templated":true}]}}