{"id":106296,"date":"2025-12-03T04:56:18","date_gmt":"2025-12-03T04:56:18","guid":{"rendered":"https:\/\/www.europesays.com\/fi\/106296\/"},"modified":"2025-12-03T04:56:18","modified_gmt":"2025-12-03T04:56:18","slug":"kutsu-medialle-akava-works-talousennusteen-esittelylahetys-perjantaina-12-12-kello-9-30","status":"publish","type":"post","link":"https:\/\/www.europesays.com\/fi\/106296\/","title":{"rendered":"Kutsu medialle: Akava Works -talousennusteen esittelyl\u00e4hetys perjantaina 12.12. kello 9.30"},"content":{"rendered":"<p>Akava: Ty\u00f6ntekij\u00f6iden asemaa vahvistetaan eurooppalaisissa yritysneuvostoissa7.11.2025 08:02:12 EET | Tiedote<\/p>\n<p class=\"latest-release__LatestReleaseContent-sc-8cce5y-3 elatGA\">Akava pit\u00e4\u00e4 hyv\u00e4n\u00e4, ett\u00e4 Euroopan unionin neuvosto on hyv\u00e4ksynyt tarkistetun direktiivin, jonka tavoitteena on vahvistaa ty\u00f6ntekij\u00f6iden edustusta suurissa monikansallisissa yrityksiss\u00e4. Uudistus selkeytt\u00e4\u00e4 eurooppalaisia yritysneuvostoja (European Works Councils, EWC) koskevia s\u00e4\u00e4nt\u00f6j\u00e4 ja parantaa ty\u00f6ntekij\u00f6iden vaikutusmahdollisuuksia rajat ylitt\u00e4viss\u00e4 p\u00e4\u00e4t\u00f6ksiss\u00e4. EU:n pit\u00e4\u00e4 Akavan mielest\u00e4 olla aktiivinen ty\u00f6el\u00e4m\u00e4n kehitt\u00e4j\u00e4.<\/p>\n","protected":false},"excerpt":{"rendered":"Akava: Ty\u00f6ntekij\u00f6iden asemaa vahvistetaan eurooppalaisissa yritysneuvostoissa7.11.2025 08:02:12 EET | Tiedote Akava pit\u00e4\u00e4 hyv\u00e4n\u00e4, ett\u00e4 Euroopan unionin neuvosto on&hellip;\n","protected":false},"author":2,"featured_media":106297,"comment_status":"","ping_status":"","sticky":false,"template":"","format":"standard","meta":{"footnotes":""},"categories":[76],"tags":[79,77,33,31,30,32,78],"class_list":{"0":"post-106296","1":"post","2":"type-post","3":"status-publish","4":"format-standard","5":"has-post-thumbnail","7":"category-talous","8":"tag-business","9":"tag-economy","10":"tag-fi","11":"tag-finland","12":"tag-finnish","13":"tag-suomi","14":"tag-talous"},"share_on_mastodon":{"url":"https:\/\/pubeurope.com\/@fi\/115653862024571921","error":""},"_links":{"self":[{"href":"https:\/\/www.europesays.com\/fi\/wp-json\/wp\/v2\/posts\/106296","targetHints":{"allow":["GET"]}}],"collection":[{"href":"https:\/\/www.europesays.com\/fi\/wp-json\/wp\/v2\/posts"}],"about":[{"href":"https:\/\/www.europesays.com\/fi\/wp-json\/wp\/v2\/types\/post"}],"author":[{"embeddable":true,"href":"https:\/\/www.europesays.com\/fi\/wp-json\/wp\/v2\/users\/2"}],"replies":[{"embeddable":true,"href":"https:\/\/www.europesays.com\/fi\/wp-json\/wp\/v2\/comments?post=106296"}],"version-history":[{"count":0,"href":"https:\/\/www.europesays.com\/fi\/wp-json\/wp\/v2\/posts\/106296\/revisions"}],"wp:featuredmedia":[{"embeddable":true,"href":"https:\/\/www.europesays.com\/fi\/wp-json\/wp\/v2\/media\/106297"}],"wp:attachment":[{"href":"https:\/\/www.europesays.com\/fi\/wp-json\/wp\/v2\/media?parent=106296"}],"wp:term":[{"taxonomy":"category","embeddable":true,"href":"https:\/\/www.europesays.com\/fi\/wp-json\/wp\/v2\/categories?post=106296"},{"taxonomy":"post_tag","embeddable":true,"href":"https:\/\/www.europesays.com\/fi\/wp-json\/wp\/v2\/tags?post=106296"}],"curies":[{"name":"wp","href":"https:\/\/api.w.org\/{rel}","templated":true}]}}