{"id":106298,"date":"2025-12-03T04:57:11","date_gmt":"2025-12-03T04:57:11","guid":{"rendered":"https:\/\/www.europesays.com\/fi\/106298\/"},"modified":"2025-12-03T04:57:11","modified_gmt":"2025-12-03T04:57:11","slug":"euroopan-komission-entinen-varapresidentti-otettu-kiinni-petostutkinnassa-uutisia-lyhyesti","status":"publish","type":"post","link":"https:\/\/www.europesays.com\/fi\/106298\/","title":{"rendered":"Euroopan komission entinen varapresidentti otettu kiinni petostutkinnassa | Uutisia lyhyesti"},"content":{"rendered":"<p class=\"aw-1gybjub aw-1p7kakr kEtdKx cEmitX yle__article__paragraph\">Euroopan unionin ulkoasioiden ja turvallisuuspolitiikan entinen korkea edustaja ja Euroopan komission entinen varapuheenjohtaja Federica Mogherini on otettu kiinni petostutkinnan yhteydess\u00e4, kertovat l\u00e4hteet uutistoimisto AFP:lle.<\/p>\n<p class=\"aw-1gybjub aw-1p7kakr kEtdKx cEmitX yle__article__paragraph\">Aiemmin t\u00e4n\u00e4\u00e4n tiistaina Belgian poliisi teki ratsian EU:n ulkosuhdehallinto EEAS:iin sek\u00e4 Bruggessa sijaitsevaan College of Europeen.<\/p>\n<p class=\"aw-1gybjub aw-1p7kakr kEtdKx cEmitX yle__article__paragraph\">Poliisi on ottanut kiinni yhteens\u00e4 kolme ihmist\u00e4. Etsint\u00f6j\u00e4 on tehty my\u00f6s heid\u00e4n kodeissaan.<\/p>\n<p class=\"aw-1gybjub aw-1p7kakr kEtdKx cEmitX yle__article__paragraph\">Petosep\u00e4ilyt liittyv\u00e4t EU:n rahoittamaan uransa alussa olevien diplomaattien koulutusohjelmaan.<\/p>\n<p class=\"aw-1gybjub aw-1p7kakr kEtdKx cEmitX yle__article__paragraph\">EU-komissio on vahvistanut operaation.<\/p>\n<p class=\"aw-1gybjub aw-1p7kakr kEtdKx cEmitX yle__article__paragraph\">AFP, Reuters<\/p>\n","protected":false},"excerpt":{"rendered":"Euroopan unionin ulkoasioiden ja turvallisuuspolitiikan entinen korkea edustaja ja Euroopan komission entinen varapuheenjohtaja Federica Mogherini on otettu kiinni&hellip;\n","protected":false},"author":2,"featured_media":74,"comment_status":"","ping_status":"","sticky":false,"template":"","format":"standard","meta":{"footnotes":""},"categories":[14],"tags":[22,23,20018,1617,26,27,20017,33,31,30,17,24,25,28,29,15,18,21,12691,1263,32,19,20,56,16,59,60,61],"class_list":{"0":"post-106298","1":"post","2":"type-post","3":"status-publish","4":"format-standard","5":"has-post-thumbnail","7":"category-ulkomaat","8":"tag-breaking-news","9":"tag-breakingnews","10":"tag-brugge","11":"tag-euroopan-unioni","12":"tag-featured-news","13":"tag-featurednews","14":"tag-federica-mogherini","15":"tag-fi","16":"tag-finland","17":"tag-finnish","18":"tag-headlines","19":"tag-latest-news","20":"tag-latestnews","21":"tag-main-news","22":"tag-mainnews","23":"tag-news","24":"tag-otsikot","25":"tag-paauutiset","26":"tag-petokset","27":"tag-rikosepailyt","28":"tag-suomi","29":"tag-top-stories","30":"tag-topstories","31":"tag-ulkomaat","32":"tag-uutiset","33":"tag-world","34":"tag-world-news","35":"tag-worldnews"},"share_on_mastodon":{"url":"https:\/\/pubeurope.com\/@fi\/115653865988879260","error":""},"_links":{"self":[{"href":"https:\/\/www.europesays.com\/fi\/wp-json\/wp\/v2\/posts\/106298","targetHints":{"allow":["GET"]}}],"collection":[{"href":"https:\/\/www.europesays.com\/fi\/wp-json\/wp\/v2\/posts"}],"about":[{"href":"https:\/\/www.europesays.com\/fi\/wp-json\/wp\/v2\/types\/post"}],"author":[{"embeddable":true,"href":"https:\/\/www.europesays.com\/fi\/wp-json\/wp\/v2\/users\/2"}],"replies":[{"embeddable":true,"href":"https:\/\/www.europesays.com\/fi\/wp-json\/wp\/v2\/comments?post=106298"}],"version-history":[{"count":0,"href":"https:\/\/www.europesays.com\/fi\/wp-json\/wp\/v2\/posts\/106298\/revisions"}],"wp:featuredmedia":[{"embeddable":true,"href":"https:\/\/www.europesays.com\/fi\/wp-json\/wp\/v2\/media\/74"}],"wp:attachment":[{"href":"https:\/\/www.europesays.com\/fi\/wp-json\/wp\/v2\/media?parent=106298"}],"wp:term":[{"taxonomy":"category","embeddable":true,"href":"https:\/\/www.europesays.com\/fi\/wp-json\/wp\/v2\/categories?post=106298"},{"taxonomy":"post_tag","embeddable":true,"href":"https:\/\/www.europesays.com\/fi\/wp-json\/wp\/v2\/tags?post=106298"}],"curies":[{"name":"wp","href":"https:\/\/api.w.org\/{rel}","templated":true}]}}