{"id":10630,"date":"2025-08-19T23:40:12","date_gmt":"2025-08-19T23:40:12","guid":{"rendered":"https:\/\/www.europesays.com\/fi\/10630\/"},"modified":"2025-08-19T23:40:12","modified_gmt":"2025-08-19T23:40:12","slug":"tama-supersuosittu-yhtye-tekee-historiaa-helsingin-uudella-veikkaus-arenalla","status":"publish","type":"post","link":"https:\/\/www.europesays.com\/fi\/10630\/","title":{"rendered":"T\u00e4m\u00e4 supersuosittu yhtye tekee historiaa Helsingin uudella Veikkaus Arenalla"},"content":{"rendered":"<p><strong>Vesterinen Yhtyeineen <\/strong>esiintyy ensimm\u00e4isen\u00e4 artistina uudistetulla Helsingin Veikkaus Arenalla torstaina 9. lokakuuta. Avajaiskonsertissa kuullaan ennen julkaisemattomia lauluja per\u00e4ti 18-henkisen b\u00e4ndin erikoissovituksina sek\u00e4 yhtyeen rakastetuimmat hitit. Historiallisen illan liput tulevat myyntiin perjantaina 22. elokuuta klo 10 Ticketmasterissa. Ennakkomyynnit k\u00e4ynnistyv\u00e4t tiistaina 19.elokuuta.\u00a0<\/p>\n<p>Veikkaus Arenan konsertin lis\u00e4ksi Vesterinen Yhtyeineen kiert\u00e4\u00e4 syksyll\u00e4 konserttisaleja Suurkonserttikiertueensa tiimoilta. Lokakuun 4. p\u00e4iv\u00e4 k\u00e4ynnistyv\u00e4 kiertue on myyty loppuun jokaiselta paikkakunnalta, mik\u00e4 tekee Veikkaus Arenan avajaisillasta merkitt\u00e4v\u00e4n mahdollisuuden kokea Vesterinen Yhtyeineen 18-henkisen b\u00e4ndin kanssa.<\/p>\n<p>Hurjaa keikkasuosiota nauttiva Vesterinen Yhtyeineen on julkaissut urallaan kahdeksan studioalbumia, yhden kokoelmalevyn ja yhden livelevyn.<\/p>\n<p>Keikkatiedot alta.<\/p>\n<p>KEIKKA:<br \/>Vesterinen Yhtyeineen<br \/>9.10.2025 Helsinki, Veikkaus Arena<br \/>Ovet klo 18.30, konsertissa on v\u00e4liaika<\/p>\n<p>LIPUT:<br \/>Liput tulevat myyntiin 22.8. klo 10 osoitteessa livenation.fi.<a href=\"https:\/\/emea01.safelinks.protection.outlook.com\/?url=http%3A%2F%2Flivenation.fi%2F&amp;data=05%7C02%7C%7C0d60407b0be24da4a4d308ddde2ba046%7C84df9e7fe9f640afb435aaaaaaaaaaaa%7C1%7C0%7C638911001162923804%7CUnknown%7CTWFpbGZsb3d8eyJFbXB0eU1hcGkiOnRydWUsIlYiOiIwLjAuMDAwMCIsIlAiOiJXaW4zMiIsIkFOIjoiTWFpbCIsIldUIjoyfQ%3D%3D%7C0%7C%7C%7C&amp;sdata=a9ELZJflaSeNnQgQG7bUAfRasxHFKhArxx76xLP2AOY%3D&amp;reserved=0\" target=\"_blank\" rel=\"noreferrer noopener nofollow\"><br \/><\/a>Konsertti on p\u00e4\u00e4osin K18, saatavilla on rajattu m\u00e4\u00e4r\u00e4 ik\u00e4rajattomia lippuja.<\/p>\n<p>Mastercardin kortinhaltijoilla on p\u00e4\u00e4sy tapahtuman ennakkomyyntiin Suomessa ti 19.8. klo 9.00 \u2013 to 21.8. klo 9.00 v\u00e4lisen\u00e4 aikana. Lippuja saatavilla rajoitetusti. Lue lis\u00e4\u00e4 osoitteessa\u202fwww.priceless.com\/music<\/p>\n<p>Tapahtuman ennakkomyynti on avoinna Veikkauksen Etuasiakkaille 20.8. klo 9 \u2013 22.8. klo 9 v\u00e4lisen\u00e4 aikana. Paikkoja saatavilla rajoitetusti.<\/p>\n<p>Lue my\u00f6s: <a href=\"https:\/\/www.como.fi\/tilaa-comon-uutiskirje\/\" title=\"Tilaa Comon uutiskirje ja tied\u00e4t mist\u00e4 kahvitauolla puhutaan! Nappaa kotimaan tv-vinkit ja puheenaiheet suoraan s\u00e4hk\u00f6postiin t\u00e4st\u00e4.\" class=\"underline-custom !font-montserrat !font-bold !underline-offset-4 !decoration-4 !decoration-red-600 !text-md\" rel=\"nofollow noopener\" target=\"_blank\">Tilaa Comon uutiskirje ja tied\u00e4t mist\u00e4 kahvitauolla puhutaan! Nappaa kotimaan tv-vinkit ja puheenaiheet suoraan s\u00e4hk\u00f6postiin t\u00e4st\u00e4.<\/a><\/p>\n","protected":false},"excerpt":{"rendered":"Vesterinen Yhtyeineen esiintyy ensimm\u00e4isen\u00e4 artistina uudistetulla Helsingin Veikkaus Arenalla torstaina 9. lokakuuta. Avajaiskonsertissa kuullaan ennen julkaisemattomia lauluja per\u00e4ti&hellip;\n","protected":false},"author":2,"featured_media":10631,"comment_status":"","ping_status":"","sticky":false,"template":"","format":"standard","meta":{"footnotes":""},"categories":[136],"tags":[407,137,33,31,30,408,32,2631,109],"class_list":{"0":"post-10630","1":"post","2":"type-post","3":"status-publish","4":"format-standard","5":"has-post-thumbnail","7":"category-julkkikset","8":"tag-celebrities","9":"tag-entertainment","10":"tag-fi","11":"tag-finland","12":"tag-finnish","13":"tag-julkkikset","14":"tag-suomi","15":"tag-tero-vesterinen","16":"tag-viihde"},"share_on_mastodon":{"url":"","error":""},"_links":{"self":[{"href":"https:\/\/www.europesays.com\/fi\/wp-json\/wp\/v2\/posts\/10630","targetHints":{"allow":["GET"]}}],"collection":[{"href":"https:\/\/www.europesays.com\/fi\/wp-json\/wp\/v2\/posts"}],"about":[{"href":"https:\/\/www.europesays.com\/fi\/wp-json\/wp\/v2\/types\/post"}],"author":[{"embeddable":true,"href":"https:\/\/www.europesays.com\/fi\/wp-json\/wp\/v2\/users\/2"}],"replies":[{"embeddable":true,"href":"https:\/\/www.europesays.com\/fi\/wp-json\/wp\/v2\/comments?post=10630"}],"version-history":[{"count":0,"href":"https:\/\/www.europesays.com\/fi\/wp-json\/wp\/v2\/posts\/10630\/revisions"}],"wp:featuredmedia":[{"embeddable":true,"href":"https:\/\/www.europesays.com\/fi\/wp-json\/wp\/v2\/media\/10631"}],"wp:attachment":[{"href":"https:\/\/www.europesays.com\/fi\/wp-json\/wp\/v2\/media?parent=10630"}],"wp:term":[{"taxonomy":"category","embeddable":true,"href":"https:\/\/www.europesays.com\/fi\/wp-json\/wp\/v2\/categories?post=10630"},{"taxonomy":"post_tag","embeddable":true,"href":"https:\/\/www.europesays.com\/fi\/wp-json\/wp\/v2\/tags?post=10630"}],"curies":[{"name":"wp","href":"https:\/\/api.w.org\/{rel}","templated":true}]}}