{"id":106303,"date":"2025-12-03T05:11:09","date_gmt":"2025-12-03T05:11:09","guid":{"rendered":"https:\/\/www.europesays.com\/fi\/106303\/"},"modified":"2025-12-03T05:11:09","modified_gmt":"2025-12-03T05:11:09","slug":"laura-arffman-tallaiset-ovat-valit-ex-puoliso-anssi-pentsiseen","status":"publish","type":"post","link":"https:\/\/www.europesays.com\/fi\/106303\/","title":{"rendered":"Laura Arffman: t\u00e4llaiset ovat v\u00e4lit ex-puoliso Anssi Pentsiseen"},"content":{"rendered":"<p>Laura Arffmanin el\u00e4m\u00e4 mullistui, kun h\u00e4nen avioliittonsa p\u00e4\u00e4ttyi alkuvuodesta. Vaikea vuosi on opettanut paljon.<\/p>\n<p class=\"article-body mb-nof-24 px-nof-16\">Kulunut vuosi on ollut<a class=\"article-personlink\" href=\"https:\/\/www.is.fi\/haku\/?query=%20Laura%20Arffmanille\" rel=\"nofollow noopener\" target=\"_blank\"> Laura Arffmanille<\/a>, 40, \u00e4\u00e4rimm\u00e4isen vaiherikas niin hyv\u00e4ss\u00e4 kuin pahassa. Arffman erosi alkuvuodesta pitk\u00e4aikaisesta puolisostaan, maastohiiht\u00e4j\u00e4 <a class=\"article-personlink\" href=\"https:\/\/www.is.fi\/haku\/?query=Anssi%20Pentsisest%C3%A4\" rel=\"nofollow noopener\" target=\"_blank\">Anssi Pentsisest\u00e4<\/a>. Ex-parilla on kaksi yhteist\u00e4 lasta.<\/p>\n<p class=\"article-body mb-nof-24 px-nof-16\">Ex-puolison halu erota tuli Arffmanille shokkina. Nyt tilanne on jo parempi, mutta Arffman on pit\u00e4nyt tiukan linjan toipumisprosessissaan.<\/p>\n<p class=\"article-body mb-nof-24 px-nof-16\">\u2013 Jos sanon suoraan, niin emme ole v\u00e4leiss\u00e4, Arffman kertoo.<\/p>\n<p class=\"article-body mb-nof-24 px-nof-16\">\u2013 Lasten asiat hoidamme tietenkin asiallisesti, mutta muuten emme ole v\u00e4leiss\u00e4, h\u00e4n lis\u00e4\u00e4.<\/p>\n<p class=\"article-body mb-nof-24 px-nof-16\">Arffman on tilanteen kanssa sinut. H\u00e4n kokee, ett\u00e4 rajojen vet\u00e4minen on ollut tarpeellista.<\/p>\n<p class=\"article-body mb-nof-24 px-nof-16\">\u2013 En halua antaa energiaani asialle yht\u00e4\u00e4n. Varmasti asia muuttuu tulevaisuudessa, mutta nyt tilanne on t\u00e4m\u00e4.<\/p>\n<p class=\"article-body mb-nof-24 px-nof-16\">Vaikea vuosi on opettanut itsen\u00e4isyytt\u00e4. Jos esimerkiksi lasten py\u00f6r\u00e4\u00e4n on pit\u00e4nyt asentaa lis\u00e4osia, Arffman on k\u00e4\u00e4rinyt hihat ja opetellut.<\/p>\n<p class=\"article-body mb-nof-24 px-nof-16\">\u2013 Jos aiemmin tuntui, ett\u00e4 pystyn mihin vain, niin nyt vasta silt\u00e4 tuntuukin.<\/p>\n<p><img decoding=\"async\" src=\"https:\/\/www.europesays.com\/fi\/wp-content\/uploads\/2025\/12\/1764738669_53_468.jpg\" alt=\"Laura Arffman ja Anssi Pentsinen edustivat yhdess\u00e4 vuonna 2023. He meniv\u00e4t naimisiin vuonna 2017.\" class=\"_Img_1rerz_1\" style=\"aspect-ratio:1.5\" loading=\"eager\"\/><\/p>\n<p class=\"article-picture-caption\">Laura Arffman ja Anssi Pentsinen edustivat yhdess\u00e4 vuonna 2023. He meniv\u00e4t naimisiin vuonna 2017. Kuva:\u00a0Antti H\u00e4m\u00e4l\u00e4inen<\/p>\n<p class=\"article-body mb-nof-24 px-nof-16\">Arffman kertoi eroprosessistaan Me Naisille lokakuussa. Artikkeli poiki mukavan seurauksen, sill\u00e4 Arffmanille tulvi viestej\u00e4 ja vertaistukea vastaavanlaisista yll\u00e4tyseroista.<\/p>\n<p class=\"article-body mb-nof-24 px-nof-16\">\u2013 Siit\u00e4 tuli paljon palautetta ja kiitosta, ett\u00e4 puhun asioista niiden oikeilla nimill\u00e4. Toivon, ett\u00e4 siit\u00e4 on ollut joillekin apua, koska samanlaista tukea olisin kaivannut alkuvuodesta.<\/p>\n<p class=\"article-body mb-nof-24 px-nof-16\">Lue lis\u00e4\u00e4: <a class=\"article-genericlink\" href=\"https:\/\/www.is.fi\/menaiset\/ihmiset-ja-suhteet\/art-2000011557175.html\" rel=\"nofollow noopener\" target=\"_blank\">Ero tuli Laura Arffmanille t\u00e4yten\u00e4 yll\u00e4tyksen\u00e4 \u2013 \u201dOlisin tehnyt mit\u00e4 vain, ett\u00e4 suhde olisi pelastunut\u201d<\/a><\/p>\n<p class=\"article-body mb-nof-24 px-nof-16\">Palautetta Arffmanille tulee my\u00f6s tv:ss\u00e4 pitk\u00e4\u00e4n py\u00f6rineest\u00e4 Urheiluruudusta, jossa h\u00e4n vilahtelee vain harvoin. Moni katsoja l\u00e4hestyy Arffmania erityisesti h\u00e4nen vieraillessaan maakunnissa vapaa-ajalla tai ty\u00f6n merkeiss\u00e4.<\/p>\n<p class=\"article-body mb-nof-24 px-nof-16\">\u2013 Urheiluruudun katsojat tulevat kertomaan toiveitaan liittyen esimerkiksi urheilutuloksiin, joita he haluaisivat n\u00e4hd\u00e4 jaksoissa. Kehitysehdotuksia saa ja pit\u00e4\u00e4 aina esitt\u00e4\u00e4!<\/p>\n<p><img decoding=\"async\" src=\"https:\/\/www.europesays.com\/fi\/wp-content\/uploads\/2025\/12\/1764738669_904_468.jpg\" alt=\"Laura Arffman on ollut Ylen urheilutoimittajana vuodesta 2012 saakka. Nyt h\u00e4n selostaa Ylen Linnan juhlien suomenkielisen l\u00e4hetyksen.\" class=\"_Img_1rerz_1\" style=\"aspect-ratio:1.5\" loading=\"eager\"\/><\/p>\n<p class=\"article-picture-caption\">Laura Arffman on ollut Ylen urheilutoimittajana vuodesta 2012 saakka. Nyt h\u00e4n selostaa Ylen Linnan juhlien suomenkielisen l\u00e4hetyksen. Kuva:\u00a0JUSSI HELTTUNEN<\/p>\n<p class=\"article-body mb-nof-24 px-nof-16\">Viime kev\u00e4\u00e4n\u00e4 Arffman n\u00e4htiin uudessa roolissa, kun h\u00e4n juonsi Ylen puheenjohtajatentin. Aluevaltaus saattoi yll\u00e4tt\u00e4\u00e4 osan katsojista, mutta Arffmanille suunta politiikan puolelle on luonteva.<\/p>\n<p class=\"article-body mb-nof-24 px-nof-16\">\u2013 Taustani on valtio-opissa, eli kiinnostukseni on vahvasti siell\u00e4 alueella. Jos olen ihan rehellinen, niin en koskaan varsinaisesti t\u00e4hd\u00e4nnyt urheilutoimittajaksi. P\u00e4\u00e4dyin n\u00e4ihin hommiin ihan sattumalta.<\/p>\n<p class=\"article-body mb-nof-24 px-nof-16\">Arffman on ty\u00f6skennellyt Ylen urheilutoimituksessa vuodesta 2012 saakka, jolloin h\u00e4nelle avautui sielt\u00e4 vakituinen ty\u00f6paikka. T\u00e4m\u00e4n vuoden ty\u00f6kuviot urheilun ulkopuolelta ovat olleet tervetulleita piristyksi\u00e4 intohimoaiheen pariin, mutta mit\u00e4\u00e4n suurta suunnitelmaa Arffmanilla ei ole.<\/p>\n<p class=\"article-body mb-nof-24 px-nof-16\">\u2013 Tervehdin kaikkia uusia ty\u00f6projekteja ilolla, mutta vuoteni on ollut niin vaikea, ett\u00e4 en varsinaisesti pyri mihink\u00e4\u00e4n muuhun kuin tavalliseen, tasaiseen arkeen. Se riitt\u00e4\u00e4 juuri nyt oikein hyvin.<\/p>\n<p class=\"article-body nof-ui-body-medium mb-nof-24 px-nof-16\">Urheiluruutu TV1 klo 20.55 ja 21.49 arkisin ja klo 18.10 ja 20.45 viikonloppuisin.<\/p>\n","protected":false},"excerpt":{"rendered":"Laura Arffmanin el\u00e4m\u00e4 mullistui, kun h\u00e4nen avioliittonsa p\u00e4\u00e4ttyi alkuvuodesta. Vaikea vuosi on opettanut paljon. Kulunut vuosi on ollut&hellip;\n","protected":false},"author":2,"featured_media":106304,"comment_status":"","ping_status":"","sticky":false,"template":"","format":"standard","meta":{"footnotes":""},"categories":[136],"tags":[407,137,33,31,30,34,408,32,109],"class_list":{"0":"post-106303","1":"post","2":"type-post","3":"status-publish","4":"format-standard","5":"has-post-thumbnail","7":"category-julkkikset","8":"tag-celebrities","9":"tag-entertainment","10":"tag-fi","11":"tag-finland","12":"tag-finnish","13":"tag-ilta-sanomat","14":"tag-julkkikset","15":"tag-suomi","16":"tag-viihde"},"share_on_mastodon":{"url":"https:\/\/pubeurope.com\/@fi\/115653921146235061","error":""},"_links":{"self":[{"href":"https:\/\/www.europesays.com\/fi\/wp-json\/wp\/v2\/posts\/106303","targetHints":{"allow":["GET"]}}],"collection":[{"href":"https:\/\/www.europesays.com\/fi\/wp-json\/wp\/v2\/posts"}],"about":[{"href":"https:\/\/www.europesays.com\/fi\/wp-json\/wp\/v2\/types\/post"}],"author":[{"embeddable":true,"href":"https:\/\/www.europesays.com\/fi\/wp-json\/wp\/v2\/users\/2"}],"replies":[{"embeddable":true,"href":"https:\/\/www.europesays.com\/fi\/wp-json\/wp\/v2\/comments?post=106303"}],"version-history":[{"count":0,"href":"https:\/\/www.europesays.com\/fi\/wp-json\/wp\/v2\/posts\/106303\/revisions"}],"wp:featuredmedia":[{"embeddable":true,"href":"https:\/\/www.europesays.com\/fi\/wp-json\/wp\/v2\/media\/106304"}],"wp:attachment":[{"href":"https:\/\/www.europesays.com\/fi\/wp-json\/wp\/v2\/media?parent=106303"}],"wp:term":[{"taxonomy":"category","embeddable":true,"href":"https:\/\/www.europesays.com\/fi\/wp-json\/wp\/v2\/categories?post=106303"},{"taxonomy":"post_tag","embeddable":true,"href":"https:\/\/www.europesays.com\/fi\/wp-json\/wp\/v2\/tags?post=106303"}],"curies":[{"name":"wp","href":"https:\/\/api.w.org\/{rel}","templated":true}]}}