{"id":106305,"date":"2025-12-03T05:12:08","date_gmt":"2025-12-03T05:12:08","guid":{"rendered":"https:\/\/www.europesays.com\/fi\/106305\/"},"modified":"2025-12-03T05:12:08","modified_gmt":"2025-12-03T05:12:08","slug":"z-sukupolvi-otti-omakseen-ikonin-joka-liehuu-nyt-mielenosoituksissa-ympari-maailmaa","status":"publish","type":"post","link":"https:\/\/www.europesays.com\/fi\/106305\/","title":{"rendered":"Z-sukupolvi otti omakseen ikonin, joka liehuu nyt mielenosoituksissa ymp\u00e4ri maailmaa"},"content":{"rendered":"<p>Kommentti|Netflixin n\u00e4ytelty One Piece on hyv\u00e4ntuulinen merirosvoseikkailu, jonka vauhtia eiv\u00e4t kliseet hidasta.<\/p>\n<p class=\"article-body mb-nof-24 px-nof-16\">P\u00e4\u00e4kallolippu on liehunut viime aikoina mielenosoituksissa ymp\u00e4ri maailmaa.<\/p>\n<p class=\"article-body mb-nof-24 px-nof-16\">Gen Z -sukupolveksi kutsutut 15\u201325-vuotiaat ovat nostaneet symbolikseen olkihattup\u00e4isen p\u00e4\u00e4kallon, joka on per\u00e4isin One Piece -tv-sarjasta, animaatiosta ja sarjakuvasta. Eli animesta ja mangasta, joista tehtiin vuonna 2023 n\u00e4ytelty Netflix-sarja. Siit\u00e4 tuli yksi suoratoistopalvelun suosituimmista sarjoista.<\/p>\n","protected":false},"excerpt":{"rendered":"Kommentti|Netflixin n\u00e4ytelty One Piece on hyv\u00e4ntuulinen merirosvoseikkailu, jonka vauhtia eiv\u00e4t kliseet hidasta. P\u00e4\u00e4kallolippu on liehunut viime aikoina mielenosoituksissa&hellip;\n","protected":false},"author":2,"featured_media":106306,"comment_status":"","ping_status":"","sticky":false,"template":"","format":"standard","meta":{"footnotes":""},"categories":[135],"tags":[389,387,388,390,137,33,31,30,46,32,394,393,391,392,109],"class_list":{"0":"post-106305","1":"post","2":"type-post","3":"status-publish","4":"format-standard","5":"has-post-thumbnail","7":"category-taiteet-ja-suunnittelu","8":"tag-arts","9":"tag-arts-and-design","10":"tag-artsanddesign","11":"tag-design","12":"tag-entertainment","13":"tag-fi","14":"tag-finland","15":"tag-finnish","16":"tag-helsingin-sanomat","17":"tag-suomi","18":"tag-suunnittelu","19":"tag-taiteet","20":"tag-taiteet-ja-suunnittelu","21":"tag-taiteetsuunnittelu","22":"tag-viihde"},"share_on_mastodon":{"url":"https:\/\/pubeurope.com\/@fi\/115653924814895499","error":""},"_links":{"self":[{"href":"https:\/\/www.europesays.com\/fi\/wp-json\/wp\/v2\/posts\/106305","targetHints":{"allow":["GET"]}}],"collection":[{"href":"https:\/\/www.europesays.com\/fi\/wp-json\/wp\/v2\/posts"}],"about":[{"href":"https:\/\/www.europesays.com\/fi\/wp-json\/wp\/v2\/types\/post"}],"author":[{"embeddable":true,"href":"https:\/\/www.europesays.com\/fi\/wp-json\/wp\/v2\/users\/2"}],"replies":[{"embeddable":true,"href":"https:\/\/www.europesays.com\/fi\/wp-json\/wp\/v2\/comments?post=106305"}],"version-history":[{"count":0,"href":"https:\/\/www.europesays.com\/fi\/wp-json\/wp\/v2\/posts\/106305\/revisions"}],"wp:featuredmedia":[{"embeddable":true,"href":"https:\/\/www.europesays.com\/fi\/wp-json\/wp\/v2\/media\/106306"}],"wp:attachment":[{"href":"https:\/\/www.europesays.com\/fi\/wp-json\/wp\/v2\/media?parent=106305"}],"wp:term":[{"taxonomy":"category","embeddable":true,"href":"https:\/\/www.europesays.com\/fi\/wp-json\/wp\/v2\/categories?post=106305"},{"taxonomy":"post_tag","embeddable":true,"href":"https:\/\/www.europesays.com\/fi\/wp-json\/wp\/v2\/tags?post=106305"}],"curies":[{"name":"wp","href":"https:\/\/api.w.org\/{rel}","templated":true}]}}