{"id":106317,"date":"2025-12-03T05:23:12","date_gmt":"2025-12-03T05:23:12","guid":{"rendered":"https:\/\/www.europesays.com\/fi\/106317\/"},"modified":"2025-12-03T05:23:12","modified_gmt":"2025-12-03T05:23:12","slug":"ukraina-iski-jo-kolmanteen-tankkeriin-viikon-aikana","status":"publish","type":"post","link":"https:\/\/www.europesays.com\/fi\/106317\/","title":{"rendered":"Ukraina iski jo kolmanteen tankkeriin viikon aikana"},"content":{"rendered":"<p class=\"ai-optimize-6 ai-optimize-introduction\">Ven\u00e4j\u00e4n tankkereita vastaan on tehty jo kolmas isku kuluvan viikon aikana. Perjantaina Turkin edustalla iskut kohdistuivat Gambian lipun alla purjehtiviin Ven\u00e4j\u00e4n varjolaivaston aluksiin nimelt\u00e4 Kairos ja Virat. Kairosin konehuoneessa syttyi tulipalo, josta nousi suuri savupatsas. Viratia vastaan ilmeisesti hy\u00f6k\u00e4ttiin uudelleen lauantaina. Miehist\u00f6t evakuoitiin, eik\u00e4 kukaan loukkaantunut. Molempien alusten on v\u00e4itetty olleen tyhji\u00e4 iskujen aikaan.<\/p>\n<p class=\"ai-optimize-7\">Tiistaina tuli uusi isku, Midvolga 2 -niminen tankkeri oli matkalla Ven\u00e4j\u00e4lt\u00e4 Georgiaan. Ven\u00e4l\u00e4isten <a href=\"https:\/\/tass.ru\/proisshestviya\/25787811\" target=\"_blank\" rel=\"noopener nofollow\">l\u00e4hteiden<\/a> mukaan aluksen lastina on ruoka\u00f6ljy\u00e4.<\/p>\n<p class=\"ai-optimize-8\"><a href=\"https:\/\/www.bbc.com\/news\/articles\/cp9ky5z2gx0o\" target=\"_blank\" rel=\"noopener nofollow\">BBC:n<\/a>\u00a0mukaan iskuissa Kairos- ja Virat-aluksia vastaan k\u00e4ytettiin Ukrainan Sea Baby -meridrooneja. Midvolga 2 -alukseen vaikuttaa sosiaalisessa mediassa julkaistujen kuvien perusteella iskeytyneen lent\u00e4v\u00e4 drooni. Miehist\u00f6 vaikuttaa dokumentoineen tapahtuman j\u00e4lki\u00e4 ahkerasti. Ven\u00e4l\u00e4isill\u00e4 Telegram-kanavilla levi\u00e4viss\u00e4 kuvissa n\u00e4kyy lennokin kappaleita: siipi\u00e4, jopa kaksi py\u00f6r\u00e4\u00e4. Py\u00f6r\u00e4t n\u00e4ytt\u00e4v\u00e4t samankaltaiselta kuin ne, joita Liutyi-lennokeissa k\u00e4ytet\u00e4\u00e4n.<\/p>\n<p class=\"ai-optimize-9\">Midvolgalla oli iskun aikaan 13 miehist\u00f6n j\u00e4sent\u00e4. Mediatietojen mukaan he eiv\u00e4t loukkaantuneet iskussa. Alus on nyt matkalla Turkkiin.<\/p>\n<p class=\"ai-optimize-10\">Midvolga 2, jonka kotisatama on Pietarissa, kuuluu Moskovalaiselle varustamolle. Se on ollut otsikoissa aiemminkin t\u00f6rm\u00e4tty\u00e4\u00e4n vuonna 2017 Barcelonan l\u00e4hell\u00e4 espanjalaiseen kalastusalukseen. T\u00f6rm\u00e4yksen johdosta kalastusalus upposi ja kaksi sen miehist\u00f6n j\u00e4sent\u00e4 katosi aaltoihin. Midvolga 2 oli tuolloin matkalla Barcelonasta Egyptin Aleksandriaan lastinaan melassia.<\/p>\n<blockquote class=\"twitter-tweet\" data-width=\"550\" data-dnt=\"true\">\n<p lang=\"en\" dir=\"ltr\">Photos of the aftermath of the attack on the Midvolga-2 tanker have emerged.<\/p>\n<p>Interestingly, the attack was carried out using an aerial drone, not a naval drone. <a href=\"https:\/\/t.co\/lEvIfwa9O3\" rel=\"nofollow\">pic.twitter.com\/lEvIfwa9O3<\/a><\/p>\n<p>\u2014 Evgen Istrebin \ud83c\uddfa\ud83c\udde6 (@evgen1232007) <a href=\"https:\/\/twitter.com\/evgen1232007\/status\/1995792497780437023?ref_src=twsrc%5Etfw\" rel=\"nofollow noopener\" target=\"_blank\">December 2, 2025<\/a><\/p>\n<\/blockquote>\n<p>\u00a0<\/p>\n<p>\u00a0<\/p>\n<p>\u00a0<\/p>\n<p>\u00a0<\/p>\n<p>\t\t\t\t<script async src=\"https:\/\/platform.twitter.com\/widgets.js\" charset=\"utf-8\"><\/script><\/p>\n","protected":false},"excerpt":{"rendered":"Ven\u00e4j\u00e4n tankkereita vastaan on tehty jo kolmas isku kuluvan viikon aikana. Perjantaina Turkin edustalla iskut kohdistuivat Gambian lipun&hellip;\n","protected":false},"author":2,"featured_media":106318,"comment_status":"","ping_status":"","sticky":false,"template":"","format":"standard","meta":{"footnotes":""},"categories":[14],"tags":[22,23,26,27,33,31,30,17,24,25,28,29,15,18,21,32,19,20,56,16,987,59,60,61],"class_list":{"0":"post-106317","1":"post","2":"type-post","3":"status-publish","4":"format-standard","5":"has-post-thumbnail","7":"category-ulkomaat","8":"tag-breaking-news","9":"tag-breakingnews","10":"tag-featured-news","11":"tag-featurednews","12":"tag-fi","13":"tag-finland","14":"tag-finnish","15":"tag-headlines","16":"tag-latest-news","17":"tag-latestnews","18":"tag-main-news","19":"tag-mainnews","20":"tag-news","21":"tag-otsikot","22":"tag-paauutiset","23":"tag-suomi","24":"tag-top-stories","25":"tag-topstories","26":"tag-ulkomaat","27":"tag-uutiset","28":"tag-venajan-hyokkays","29":"tag-world","30":"tag-world-news","31":"tag-worldnews"},"share_on_mastodon":{"url":"https:\/\/pubeurope.com\/@fi\/115653968084847345","error":""},"_links":{"self":[{"href":"https:\/\/www.europesays.com\/fi\/wp-json\/wp\/v2\/posts\/106317","targetHints":{"allow":["GET"]}}],"collection":[{"href":"https:\/\/www.europesays.com\/fi\/wp-json\/wp\/v2\/posts"}],"about":[{"href":"https:\/\/www.europesays.com\/fi\/wp-json\/wp\/v2\/types\/post"}],"author":[{"embeddable":true,"href":"https:\/\/www.europesays.com\/fi\/wp-json\/wp\/v2\/users\/2"}],"replies":[{"embeddable":true,"href":"https:\/\/www.europesays.com\/fi\/wp-json\/wp\/v2\/comments?post=106317"}],"version-history":[{"count":0,"href":"https:\/\/www.europesays.com\/fi\/wp-json\/wp\/v2\/posts\/106317\/revisions"}],"wp:featuredmedia":[{"embeddable":true,"href":"https:\/\/www.europesays.com\/fi\/wp-json\/wp\/v2\/media\/106318"}],"wp:attachment":[{"href":"https:\/\/www.europesays.com\/fi\/wp-json\/wp\/v2\/media?parent=106317"}],"wp:term":[{"taxonomy":"category","embeddable":true,"href":"https:\/\/www.europesays.com\/fi\/wp-json\/wp\/v2\/categories?post=106317"},{"taxonomy":"post_tag","embeddable":true,"href":"https:\/\/www.europesays.com\/fi\/wp-json\/wp\/v2\/tags?post=106317"}],"curies":[{"name":"wp","href":"https:\/\/api.w.org\/{rel}","templated":true}]}}