{"id":106321,"date":"2025-12-03T05:25:10","date_gmt":"2025-12-03T05:25:10","guid":{"rendered":"https:\/\/www.europesays.com\/fi\/106321\/"},"modified":"2025-12-03T05:25:10","modified_gmt":"2025-12-03T05:25:10","slug":"kalle-rovanperan-uusi-ura-alkaa-jo-ensi-kuussa-urheilu-2","status":"publish","type":"post","link":"https:\/\/www.europesays.com\/fi\/106321\/","title":{"rendered":"Kalle Rovanper\u00e4n uusi ura alkaa jo ensi kuussa | Urheilu"},"content":{"rendered":"<p>Uransa ralliautoilun MM-sarjassa t\u00e4h\u00e4n kauteen p\u00e4\u00e4tt\u00e4nyt Kalle Rovanper\u00e4 n\u00e4hd\u00e4\u00e4n uusien haasteiden parissa odotettua aiemmin. Rovanper\u00e4 aloittaa formula-autoilun jo tammikuussa, <a href=\"https:\/\/www.toyota.co.nz\/toyota-racing\/castrol-toyota-fr-oceania\/news\/2025\/december\/rovanpera-to-begin-single-seater-journey-in-new-zealand\/\" rel=\"nofollow noopener\" target=\"_blank\">kertoi<\/a> Toyota tiistaina.<\/p>\n<p>\u2013\u2009Aloitan matkani formuloissa tammikuussa Hitech-tallin riveiss\u00e4 Uuden-Seelannin Formula Regional Oceania Trophy -sarjassa. Sarjaa ajetaan nelj\u00e4n\u00e4 per\u00e4kk\u00e4isen\u00e4 viikonloppuna, Rovanper\u00e4 itse <a href=\"https:\/\/x.com\/KalleRovanpera\/status\/1995714390134288421\" rel=\"nofollow\">raportoi<\/a> sosiaalisessa mediassa.<\/p>\n<p>Sarja on Toyotan sponsoroima. Kauden ja Rovanper\u00e4n ensimm\u00e4iset koitokset ajetaan Uuden-Seelannin Pohjoissaarella sijaitsevalla Hampton Downs -radalla 9.\u201311. tammikuuta.<\/p>\n<p>Rovanper\u00e4n piti aiempien tietojen mukaan aloittaa formulaura huhtikuussa, kun Japanissa alkaa Super Formula -sarja.<\/p>\n<p>\u2013\u2009Kaikki Uuden-Seelannin sarjan radat ovat arvostettuja haastavuutensa ja anteeksiantamattomuutensa my\u00f6t\u00e4. Ne ovat t\u00e4ydellisi\u00e4 harjoituspaikkoja valmistamaan kuljettajia pohjoisen pallonpuoliskon kisoihin. Rovanper\u00e4 aloittaa Japanin Super Formula -sarjassa huhtikuussa, kaksi kuukautta sen j\u00e4lkeen kun h\u00e4nen ajonsa Uudessa-Seelannissa ovat ohi, Toyota kertoi.<\/p>\n","protected":false},"excerpt":{"rendered":"Uransa ralliautoilun MM-sarjassa t\u00e4h\u00e4n kauteen p\u00e4\u00e4tt\u00e4nyt Kalle Rovanper\u00e4 n\u00e4hd\u00e4\u00e4n uusien haasteiden parissa odotettua aiemmin. Rovanper\u00e4 aloittaa formula-autoilun jo&hellip;\n","protected":false},"author":2,"featured_media":106322,"comment_status":"","ping_status":"","sticky":false,"template":"","format":"standard","meta":{"footnotes":""},"categories":[5],"tags":[648,2810,22,23,26,27,33,31,30,17,4673,24,25,121,41,28,29,83,15,18,21,32,128,19,20,16],"class_list":{"0":"post-106321","1":"post","2":"type-post","3":"status-publish","4":"format-standard","5":"has-post-thumbnail","7":"category-otsikot","8":"tag-autot","9":"tag-autourheilu-ja-urheiluautot","10":"tag-breaking-news","11":"tag-breakingnews","12":"tag-featured-news","13":"tag-featurednews","14":"tag-fi","15":"tag-finland","16":"tag-finnish","17":"tag-headlines","18":"tag-kalle-rovanpera","19":"tag-latest-news","20":"tag-latestnews","21":"tag-liikenne-ja-kuljetus","22":"tag-liikunta-ja-urheilu","23":"tag-main-news","24":"tag-mainnews","25":"tag-moottoriurheilu","26":"tag-news","27":"tag-otsikot","28":"tag-paauutiset","29":"tag-suomi","30":"tag-tieliikenne","31":"tag-top-stories","32":"tag-topstories","33":"tag-uutiset"},"share_on_mastodon":{"url":"https:\/\/pubeurope.com\/@fi\/115653975997983549","error":""},"_links":{"self":[{"href":"https:\/\/www.europesays.com\/fi\/wp-json\/wp\/v2\/posts\/106321","targetHints":{"allow":["GET"]}}],"collection":[{"href":"https:\/\/www.europesays.com\/fi\/wp-json\/wp\/v2\/posts"}],"about":[{"href":"https:\/\/www.europesays.com\/fi\/wp-json\/wp\/v2\/types\/post"}],"author":[{"embeddable":true,"href":"https:\/\/www.europesays.com\/fi\/wp-json\/wp\/v2\/users\/2"}],"replies":[{"embeddable":true,"href":"https:\/\/www.europesays.com\/fi\/wp-json\/wp\/v2\/comments?post=106321"}],"version-history":[{"count":0,"href":"https:\/\/www.europesays.com\/fi\/wp-json\/wp\/v2\/posts\/106321\/revisions"}],"wp:featuredmedia":[{"embeddable":true,"href":"https:\/\/www.europesays.com\/fi\/wp-json\/wp\/v2\/media\/106322"}],"wp:attachment":[{"href":"https:\/\/www.europesays.com\/fi\/wp-json\/wp\/v2\/media?parent=106321"}],"wp:term":[{"taxonomy":"category","embeddable":true,"href":"https:\/\/www.europesays.com\/fi\/wp-json\/wp\/v2\/categories?post=106321"},{"taxonomy":"post_tag","embeddable":true,"href":"https:\/\/www.europesays.com\/fi\/wp-json\/wp\/v2\/tags?post=106321"}],"curies":[{"name":"wp","href":"https:\/\/api.w.org\/{rel}","templated":true}]}}