{"id":106343,"date":"2025-12-03T06:04:08","date_gmt":"2025-12-03T06:04:08","guid":{"rendered":"https:\/\/www.europesays.com\/fi\/106343\/"},"modified":"2025-12-03T06:04:08","modified_gmt":"2025-12-03T06:04:08","slug":"toivo-kasvaa-tyottomana-ja-puolisoa-odotellessa","status":"publish","type":"post","link":"https:\/\/www.europesays.com\/fi\/106343\/","title":{"rendered":"Toivo kasvaa ty\u00f6tt\u00f6m\u00e4n\u00e4 ja puolisoa odotellessa"},"content":{"rendered":"<p class=\"wp-block-post-excerpt__excerpt\">Arkkitehti Toini Sepp\u00e4l\u00e4 valmistui unelma-ammattiin, mutta ty\u00f6n saaminen on ollut vaikeaa. Identiteetin ja toivon perustukset joutuivat myllyyn. Nyt olosuhteita suuremman toivon juuria vahvistaa toteutumaton haave parisuhteesta. <\/p>\n<p>Helsinkil\u00e4isen arkkitehdin <strong>Toini Sepp\u00e4l\u00e4n<\/strong> tietokoneen ruudulla on viime p\u00e4ivin\u00e4 py\u00f6rinyt pientaloalueen kolmiulotteinen havainnekuva.<\/p>\n<p>Talot nousevat vesist\u00f6n ja metsien l\u00e4heisyyteen. Ikkunoista avautuu luontomaisemaa ja ulko-ovesta p\u00e4\u00e4see suoraan mets\u00e4poluille.<\/p>\n<p>\u2013 Luonto on Jumalan lahja. Arkkitehtina voin mahdollistaa ihmisille luonnosta nauttimisen. Haluan s\u00e4ilytt\u00e4\u00e4 ymp\u00e4rist\u00f6ss\u00e4 Jumalan k\u00e4den j\u00e4ljen, Sepp\u00e4l\u00e4 sanoo.<\/p>\n<p>Ty\u00f6n ja luomisen iloa kupliva arkkitehti ei ole aina ollut n\u00e4in toiveikas. Pari vuotta sitten toivo oli v\u00e4lill\u00e4 suorastaan hukassa.<\/p>\n<p>\u2013 Valmistuin unelma-ammattiini, mutta arkkitehtien ty\u00f6tilanne on katastrofaalinen. Olin vuoden ty\u00f6tt\u00f6m\u00e4n\u00e4 oman alan teht\u00e4vist\u00e4. Kyll\u00e4 se toivoa s\u00f6i, Sepp\u00e4l\u00e4 kertoo.<\/p>\n<p>Taaksep\u00e4in katsellessaan h\u00e4n on huomannut, ett\u00e4 monta t\u00e4rke\u00e4\u00e4 asiaa joutui odottelun aikana ty\u00f6st\u00f6\u00f6n.<\/p>\n<p>Jumalalle rakas<\/p>\n<p>Ty\u00f6tt\u00f6m\u00e4ksi jouduttuaan uransa alussa oleva ihminen joutuu ruoppaamaan syv\u00e4lt\u00e4 arvonsa ja identiteettins\u00e4 perustuksia. Ovatko ne siin\u00e4 mit\u00e4 h\u00e4n tekee vai siin\u00e4 mit\u00e4 h\u00e4n on?<\/p>\n<p>\u2013 Opiskelijana iso osa identiteetti\u00e4ni oli siin\u00e4, ett\u00e4 teen pian arkkitehdin t\u00f6it\u00e4. Kun t\u00e4m\u00e4 ei toteutunutkaan, jouduin kysym\u00e4\u00e4n itselt\u00e4ni, mitk\u00e4 muut asiat tuovat el\u00e4m\u00e4\u00e4ni merkityst\u00e4.<\/p>\n<p>Ty\u00f6tt\u00f6m\u00e4n\u00e4 Jumalan rakkaus tuli Sepp\u00e4l\u00e4lle aiempaa todellisemmaksi.<\/p>\n<p>\u2013 Minussa vahvistui kokemus, ett\u00e4 olen Jumalalle rakas, ja t\u00e4m\u00e4 on t\u00e4rkeint\u00e4. El\u00e4m\u00e4ll\u00e4ni on merkityst\u00e4, vaikka olisin ty\u00f6t\u00f6n.<\/p>\n<p>Vakituinen ty\u00f6suhde on tuonut el\u00e4m\u00e4\u00e4n levollisuutta, mutta on viel\u00e4 toinenkin asia, jossa on v\u00e4lill\u00e4 vaikea olla toiveikas.<\/p>\n<p>Koolla kolme sinkkua<\/p>\n<p>Kun ik\u00e4toverit viett\u00e4v\u00e4t h\u00e4it\u00e4, Toini Sepp\u00e4l\u00e4 iloitsee heid\u00e4n kanssaan, vaikka juhlatunnelmaan sekoittuu kipeit\u00e4kin tunteita.<\/p>\n<p>Milloin on h\u00e4nen vuoronsa \u2013 vai tuleeko sit\u00e4 koskaan?<\/p>\n<p>H\u00e4n on k\u00e4sitellyt vaikeaa asiaa avoimesti muun muassa Dei Plus -palvelun Kolme koolla -podcastsarjassa.<\/p>\n<p>Kolmekymppiset Toini Sepp\u00e4l\u00e4, <strong>Marianne Hietaranta<\/strong> ja <strong>Leena Lindel\u00e4<\/strong> pohdiskelevat siin\u00e4 sinkkunaisen el\u00e4m\u00e4\u00e4 monesta n\u00e4k\u00f6kulmasta.<\/p>\n<p>Yksi suosituista jaksoista on nimelt\u00e4\u00e4n <a href=\"https:\/\/deiplus.fi\/kolme-koolla\/kausi-1-kolme-koolla\/viel%C3%A4kin-yksin-915\" rel=\"nofollow noopener\" target=\"_blank\">Viel\u00e4kin yksin<\/a>.<\/p>\n<p>Naisten viestin\u00e4 on toivo. Sopiva kumppani voi viel\u00e4 l\u00f6yty\u00e4. Ja vaikka ei l\u00f6ytyisik\u00e4\u00e4n, el\u00e4m\u00e4 on silti t\u00e4ynn\u00e4 merkityst\u00e4.<\/p>\n<p>Sepp\u00e4l\u00e4lle syvin merkitys avautuu suhteesta Jumalan kanssa.<\/p>\n<p>Koko ihmiskunnan toivo<\/p>\n<p>Kristillinen toivo on Toini Sepp\u00e4l\u00e4n mielest\u00e4 paljon syvemp\u00e4\u00e4 kuin yleismaailmallinen puhe toivosta.<\/p>\n<p>\u2013 Jeesuksen antamalla toivolla on vahva perusta. Se on Raamattuun kirjoitetuissa Jumalan lupauksissa.<\/p>\n<p>\u2013 Kun Jeesus nousi kuolleista, mahdottomasta tuli mahdollista. Jeesus toimii t\u00e4n\u00e4 p\u00e4iv\u00e4n\u00e4, ja n\u00e4en t\u00e4m\u00e4n jatkuvasti omassa el\u00e4m\u00e4ss\u00e4ni.<\/p>\n<p>Jeesuksen yl\u00f6snousemuksessa on Sepp\u00e4l\u00e4n mukaan koko ihmiskunnan toivo.<\/p>\n<p>\u2013 Voimme saada synnit anteeksi ja yhteyden Jumalaan. Olemme armahdettuja. Saamme olla Jumalan lapsia ja kutsua Jumalaa is\u00e4ksi.<\/p>\n<p>Evankeliumi on tarkoitettu paitsi uskottavaksi my\u00f6s kerrottavaksi muille. T\u00e4m\u00e4n vuoksi Toini Sepp\u00e4l\u00e4 rukoilee, ett\u00e4 olisi jokaisessa el\u00e4m\u00e4nvaiheessa omalla paikallaan Jumalan valtakunnassa.<\/p>\n<p>L\u00e4hetyskentt\u00e4n\u00e4 podcast<\/p>\n<p>T\u00e4n\u00e4 adventtina Toini Sepp\u00e4l\u00e4n paikka on kristittyn\u00e4 arkkitehtina suomalaisessa ty\u00f6el\u00e4m\u00e4ss\u00e4, tuottaa podcasteja ja johtaa Kylv\u00e4j\u00e4n nuorten aikuisten Valo-iltoja yhdess\u00e4 Kylv\u00e4j\u00e4n nuorten aikuisten ty\u00f6ntekij\u00e4n <strong>Sara Gum\u00e9rin<\/strong> kanssa.<\/p>\n<p>\u2013 Podcast on t\u00e4ll\u00e4 hetkell\u00e4 minun l\u00e4hetyskentt\u00e4ni. Se on avannut keskusteluja monien kanssa.<\/p>\n<p>Joskus my\u00f6hemmin h\u00e4n voisi l\u00e4hte\u00e4 my\u00f6s ulkomaille. N\u00e4iss\u00e4 pohdinnoissa usean j\u00e4rjest\u00f6n yhdess\u00e4 j\u00e4rjest\u00e4m\u00e4 L\u00e4hetetty-koulutus on ollut k\u00e4\u00e4nteentekev\u00e4.<\/p>\n<p>\u2013 Sen koulutuksen aikana aloin ajatella, ett\u00e4 minustakin voisi joskus tulla l\u00e4hetysty\u00f6ntekij\u00e4.<\/p>\n<p>Yhteys Kylv\u00e4j\u00e4\u00e4n rakentui jo lapsuudessa Kylv\u00e4j\u00e4n patriarkkoihin kuuluvan <strong>Olavi Peltolan<\/strong> kautta, joka oli Toini Sepp\u00e4l\u00e4n iso\u00e4idin hyv\u00e4 yst\u00e4v\u00e4.<\/p>\n<p>Oulussa opiskellessaan h\u00e4n kotiutui paikalliseen OPKOon, joka oli valinnut nimikkol\u00e4heteikseen Kylv\u00e4j\u00e4n Mongolian-l\u00e4hetit <strong>Ella <\/strong>ja <strong>Janne Henrikssonin<\/strong>.<\/p>\n<p>Suvulla sormensa peliss\u00e4<\/p>\n<p>Kutsumuksen muotoutumisessa my\u00f6s Sepp\u00e4l\u00e4n suvulla on ollut rukouksiin ristityt sormensa peliss\u00e4.<\/p>\n<p>H\u00e4nen is\u00e4ns\u00e4 kasvoi Suomen L\u00e4hetysseuran l\u00e4hettiperheen lapsena Ambomaalla, ja l\u00e4hipiiriss\u00e4 on ollut monta muutakin l\u00e4hetysty\u00f6ntekij\u00e4\u00e4.<\/p>\n<p>Sukupolvien ketju on Toini Sepp\u00e4l\u00e4lle t\u00e4rke\u00e4 my\u00f6s ensi tiistaina Tikkurilassa j\u00e4rjestett\u00e4v\u00e4ss\u00e4 Kylv\u00e4j\u00e4n joulujuhlassa.<\/p>\n<p>Joulu-Valon teemana on \u201dToivon tuoja\u201d, ja Sepp\u00e4l\u00e4 on mukana aihetta k\u00e4sittelev\u00e4ss\u00e4 paneelikeskustelussa.<\/p>\n<p>\u2013 Odotan juhlalta sukupolvien kohtaamista. Mukaan on tulossa eri-ik\u00e4isi\u00e4 ja erilaisia puhujia my\u00f6s eri kulttuureista. Odotan my\u00f6s Japanin-l\u00e4hettien <strong>Mari-Kaisa<\/strong> ja <strong>Tuomas Auvisen<\/strong> musiikkia.<\/p>\n<p>Kylv\u00e4j\u00e4n ja Tikkurilan seurakunnan yhteinen joulujuhla Joulu-Valo Tikkurilan kirkossa tiistaina 9.12. Joulupuuroa kello 17 alkaen. Ohjelma alkaa kello 18. Tilaisuuteen voi liitty\u00e4 my\u00f6s <a href=\"https:\/\/www.kylvaja.fi\/joulu-valo-2025\/\" rel=\"nofollow noopener\" target=\"_blank\">et\u00e4yhteydell\u00e4<\/a>.<\/p>\n","protected":false},"excerpt":{"rendered":"Arkkitehti Toini Sepp\u00e4l\u00e4 valmistui unelma-ammattiin, mutta ty\u00f6n saaminen on ollut vaikeaa. Identiteetin ja toivon perustukset joutuivat myllyyn. Nyt&hellip;\n","protected":false},"author":2,"featured_media":106344,"comment_status":"","ping_status":"","sticky":false,"template":"","format":"standard","meta":{"footnotes":""},"categories":[135],"tags":[389,387,388,390,137,33,31,30,20022,20023,20024,20025,32,394,393,391,392,20026,20027,860,1955,109],"class_list":{"0":"post-106343","1":"post","2":"type-post","3":"status-publish","4":"format-standard","5":"has-post-thumbnail","7":"category-taiteet-ja-suunnittelu","8":"tag-arts","9":"tag-arts-and-design","10":"tag-artsanddesign","11":"tag-design","12":"tag-entertainment","13":"tag-fi","14":"tag-finland","15":"tag-finnish","16":"tag-kutsumus","17":"tag-kylvaja","18":"tag-lahetystyo","19":"tag-sinkkuus","20":"tag-suomi","21":"tag-suunnittelu","22":"tag-taiteet","23":"tag-taiteet-ja-suunnittelu","24":"tag-taiteetsuunnittelu","25":"tag-toini-seppala","26":"tag-toivo","27":"tag-tyoelama","28":"tag-tyottomyys","29":"tag-viihde"},"share_on_mastodon":{"url":"https:\/\/pubeurope.com\/@fi\/115654129331190128","error":""},"_links":{"self":[{"href":"https:\/\/www.europesays.com\/fi\/wp-json\/wp\/v2\/posts\/106343","targetHints":{"allow":["GET"]}}],"collection":[{"href":"https:\/\/www.europesays.com\/fi\/wp-json\/wp\/v2\/posts"}],"about":[{"href":"https:\/\/www.europesays.com\/fi\/wp-json\/wp\/v2\/types\/post"}],"author":[{"embeddable":true,"href":"https:\/\/www.europesays.com\/fi\/wp-json\/wp\/v2\/users\/2"}],"replies":[{"embeddable":true,"href":"https:\/\/www.europesays.com\/fi\/wp-json\/wp\/v2\/comments?post=106343"}],"version-history":[{"count":0,"href":"https:\/\/www.europesays.com\/fi\/wp-json\/wp\/v2\/posts\/106343\/revisions"}],"wp:featuredmedia":[{"embeddable":true,"href":"https:\/\/www.europesays.com\/fi\/wp-json\/wp\/v2\/media\/106344"}],"wp:attachment":[{"href":"https:\/\/www.europesays.com\/fi\/wp-json\/wp\/v2\/media?parent=106343"}],"wp:term":[{"taxonomy":"category","embeddable":true,"href":"https:\/\/www.europesays.com\/fi\/wp-json\/wp\/v2\/categories?post=106343"},{"taxonomy":"post_tag","embeddable":true,"href":"https:\/\/www.europesays.com\/fi\/wp-json\/wp\/v2\/tags?post=106343"}],"curies":[{"name":"wp","href":"https:\/\/api.w.org\/{rel}","templated":true}]}}