{"id":106348,"date":"2025-12-03T06:11:09","date_gmt":"2025-12-03T06:11:09","guid":{"rendered":"https:\/\/www.europesays.com\/fi\/106348\/"},"modified":"2025-12-03T06:11:09","modified_gmt":"2025-12-03T06:11:09","slug":"villegallen-harvinaiset-parisuhdepaljastukset-ja-koti-youtube-videolla","status":"publish","type":"post","link":"https:\/\/www.europesays.com\/fi\/106348\/","title":{"rendered":"VilleGallen Harvinaiset Parisuhdepaljastukset ja Koti YouTube-videolla"},"content":{"rendered":"<p>\n            20190929, Vantaa. Tanssii t\u00e4htien kanssa vuoden 2019 ensimm\u00e4inen livel\u00e4hetys. Kuvassa VilleGalle..<br \/>\n            Timo Korhonen\n        <\/p>\n<p class=\"subtitle \">Yksityisel\u00e4m\u00e4ns\u00e4 poissa julkisuudelta pit\u00e4nyt artisti esittelee 150-neli\u00f6isen kotinsa.<\/p>\n<p class=\"article-content article-content-width !bg-background\">JVG-duosta tuttu  esittelee Youtube-videolla kotinsa.<\/p>\n<p class=\"font-weight-bold m-font-weight-bold article-content article-content-width !bg-background\">Katso video \u2013 Mit\u00e4 Jare &amp; VilleGalle ottaisivat mukaan autiolle saarelle?<\/p>\n<p>Paljastuksia puolisosta<\/p>\n<p class=\"article-content article-content-width !bg-background\">Ville esittelee kotinsa Petollisistakin tutun tubet\u00e4hti  uudella <a href=\"https:\/\/www.youtube.com\/watch?v=1jB8MZkKo1c\" target=\"_blank\" rel=\"nofollow noopener\">K\u00e4mpp\u00e4rit-YouTube-kanavalla<\/a>, jossa Joona vierailee julkisuudesta tunnettujen henkil\u00f6iden kodeissa. Sarjan ensimm\u00e4isess\u00e4 jaksossa h\u00e4n piipahtaa VilleGallen luona.<\/p>\n<p class=\"article-content article-content-width !bg-background\">Villen perheeseen kuuluu puolison lis\u00e4ksi reilun vuoden ik\u00e4inen siperianhusky Taateli.<\/p>\n<p class=\"article-content article-content-width !bg-background\">\u2013 Mulla ei ole koskaan ollut lemmikki\u00e4, mut puoliso halusi koiran. M\u00e4 olin alkuun ep\u00e4ilev\u00e4inen, mut t\u00e4\u00e4 on ollut parasta mit\u00e4 mulle on tapahtunut viime aikoina, VilleGalle paljastaa.<\/p>\n<p>        <a itemprop=\"url\" href=\"https:\/\/www.seiska.fi\/kotimaa\/amanda-harkimo-repaisi-katso-julkkisten-karmivat-halloween-asut\/1981031\" rel=\"nofollow noopener\" target=\"_blank\"><\/p>\n<p>\nAmanda Harkimo rep\u00e4isi\n<\/p>\n<p class=\"section-date\">\n        <strong class=\"article-section\" data-section=\"kotimaa\"><br \/>\n            kotimaa<br \/>\n        <\/strong><br \/>\n        2.11. 14:30\n    <\/p>\n<p>Amanda Harkimo rep\u00e4isi &#8211; katso julkkisten karmivat halloween-asut\n    <\/p>\n<p itemprop=\"description\" class=\"subtitle \">\n    Moni julkkis vietti halloweenia juhlien. Asujen valinta ja tekeminen sai selv\u00e4sti monien luovuuden kukkimaan.\n<\/p>\n<p>        <\/a><\/p>\n<p class=\"article-content article-content-width !bg-background\">Asunnon pitk\u00e4 eteisk\u00e4yt\u00e4v\u00e4 johtaa keitti\u00f6\u00f6n.<\/p>\n<p class=\"article-content article-content-width !bg-background\">\u2013 Me ollaan melkein puolisolta salaa kuvaamassa, koska tota meill\u00e4 on remontti tulossa t\u00e4h\u00e4n, r\u00e4pp\u00e4ri paljastaa ja toteaa, ett\u00e4 asunnosta tullaan remontoimaan keitti\u00f6n lis\u00e4ksi my\u00f6s lattia ja kylpyhuoneet.<\/p>\n<p class=\"article-content article-content-width !bg-background\">Ville kertoo, ett\u00e4 nyky\u00e4\u00e4n yst\u00e4vi\u00e4 k\u00e4y heill\u00e4 kyl\u00e4ss\u00e4 vain harvakseltaan.<\/p>\n<p class=\"article-content article-content-width !bg-background\">\u2013 Mulla on sit kes\u00e4m\u00f6kki, minne kutsun yst\u00e4vi\u00e4 viett\u00e4m\u00e4\u00e4n aikaa.<\/p>\n<p>                <img decoding=\"async\" src=\"https:\/\/www.europesays.com\/fi\/wp-content\/uploads\/2025\/12\/2009419.webp\" width=\"576\" height=\"720\" alt=\"20190827, Helsinki. Vain el\u00e4m\u00e4\u00e4 All Stras 2019 pressi. Kuvassa VilleGalle.\" loading=\"lazy\" \/>            <\/p>\n<p>\n            20190827, Helsinki. Vain el\u00e4m\u00e4\u00e4 All Stras 2019 pressi. Kuvassa VilleGalle.<br \/>\n            Timo Korhonen\n        <\/p>\n<p>        <a itemprop=\"url\" href=\"https:\/\/www.seiska.fi\/kotimaa\/kohurappari-juno-nahtiin-yllattavassa-ymparistossa-kuvat\/2005893\" rel=\"nofollow noopener\" target=\"_blank\"><\/p>\n<p>\nKuvat!\n<\/p>\n<p class=\"section-date\">\n        <strong class=\"article-section\" data-section=\"kotimaa\"><br \/>\n            kotimaa<br \/>\n        <\/strong><br \/>\n        29.11. 09:00\n    <\/p>\n<p>Kohur\u00e4pp\u00e4ri Juno n\u00e4htiin yll\u00e4tt\u00e4v\u00e4ss\u00e4 ymp\u00e4rist\u00f6ss\u00e4 \u2013 kuvat!\n    <\/p>\n<p itemprop=\"description\" class=\"subtitle \">\n    Rap-artisti on l\u00f6yt\u00e4nyt itsest\u00e4\u00e4n uusia puolia.\n<\/p>\n<p>        <\/a><\/p>\n<p>&#8221;Jos haluutte, et kotona hymyill\u00e4\u00e4n&#8230;&#8221;<\/p>\n<p class=\"article-content article-content-width !bg-background\">Joona tiedustelee, ett\u00e4 mik\u00e4 on Villen bravuuri keitti\u00f6ss\u00e4.<\/p>\n<p class=\"article-content article-content-width !bg-background\">\u2013 Mun puoliso on tosi hyv\u00e4 kokkaamaan ja nautin h\u00e4nen ruoista.<\/p>\n<p class=\"article-content article-content-width !bg-background\">Artistin keitti\u00f6np\u00f6yt\u00e4 on t\u00e4ynn\u00e4 kukkia.<\/p>\n<p class=\"article-content article-content-width !bg-background\">\u2013 Jokaiselle kundille vinkki, et jos haluatte, et kotona hymyill\u00e4\u00e4n, ni t\u00e4\u00e4 on se resepti. M\u00e4 ostan paljon kukkia rouvalle, se on ihanaa, Vain el\u00e4m\u00e4\u00e4 -ohjelmassakin n\u00e4hty Ville toteaa.<\/p>\n<p>        <a itemprop=\"url\" href=\"https:\/\/www.seiska.fi\/kotimaa\/villi-video-jvgsta-leviaa-somessa-eikos-jarella-oo-vaimoo\/1860507\" rel=\"nofollow noopener\" target=\"_blank\"><\/p>\n<p>\nVilli video JVG:st\u00e4 levi\u00e4\u00e4 somessa\n<\/p>\n<p class=\"section-date\">\n        <strong class=\"article-section\" data-section=\"kotimaa\"><br \/>\n            kotimaa<br \/>\n        <\/strong><br \/>\n        7.7. 16:00\n    <\/p>\n<p>Villi video JVG:st\u00e4 levi\u00e4\u00e4 somessa \u2013 &#8221;Eik\u00f6s Jarella oo vaimoo?&#8221;\n    <\/p>\n<p itemprop=\"description\" class=\"subtitle \">\n    Jare Brandin ja h\u00e4nen Maria-vaimonsa hell\u00e4 hetki tallentui kameraan. Yksi rap-duon faneista h\u00e4mmentyi harvinaisesta hellyydenosoituksesta.\n<\/p>\n<p>        <\/a><\/p>\n<p class=\"article-content article-content-width !bg-background\">Ville kertoo, ett\u00e4 asuntoa etsiess\u00e4\u00e4n h\u00e4nell\u00e4 oli kolme selv\u00e4\u00e4 kriteeri\u00e4: takka, sauna ja parveke. Kodista l\u00f6ytyv\u00e4t ne kaikki.<\/p>\n<p class=\"article-content article-content-width !bg-background\">Noin 150-neli\u00f6isen asunnon olohuoneen ikkunasta n\u00e4kyy merelle, t\u00e4m\u00e4 vakuutti Villen.<\/p>\n<p class=\"article-content article-content-width !bg-background\">\u2013 M\u00e4 olin pitk\u00e4\u00e4n etsinyt k\u00e4mpp\u00e4\u00e4 ja silloin mulla tuli se, et t\u00e4ss\u00e4 se on.<\/p>\n<p>                <img decoding=\"async\" src=\"https:\/\/www.europesays.com\/fi\/wp-content\/uploads\/2025\/12\/2009418.webp\" width=\"576\" height=\"322\" alt=\"J\u00e4ttisuosion saavuttaneen JVG:n suosituimpia kappaleita ovat muun muassa H\u00e4iss\u00e4, Voitolla y\u00f6h\u00f6n ja Tarkenee.\" loading=\"lazy\" \/>            <\/p>\n<p>\n            J\u00e4ttisuosion saavuttaneen JVG:n suosituimpia kappaleita ovat muun muassa H\u00e4iss\u00e4, Voitolla y\u00f6h\u00f6n ja Tarkenee.<br \/>\n            Timo Korhonen\n        <\/p>\n<p>Yll\u00e4tt\u00e4v\u00e4 rentoutumistapa<\/p>\n<p class=\"article-content article-content-width !bg-background\">Ikuinen vappu -hitist\u00e4\u00e4nkin tunnettu artisti paljastaa videolla yll\u00e4tt\u00e4v\u00e4n rentoutumiskeinonsa.<\/p>\n<p class=\"article-content article-content-width !bg-background\">\u2013 M\u00e4 oon yks kovimmista sanaristikoiden tekij\u00f6ist\u00e4 \u2013 se on mulle tapa rentoutua ja rauhoittua. Joka kerta kun meen kauppaan, niin ostan uuden.<\/p>\n<p>        <a itemprop=\"url\" href=\"https:\/\/www.seiska.fi\/kotimaa\/erikoinen-haapaljastus-jare-brandin-maria-rakas-yllattaa\/1898698\" rel=\"nofollow noopener\" target=\"_blank\"><\/p>\n<p>\nJare Brandin Maria-rakas\n<\/p>\n<p class=\"section-date\">\n        <strong class=\"article-section\" data-section=\"kotimaa\"><br \/>\n            kotimaa<br \/>\n        <\/strong><br \/>\n        13.8. 15:01\n    <\/p>\n<p>Erikoinen h\u00e4\u00e4paljastus! Jare Brandin Maria-rakas yll\u00e4tt\u00e4\u00e4\n    <\/p>\n<p itemprop=\"description\" class=\"subtitle \">\n    Yksityiskohta selvisi yll\u00e4tt\u00e4v\u00e4ss\u00e4 asiayhteydess\u00e4.\n<\/p>\n<p>        <\/a><\/p>\n<p class=\"article-content article-content-width !bg-background\">Villen kodista l\u00f6ytyy kaksi kylpyhuonetta, sek\u00e4 yl\u00e4- ett\u00e4 alakerrasta, mik\u00e4 miehen mukaan oli erityisen hyv\u00e4 juttu silloin, kun h\u00e4n tapaili uutta ihmist\u00e4.<\/p>\n<p class=\"article-content article-content-width !bg-background\">\u2013 Siin vaiheessa kun rupee tapailemaan uutta ihmist\u00e4 ni ne ensimm\u00e4iset y\u00f6kyl\u00e4ilyt, et kun on yl\u00e4kerrassa vessa ni se on God bless, kun voit k\u00e4yd\u00e4 siell\u00e4 rauhassa. Ettei siell\u00e4 yksi\u00f6ss\u00e4 yrit\u00e4 p\u00e4\u00e4st\u00e4\u00e4 sit\u00e4 hiljaista hiiht\u00e4j\u00e4\u00e4, Ville naurahtaa.<\/p>\n","protected":false},"excerpt":{"rendered":"20190929, Vantaa. Tanssii t\u00e4htien kanssa vuoden 2019 ensimm\u00e4inen livel\u00e4hetys. Kuvassa VilleGalle.. Timo Korhonen Yksityisel\u00e4m\u00e4ns\u00e4 poissa julkisuudelta pit\u00e4nyt artisti&hellip;\n","protected":false},"author":2,"featured_media":106349,"comment_status":"","ping_status":"","sticky":false,"template":"","format":"standard","meta":{"footnotes":""},"categories":[130],"tags":[3627,137,33,31,30,10974,1766,1496,651,32,109,20029,920,20028],"class_list":{"0":"post-106348","1":"post","2":"type-post","3":"status-publish","4":"format-standard","5":"has-post-thumbnail","7":"category-viihde","8":"tag-artisti","9":"tag-entertainment","10":"tag-fi","11":"tag-finland","12":"tag-finnish","13":"tag-joona-puhakka","14":"tag-jvg","15":"tag-parisuhde","16":"tag-suhteet","17":"tag-suomi","18":"tag-viihde","19":"tag-ville-galle","20":"tag-youtube","21":"tag-youtube-videot"},"share_on_mastodon":{"url":"https:\/\/pubeurope.com\/@fi\/115654156894027570","error":""},"_links":{"self":[{"href":"https:\/\/www.europesays.com\/fi\/wp-json\/wp\/v2\/posts\/106348","targetHints":{"allow":["GET"]}}],"collection":[{"href":"https:\/\/www.europesays.com\/fi\/wp-json\/wp\/v2\/posts"}],"about":[{"href":"https:\/\/www.europesays.com\/fi\/wp-json\/wp\/v2\/types\/post"}],"author":[{"embeddable":true,"href":"https:\/\/www.europesays.com\/fi\/wp-json\/wp\/v2\/users\/2"}],"replies":[{"embeddable":true,"href":"https:\/\/www.europesays.com\/fi\/wp-json\/wp\/v2\/comments?post=106348"}],"version-history":[{"count":0,"href":"https:\/\/www.europesays.com\/fi\/wp-json\/wp\/v2\/posts\/106348\/revisions"}],"wp:featuredmedia":[{"embeddable":true,"href":"https:\/\/www.europesays.com\/fi\/wp-json\/wp\/v2\/media\/106349"}],"wp:attachment":[{"href":"https:\/\/www.europesays.com\/fi\/wp-json\/wp\/v2\/media?parent=106348"}],"wp:term":[{"taxonomy":"category","embeddable":true,"href":"https:\/\/www.europesays.com\/fi\/wp-json\/wp\/v2\/categories?post=106348"},{"taxonomy":"post_tag","embeddable":true,"href":"https:\/\/www.europesays.com\/fi\/wp-json\/wp\/v2\/tags?post=106348"}],"curies":[{"name":"wp","href":"https:\/\/api.w.org\/{rel}","templated":true}]}}