{"id":106354,"date":"2025-12-03T06:16:12","date_gmt":"2025-12-03T06:16:12","guid":{"rendered":"https:\/\/www.europesays.com\/fi\/106354\/"},"modified":"2025-12-03T06:16:12","modified_gmt":"2025-12-03T06:16:12","slug":"nain-suomi-sijoittui-eun-tasa-arvovertailussa","status":"publish","type":"post","link":"https:\/\/www.europesays.com\/fi\/106354\/","title":{"rendered":"N\u00e4in Suomi sijoittui EU:n tasa-arvovertailussa"},"content":{"rendered":"<p>Suomi on sijoittunut kahdeksanneksi sukupuolten tasa-arvovertailussa Euroopan unionissa, <a href=\"https:\/\/stm.fi\/-\/suomi-kahdeksantena-eu-maiden-tasa-arvovertailussa-2\" rel=\"nofollow noopener\" target=\"_blank\">kertoo<\/a> sosiaali- ja terveysministeri\u00f6.<\/p>\n<p>Suomi on tasa-arvoindeksiss\u00e4 samalla sijalla kolmatta kertaa per\u00e4kk\u00e4in. Muun muassa naisten ja miesten tilanteen v\u00e4list\u00e4 eroa mittaavaa indeksi\u00e4 julkaisee Euroopan tasa-arvoinstituutti EIGE.<\/p>\n<p>T\u00e4ydellist\u00e4 tasa-arvoa kuvaava luku on 100. Suomen luku oli 68,3. Vertailun k\u00e4rjess\u00e4 on Ruotsi 73,7 pisteell\u00e4.<\/p>\n<p>Koko EU:n tasa-arvoindeksi on nyt 63,4 pistett\u00e4. EIGE arvioi, ett\u00e4 nykyisell\u00e4 noin 0,7 pisteen vuosivauhdilla t\u00e4yden tasa-arvon saavuttaminen kest\u00e4isi v\u00e4hint\u00e4\u00e4n 50 vuotta.<\/p>\n<p>Tasa-arvoasioista vastaavan ministerin <strong>Sanni Grahn-Laasosen<\/strong> (kok.) mukaan Suomi on monessa suhteessa tasa-arvon mallimaa, mutta my\u00f6s sill\u00e4 on omat kompastuskivens\u00e4. Grahn-Laasosen mukaan tasa-arvo vaatii tavoitteellista politiikkaa ja rakenteiden uudistamista.<\/p>\n","protected":false},"excerpt":{"rendered":"Suomi on sijoittunut kahdeksanneksi sukupuolten tasa-arvovertailussa Euroopan unionissa, kertoo sosiaali- ja terveysministeri\u00f6. Suomi on tasa-arvoindeksiss\u00e4 samalla sijalla kolmatta&hellip;\n","protected":false},"author":2,"featured_media":106355,"comment_status":"","ping_status":"","sticky":false,"template":"","format":"standard","meta":{"footnotes":""},"categories":[12],"tags":[22,23,26,27,33,31,30,17,24,25,28,29,15,18,21,32,19,20,16],"class_list":{"0":"post-106354","1":"post","2":"type-post","3":"status-publish","4":"format-standard","5":"has-post-thumbnail","7":"category-suomi","8":"tag-breaking-news","9":"tag-breakingnews","10":"tag-featured-news","11":"tag-featurednews","12":"tag-fi","13":"tag-finland","14":"tag-finnish","15":"tag-headlines","16":"tag-latest-news","17":"tag-latestnews","18":"tag-main-news","19":"tag-mainnews","20":"tag-news","21":"tag-otsikot","22":"tag-paauutiset","23":"tag-suomi","24":"tag-top-stories","25":"tag-topstories","26":"tag-uutiset"},"share_on_mastodon":{"url":"https:\/\/pubeurope.com\/@fi\/115654176507543518","error":""},"_links":{"self":[{"href":"https:\/\/www.europesays.com\/fi\/wp-json\/wp\/v2\/posts\/106354","targetHints":{"allow":["GET"]}}],"collection":[{"href":"https:\/\/www.europesays.com\/fi\/wp-json\/wp\/v2\/posts"}],"about":[{"href":"https:\/\/www.europesays.com\/fi\/wp-json\/wp\/v2\/types\/post"}],"author":[{"embeddable":true,"href":"https:\/\/www.europesays.com\/fi\/wp-json\/wp\/v2\/users\/2"}],"replies":[{"embeddable":true,"href":"https:\/\/www.europesays.com\/fi\/wp-json\/wp\/v2\/comments?post=106354"}],"version-history":[{"count":0,"href":"https:\/\/www.europesays.com\/fi\/wp-json\/wp\/v2\/posts\/106354\/revisions"}],"wp:featuredmedia":[{"embeddable":true,"href":"https:\/\/www.europesays.com\/fi\/wp-json\/wp\/v2\/media\/106355"}],"wp:attachment":[{"href":"https:\/\/www.europesays.com\/fi\/wp-json\/wp\/v2\/media?parent=106354"}],"wp:term":[{"taxonomy":"category","embeddable":true,"href":"https:\/\/www.europesays.com\/fi\/wp-json\/wp\/v2\/categories?post=106354"},{"taxonomy":"post_tag","embeddable":true,"href":"https:\/\/www.europesays.com\/fi\/wp-json\/wp\/v2\/tags?post=106354"}],"curies":[{"name":"wp","href":"https:\/\/api.w.org\/{rel}","templated":true}]}}