{"id":106358,"date":"2025-12-03T06:29:10","date_gmt":"2025-12-03T06:29:10","guid":{"rendered":"https:\/\/www.europesays.com\/fi\/106358\/"},"modified":"2025-12-03T06:29:10","modified_gmt":"2025-12-03T06:29:10","slug":"anni-vuohijoki-julkaisi-puhuttelevan-kuvan-vatsastaan-tiukka-huomautus","status":"publish","type":"post","link":"https:\/\/www.europesays.com\/fi\/106358\/","title":{"rendered":"Anni Vuohijoki julkaisi puhuttelevan kuvan vatsastaan \u2013 Tiukka huomautus"},"content":{"rendered":"<p>Yst\u00e4v\u00e4n kommentti ulkon\u00e4\u00f6st\u00e4 sai Anni Vuohijoen havahtumaan. Nyt ex-olympiaurheilija ottaa tiukasti kantaa ulkon\u00e4k\u00f6asioihin.<\/p>\n<p><img decoding=\"async\" class=\"image image-show image-preview\" src=\"https:\/\/www.europesays.com\/fi\/wp-content\/uploads\/2025\/11\/897ce1a1895130952db29f6c08a138f44f67dae300e8e0ea5d15c08d3fbff69e.jpg\" alt=\"\"\/><img decoding=\"async\" class=\"image image-show\" src=\"https:\/\/www.europesays.com\/fi\/wp-content\/uploads\/2025\/11\/1763364970_665_897ce1a1895130952db29f6c08a138f44f67dae300e8e0ea5d15c08d3fbff69e.jpg\" alt=\"\"\/><\/p>\n<p>Anni Vuohijoki laihtui, kun el\u00e4m\u00e4ss\u00e4 oli k\u00e4ynniss\u00e4 liian kuormittava jakso. Mikko Huisko<\/p>\n<p class=\"paragraph\">Entinen olympiatason painonnostaja <strong>Anni Vuohijoki<\/strong> otti tiukasti kantaa hyvinvointiin ja ulkon\u00e4k\u00f6\u00f6n.<\/p>\n<p class=\"paragraph\">Vuohijoki <a href=\"https:\/\/www.instagram.com\/p\/DRsUJlVE6qL\/?hl=en&amp;img_index=1\" target=\"_blank\" rel=\"noopener nofollow\">julkaisi Instagram-tilill\u00e4\u00e4n<\/a> kaksi kuvaa. Ensimm\u00e4isess\u00e4 h\u00e4n poseeraa kameralle meikattuna ja hehkuvana. Toisessa kuvassa n\u00e4kyv\u00e4t selv\u00e4sti erottuvat vatsalihakset.<\/p>\n<p class=\"paragraph\">Ex-urheilija havahtui, kun h\u00e4nen yst\u00e4v\u00e4ns\u00e4 kommentoi, kuinka \u201dtikiss\u00e4\u201d h\u00e4n on.<\/p>\n<p class=\"paragraph\">\u2013 Tikiss\u00e4? Siis laihtunut. En ole ehtinyt sy\u00f6d\u00e4 enk\u00e4 liiemmin nukkua. T\u00e4t\u00e4 oravanpy\u00f6r\u00e4\u00e4 on jatkunut jo liian kauan ja ilman kovaa fyysist\u00e4 suorituskyky\u00e4 p\u00e4\u00e4 olisi sanonut poks jo aikap\u00e4ivi\u00e4 sitten, Vuohijoki paljasti kirjoittamassaan kuvatekstiss\u00e4.<\/p>\n<p class=\"paragraph\">Ensimm\u00e4isen kuvan ottohetkell\u00e4 Vuohijoki oli valvonut kaksi vuorokautta putkeen. Toisen kuvan aikaan entinen olympiaurheilija oli ollut kolme viikkoa k\u00e4ym\u00e4tt\u00e4 kuntosalilla, mik\u00e4 on h\u00e4nen aikuisik\u00e4ns\u00e4 pisin aika.<\/p>\n<p class=\"paragraph\">Vuohijoki halusi j\u00e4\u00e4d\u00e4 vanhempainvapaalle ilman tietokonetta, mik\u00e4 vaati rankan rypistyksen.<\/p>\n<p class=\"paragraph\">\u2013 Laihduin. En siksi, ett\u00e4 olisin voinut hyvin vaan juuri siksi, ettei minulla ollut aikaa huolehtia itsest\u00e4ni. T\u00e4m\u00e4 kuva on otettu sen \u201dvautsi oot p\u00e4\u00e4ssyt hyv\u00e4\u00e4n kuntoon\u201d -viestin j\u00e4lkeen.<\/p>\n<p class=\"paragraph\">Vuohijoki muistutti p\u00e4ivityksess\u00e4\u00e4n, ett\u00e4 hyvinvointi on paljon muutakin kuin se, milt\u00e4 ihminen n\u00e4ytt\u00e4\u00e4. Onnellisuutta ei voi rakentaa pelk\u00e4n ulkon\u00e4\u00f6n varaan.<\/p>\n<p class=\"paragraph\">\u2013 Se hinta, jonka t\u00e4m\u00e4 viiden kilon pudotus maksoi, on paljon kalliimpi kuin tikiss\u00e4 oleminen. Haluan jaksaa treenata, sy\u00f6d\u00e4 laadukasta ruokaa, nukkua pitki\u00e4 y\u00f6unia. Pit\u00e4\u00e4 kiinni arvoistani, kehitty\u00e4 ty\u00f6ss\u00e4ni ja ennen kaikkea olla hyv\u00e4 \u00e4iti. Vatsalihasten erottuminen on siis yksi pieni osuus kokonaisuutta.<\/p>\n<p class=\"paragraph\">Vuohijoki lopetti urheilu-uransa vuonna 2023.<\/p>\n<p><script async src=\"\/\/www.instagram.com\/embed.js\"><\/script><\/p>\n","protected":false},"excerpt":{"rendered":"Yst\u00e4v\u00e4n kommentti ulkon\u00e4\u00f6st\u00e4 sai Anni Vuohijoen havahtumaan. Nyt ex-olympiaurheilija ottaa tiukasti kantaa ulkon\u00e4k\u00f6asioihin. Anni Vuohijoki laihtui, kun el\u00e4m\u00e4ss\u00e4&hellip;\n","protected":false},"author":2,"featured_media":92264,"comment_status":"","ping_status":"","sticky":false,"template":"","format":"standard","meta":{"footnotes":""},"categories":[136],"tags":[35,407,137,33,31,30,2233,408,2111,41,98,2232,32,109],"class_list":{"0":"post-106358","1":"post","2":"type-post","3":"status-publish","4":"format-standard","5":"has-post-thumbnail","7":"category-julkkikset","8":"tag-24h","9":"tag-celebrities","10":"tag-entertainment","11":"tag-fi","12":"tag-finland","13":"tag-finnish","14":"tag-hyvinvointi","15":"tag-julkkikset","16":"tag-kuntourheilu","17":"tag-liikunta-ja-urheilu","18":"tag-perhe","19":"tag-ruumiillinen-kunto","20":"tag-suomi","21":"tag-viihde"},"share_on_mastodon":{"url":"https:\/\/pubeurope.com\/@fi\/115654227855151725","error":""},"_links":{"self":[{"href":"https:\/\/www.europesays.com\/fi\/wp-json\/wp\/v2\/posts\/106358","targetHints":{"allow":["GET"]}}],"collection":[{"href":"https:\/\/www.europesays.com\/fi\/wp-json\/wp\/v2\/posts"}],"about":[{"href":"https:\/\/www.europesays.com\/fi\/wp-json\/wp\/v2\/types\/post"}],"author":[{"embeddable":true,"href":"https:\/\/www.europesays.com\/fi\/wp-json\/wp\/v2\/users\/2"}],"replies":[{"embeddable":true,"href":"https:\/\/www.europesays.com\/fi\/wp-json\/wp\/v2\/comments?post=106358"}],"version-history":[{"count":0,"href":"https:\/\/www.europesays.com\/fi\/wp-json\/wp\/v2\/posts\/106358\/revisions"}],"wp:featuredmedia":[{"embeddable":true,"href":"https:\/\/www.europesays.com\/fi\/wp-json\/wp\/v2\/media\/92264"}],"wp:attachment":[{"href":"https:\/\/www.europesays.com\/fi\/wp-json\/wp\/v2\/media?parent=106358"}],"wp:term":[{"taxonomy":"category","embeddable":true,"href":"https:\/\/www.europesays.com\/fi\/wp-json\/wp\/v2\/categories?post=106358"},{"taxonomy":"post_tag","embeddable":true,"href":"https:\/\/www.europesays.com\/fi\/wp-json\/wp\/v2\/tags?post=106358"}],"curies":[{"name":"wp","href":"https:\/\/api.w.org\/{rel}","templated":true}]}}