{"id":106363,"date":"2025-12-03T06:37:07","date_gmt":"2025-12-03T06:37:07","guid":{"rendered":"https:\/\/www.europesays.com\/fi\/106363\/"},"modified":"2025-12-03T06:37:07","modified_gmt":"2025-12-03T06:37:07","slug":"kirsikka-simbergin-ja-vivian-nickin-aitikirja-kannustaa-taltioimaan-kipeat-ja-kepeat-kokemukset","status":"publish","type":"post","link":"https:\/\/www.europesays.com\/fi\/106363\/","title":{"rendered":"Kirsikka Simbergin ja Vivian Nickin \u00c4itikirja kannustaa taltioimaan kipe\u00e4t ja kepe\u00e4t kokemukset"},"content":{"rendered":"<p><strong><\/p>\n<p>Hei baby -podcastist\u00e4\u00a0ja sosiaalisen median kanavistaan tunnettu kaksikko Kirsikka Simberg ja Vivian Nick haluavat \u00c4itikirjallaan\u00a0raivata yhteiskuntaan\u00a0tilaa\u00a0vanhempien\u00a0tunteille ja\u00a0ajatuksille.<\/p>\n<p><\/strong><\/p>\n<p>\u201cSe mit\u00e4 \u00e4idit kokevat on t\u00e4rke\u00e4\u00e4 ja ansaitsee tulla kerrotuksi. Kirjamme\u00a0on k\u00e4denojennus tunteille ja niist\u00e4 puhumiselle\u201d, tekij\u00e4t kommentoivat.\u00a0\u00a0<\/p>\n<p>Kun Vivian ja Kirsikka 7 vuotta sitten perustivat Hei baby -podcastins\u00e4, se oli ensimm\u00e4inen vanhemmuuteen keskittyv\u00e4 keskusteluohjelma. Se singahti valtaisaan suosioon. Vuosien saatossa Kirsikka ja Vivian, itsekin pienten lasten \u00e4itej\u00e4, ovat saaneet\u00a0ainutlaatuisen\u00a0l\u00e4pileikkauksen suomalais\u00e4itien sielunmaisemaan. \u00a0\u00a0<\/p>\n<p>\u201cEi riit\u00e4, ett\u00e4 miespoliitikot puhuvat syntyvyydest\u00e4, jos pienten lasten \u00e4idit eiv\u00e4t p\u00e4\u00e4se mukaan keskusteluun. Miss\u00e4 on meid\u00e4n kutsumme yhteiskunnan t\u00e4rkeisiin p\u00f6ytiin tai Linnan juhliin?\u201d, he summaavat.\u00a0\u00a0\u00a0<\/p>\n<p>\u00c4itikirja on visuaalisesti upea t\u00e4ytt\u00f6kirja, joka kysyy juuri oikeita kysymyksi\u00e4, jotta vanhemmuuden suuret ja pienet ilot ja surut j\u00e4isiv\u00e4t talteen.\u00a0<\/p>\n<p>Kirjan kauniille sivuille voi kirjata kaiken lapsihaaveista yritt\u00e4misen vaiheisiin, raskausaikaan, synnytykseen ja ensimm\u00e4isiin vuosiin vanhemmuuden matkalla. Ensiaskeleet vanhempana mullistavat koko el\u00e4m\u00e4n ja ansaitsevat tulla kirjatuksi muistiin perinteisten vauvakirjojen tapaan.\u00a0<\/p>\n<p>Kirjaa voi t\u00e4ytt\u00e4\u00e4 p\u00e4iv\u00e4kirjan tapaan itselle tai ker\u00e4t\u00e4 j\u00e4lkipolville jonain p\u00e4iv\u00e4n\u00e4 annettavaksi. Se on jokaiselle vanhemmaksi tulevalle ihana lahja, johon ainutlaatuiset kokemukset, ajatukset ja kuvat voi tallettaa.\u00a0<\/p>\n<p>Teos ilmestyy my\u00f6s \u00e4\u00e4nikirjana, jossa Vivian ja Kirsikka k\u00e4yv\u00e4t itse l\u00e4pi omaa polkuaan \u00e4itein\u00e4 ja puhuvat t\u00e4rkeist\u00e4 teemoista kuten imetyksest\u00e4 ja vauvavuotena l\u00e4pik\u00e4ydyst\u00e4 erosta.\u00a0\u00a0<\/p>\n<p>\u00c4itikirja\u00a0on arvostelu- ja k\u00e4sittelyvapaa 5.1. Teos ilmestyy painettuna, e-kirjana sek\u00e4 tekij\u00f6iden itsens\u00e4 lukemana \u00e4\u00e4nikirjana.\u00a0\u00c4\u00e4nikirja on ilmestyess\u00e4\u00e4n saatavilla yksinoikeudella\u00a0Storytel-palvelusta, ja se vapautuu muille jakelijoille\u00a017.2.\u00a0<\/p>\n<p>Haastattelupyynn\u00f6t, pdf-vedokset ja arvostelukappaleet:\u00a0<a href=\"https:\/\/www.sttinfo.fi\/tiedote\/71651648\/mailto:adele.couavoux@otava.fi\" target=\"_blank\" rel=\"nofollow noopener\">adele.couavoux@otava.fi<\/a>\u00a0\u00a0<\/p>\n","protected":false},"excerpt":{"rendered":"Hei baby -podcastist\u00e4\u00a0ja sosiaalisen median kanavistaan tunnettu kaksikko Kirsikka Simberg ja Vivian Nick haluavat \u00c4itikirjallaan\u00a0raivata yhteiskuntaan\u00a0tilaa\u00a0vanhempien\u00a0tunteille ja\u00a0ajatuksille. \u201cSe&hellip;\n","protected":false},"author":2,"featured_media":106364,"comment_status":"","ping_status":"","sticky":false,"template":"","format":"standard","meta":{"footnotes":""},"categories":[130],"tags":[137,33,31,30,32,109],"class_list":{"0":"post-106363","1":"post","2":"type-post","3":"status-publish","4":"format-standard","5":"has-post-thumbnail","7":"category-viihde","8":"tag-entertainment","9":"tag-fi","10":"tag-finland","11":"tag-finnish","12":"tag-suomi","13":"tag-viihde"},"share_on_mastodon":{"url":"https:\/\/pubeurope.com\/@fi\/115654259084478411","error":""},"_links":{"self":[{"href":"https:\/\/www.europesays.com\/fi\/wp-json\/wp\/v2\/posts\/106363","targetHints":{"allow":["GET"]}}],"collection":[{"href":"https:\/\/www.europesays.com\/fi\/wp-json\/wp\/v2\/posts"}],"about":[{"href":"https:\/\/www.europesays.com\/fi\/wp-json\/wp\/v2\/types\/post"}],"author":[{"embeddable":true,"href":"https:\/\/www.europesays.com\/fi\/wp-json\/wp\/v2\/users\/2"}],"replies":[{"embeddable":true,"href":"https:\/\/www.europesays.com\/fi\/wp-json\/wp\/v2\/comments?post=106363"}],"version-history":[{"count":0,"href":"https:\/\/www.europesays.com\/fi\/wp-json\/wp\/v2\/posts\/106363\/revisions"}],"wp:featuredmedia":[{"embeddable":true,"href":"https:\/\/www.europesays.com\/fi\/wp-json\/wp\/v2\/media\/106364"}],"wp:attachment":[{"href":"https:\/\/www.europesays.com\/fi\/wp-json\/wp\/v2\/media?parent=106363"}],"wp:term":[{"taxonomy":"category","embeddable":true,"href":"https:\/\/www.europesays.com\/fi\/wp-json\/wp\/v2\/categories?post=106363"},{"taxonomy":"post_tag","embeddable":true,"href":"https:\/\/www.europesays.com\/fi\/wp-json\/wp\/v2\/tags?post=106363"}],"curies":[{"name":"wp","href":"https:\/\/api.w.org\/{rel}","templated":true}]}}