{"id":106368,"date":"2025-12-03T06:42:09","date_gmt":"2025-12-03T06:42:09","guid":{"rendered":"https:\/\/www.europesays.com\/fi\/106368\/"},"modified":"2025-12-03T06:42:09","modified_gmt":"2025-12-03T06:42:09","slug":"espoosta-tuli-suomen-vauvatehdas-ja-siita-syntyi-ongelma","status":"publish","type":"post","link":"https:\/\/www.europesays.com\/fi\/106368\/","title":{"rendered":"Espoosta tuli Suomen vauvatehdas, ja siit\u00e4 syntyi ongelma"},"content":{"rendered":"<p>Espoolla on poikkeuksellinen ongelma, \u201dlapsia tulee ovista ja ikkunoista\u201d. Uudet p\u00e4iv\u00e4kodit, koulut, neuvolat ja ty\u00f6ntekij\u00e4t maksavat satoja miljoonia. Kauklahdessa \u00e4idit ovat silti tyytyv\u00e4isi\u00e4 ja luottavaisia.<\/p>\n<p class=\"article-body mb-nof-24 px-nof-16\">E<a class=\"article-personlink\" href=\"https:\/\/www.hs.fi\/haku\/?query=ino\" rel=\"nofollow noopener\" target=\"_blank\">ino <\/a>viilett\u00e4\u00e4 alam\u00e4ke\u00e4 potkupy\u00f6r\u00e4ll\u00e4. M\u00e4en alla h\u00e4n pys\u00e4htyy ja j\u00e4\u00e4 odottamaan \u00e4iti\u00e4\u00e4n <a class=\"article-personlink\" href=\"https:\/\/www.hs.fi\/haku\/?query=Khira%20Lainetta\" rel=\"nofollow noopener\" target=\"_blank\">Khira Lainetta<\/a> ja vaunuissa nukkuvaa pikkusiskoa <a class=\"article-personlink\" href=\"https:\/\/www.hs.fi\/haku\/?query=Liaa\" rel=\"nofollow noopener\" target=\"_blank\">Liaa<\/a>. On sovittu, ett\u00e4 tiet ylitet\u00e4\u00e4n yhdess\u00e4.<\/p>\n<p class=\"article-body mb-nof-24 px-nof-16\">2,5-vuotiaalla Einolla on Espoon Kauklahdessa paljon ik\u00e4tovereita. Melkein 11 prosenttia kauklahtelaisista on alle 7-vuotiaita. Se on enemm\u00e4n kuin miss\u00e4\u00e4n muualla Espoossa.<\/p>\n","protected":false},"excerpt":{"rendered":"Espoolla on poikkeuksellinen ongelma, \u201dlapsia tulee ovista ja ikkunoista\u201d. Uudet p\u00e4iv\u00e4kodit, koulut, neuvolat ja ty\u00f6ntekij\u00e4t maksavat satoja miljoonia.&hellip;\n","protected":false},"author":2,"featured_media":106369,"comment_status":"","ping_status":"","sticky":false,"template":"","format":"standard","meta":{"footnotes":""},"categories":[12],"tags":[22,23,26,27,33,31,30,17,46,24,25,28,29,15,18,21,32,19,20,16],"class_list":{"0":"post-106368","1":"post","2":"type-post","3":"status-publish","4":"format-standard","5":"has-post-thumbnail","7":"category-suomi","8":"tag-breaking-news","9":"tag-breakingnews","10":"tag-featured-news","11":"tag-featurednews","12":"tag-fi","13":"tag-finland","14":"tag-finnish","15":"tag-headlines","16":"tag-helsingin-sanomat","17":"tag-latest-news","18":"tag-latestnews","19":"tag-main-news","20":"tag-mainnews","21":"tag-news","22":"tag-otsikot","23":"tag-paauutiset","24":"tag-suomi","25":"tag-top-stories","26":"tag-topstories","27":"tag-uutiset"},"share_on_mastodon":{"url":"https:\/\/pubeurope.com\/@fi\/115654278813914329","error":""},"_links":{"self":[{"href":"https:\/\/www.europesays.com\/fi\/wp-json\/wp\/v2\/posts\/106368","targetHints":{"allow":["GET"]}}],"collection":[{"href":"https:\/\/www.europesays.com\/fi\/wp-json\/wp\/v2\/posts"}],"about":[{"href":"https:\/\/www.europesays.com\/fi\/wp-json\/wp\/v2\/types\/post"}],"author":[{"embeddable":true,"href":"https:\/\/www.europesays.com\/fi\/wp-json\/wp\/v2\/users\/2"}],"replies":[{"embeddable":true,"href":"https:\/\/www.europesays.com\/fi\/wp-json\/wp\/v2\/comments?post=106368"}],"version-history":[{"count":0,"href":"https:\/\/www.europesays.com\/fi\/wp-json\/wp\/v2\/posts\/106368\/revisions"}],"wp:featuredmedia":[{"embeddable":true,"href":"https:\/\/www.europesays.com\/fi\/wp-json\/wp\/v2\/media\/106369"}],"wp:attachment":[{"href":"https:\/\/www.europesays.com\/fi\/wp-json\/wp\/v2\/media?parent=106368"}],"wp:term":[{"taxonomy":"category","embeddable":true,"href":"https:\/\/www.europesays.com\/fi\/wp-json\/wp\/v2\/categories?post=106368"},{"taxonomy":"post_tag","embeddable":true,"href":"https:\/\/www.europesays.com\/fi\/wp-json\/wp\/v2\/tags?post=106368"}],"curies":[{"name":"wp","href":"https:\/\/api.w.org\/{rel}","templated":true}]}}