{"id":106374,"date":"2025-12-03T07:02:12","date_gmt":"2025-12-03T07:02:12","guid":{"rendered":"https:\/\/www.europesays.com\/fi\/106374\/"},"modified":"2025-12-03T07:02:12","modified_gmt":"2025-12-03T07:02:12","slug":"patrik-laine-sai-vaimonsa-kanssa-palkinnon-lapikuultava-mekko-loksautti-leuat","status":"publish","type":"post","link":"https:\/\/www.europesays.com\/fi\/106374\/","title":{"rendered":"Patrik Laine sai vaimonsa kanssa palkinnon \u2013 L\u00e4pikuultava mekko loksautti leuat"},"content":{"rendered":"<p>Patrik Laine ja Jordan-vaimo pokkasivat palkinnon.<\/p>\n<p><img decoding=\"async\" class=\"image image-show image-preview\" src=\"https:\/\/www.europesays.com\/fi\/wp-content\/uploads\/2025\/12\/12b0ebba26e2bd5df6073095c16637f9d144d9d7f9bac250af0e036efaed403a.jpg\" alt=\"\"\/><img decoding=\"async\" class=\"image image-show\" src=\"https:\/\/www.europesays.com\/fi\/wp-content\/uploads\/2025\/12\/1764745330_704_12b0ebba26e2bd5df6073095c16637f9d144d9d7f9bac250af0e036efaed403a.jpg\" alt=\"\"\/><\/p>\n<p>Patrik Laine toipuu parhaillaan leikkauksesta. AOP \/ USA TODAY SPORTS<\/p>\n<p class=\"paragraph\">Suomalaiskiekkoilija <strong>Patrik Laine<\/strong> ja h\u00e4nen vaimonsa <strong>Jordan Leigh Laine<\/strong> palkittiin Montrealissa vuoden urheilupersoonan pystill\u00e4.<\/p>\n<p class=\"paragraph\">Pariskunta py\u00f6ritt\u00e4\u00e4 From us to you -nimist\u00e4 j\u00e4rjest\u00f6\u00e4, joka keskittyy mielenterveysty\u00f6h\u00f6n. Patrik Laine on puhunut avoimesti my\u00f6s omasta mielenterveydest\u00e4\u00e4n.<\/p>\n<p class=\"paragraph\">Jordan Leigh Laine jakoi Instagram-tilill\u00e4\u00e4n kuvia gaalasta, jossa pariskunta k\u00e4vi pokkaamassa pystin.<\/p>\n<p class=\"paragraph\">\u2013 Kiitos viel\u00e4 kerran t\u00e4st\u00e4 upeasta kunniasta, olemme niin kiitollisia! Leigh Laine kirjoitti.<\/p>\n<p class=\"paragraph\">Jos p\u00e4ivitys ei n\u00e4y, voit katsoa <a href=\"https:\/\/www.instagram.com\/p\/DRuwcyskbdI\/?img_index=1\" target=\"_blank\" rel=\"noopener nofollow\">sen t\u00e4st\u00e4.<\/a><\/p>\n<p class=\"paragraph\">Suomalaiskiekkoilija edusti gaalassa n\u00e4ytt\u00e4v\u00e4ss\u00e4 tyyliss\u00e4. H\u00e4nell\u00e4 oli yll\u00e4\u00e4n kuvioitu puku, joka hehkui salamavalojen loisteessa viininpunaisen ja violetin s\u00e4vyiss\u00e4. Tyylin t\u00e4ydensiv\u00e4t musta paita ja valkoiset keng\u00e4t.<\/p>\n<p class=\"paragraph\">\u2013 Tuo mekko, voi luoja, olympiaurheilija <strong>Molly Carlson<\/strong> hehkutti.<\/p>\n<p class=\"paragraph\">\u2013 Tuo mekko on hullu! Onnea! muoti- ja lifestylevaikuttaja <strong>Shayna Wiwierski<\/strong> onnitteli.<\/p>\n<p class=\"paragraph\">\u2013 N\u00e4yt\u00e4t upealta, Florida Panthersin reportteri <strong>Katie Engelson<\/strong> kirjoitti.<\/p>\n<p class=\"paragraph\">Laine toipuu parhaillaan loukkaantumisesta ja leikkauksesta. Suomalaishy\u00f6kk\u00e4\u00e4j\u00e4n lihasvamma operoitiin lokakuussa. Toipumisennuste on 3\u20134 kuukautta.<\/p>\n<p class=\"paragraph\">Pariskunta meni naimisiin kes\u00e4kuussa.<\/p>\n<p><a href=\"https:\/\/www.iltalehti.fi\/jaakiekko\/a\/1ae71ab3-3179-4e5d-95ce-15a50bbf7509\" rel=\"nofollow noopener\" target=\"_blank\"><img decoding=\"async\" src=\"https:\/\/www.europesays.com\/fi\/wp-content\/uploads\/2025\/10\/4a4e280ca1a75d884de6ebd943738ae5d99be138803b843a647b7d7c8a538b0b.png\" alt=\"Osallistu arvontaan\"\/><\/a><script async src=\"\/\/www.instagram.com\/embed.js\"><\/script><\/p>\n","protected":false},"excerpt":{"rendered":"Patrik Laine ja Jordan-vaimo pokkasivat palkinnon. Patrik Laine toipuu parhaillaan leikkauksesta. AOP \/ USA TODAY SPORTS Suomalaiskiekkoilija Patrik&hellip;\n","protected":false},"author":2,"featured_media":106375,"comment_status":"","ping_status":"","sticky":false,"template":"","format":"standard","meta":{"footnotes":""},"categories":[158],"tags":[35,1144,1274,33,31,30,1143,41,159,32,1145,160],"class_list":{"0":"post-106374","1":"post","2":"type-post","3":"status-publish","4":"format-standard","5":"has-post-thumbnail","7":"category-urheilu","8":"tag-24h","9":"tag-ammattilaisjaakiekko","10":"tag-ammattiurheilu","11":"tag-fi","12":"tag-finland","13":"tag-finnish","14":"tag-jaakiekko","15":"tag-liikunta-ja-urheilu","16":"tag-sports","17":"tag-suomi","18":"tag-talviurheilu","19":"tag-urheilu"},"share_on_mastodon":{"url":"https:\/\/pubeurope.com\/@fi\/115654357577813431","error":""},"_links":{"self":[{"href":"https:\/\/www.europesays.com\/fi\/wp-json\/wp\/v2\/posts\/106374","targetHints":{"allow":["GET"]}}],"collection":[{"href":"https:\/\/www.europesays.com\/fi\/wp-json\/wp\/v2\/posts"}],"about":[{"href":"https:\/\/www.europesays.com\/fi\/wp-json\/wp\/v2\/types\/post"}],"author":[{"embeddable":true,"href":"https:\/\/www.europesays.com\/fi\/wp-json\/wp\/v2\/users\/2"}],"replies":[{"embeddable":true,"href":"https:\/\/www.europesays.com\/fi\/wp-json\/wp\/v2\/comments?post=106374"}],"version-history":[{"count":0,"href":"https:\/\/www.europesays.com\/fi\/wp-json\/wp\/v2\/posts\/106374\/revisions"}],"wp:featuredmedia":[{"embeddable":true,"href":"https:\/\/www.europesays.com\/fi\/wp-json\/wp\/v2\/media\/106375"}],"wp:attachment":[{"href":"https:\/\/www.europesays.com\/fi\/wp-json\/wp\/v2\/media?parent=106374"}],"wp:term":[{"taxonomy":"category","embeddable":true,"href":"https:\/\/www.europesays.com\/fi\/wp-json\/wp\/v2\/categories?post=106374"},{"taxonomy":"post_tag","embeddable":true,"href":"https:\/\/www.europesays.com\/fi\/wp-json\/wp\/v2\/tags?post=106374"}],"curies":[{"name":"wp","href":"https:\/\/api.w.org\/{rel}","templated":true}]}}