{"id":106376,"date":"2025-12-03T07:03:07","date_gmt":"2025-12-03T07:03:07","guid":{"rendered":"https:\/\/www.europesays.com\/fi\/106376\/"},"modified":"2025-12-03T07:03:07","modified_gmt":"2025-12-03T07:03:07","slug":"palkittu-kirjailija-heikki-kanno-siirtyy-wsoylle-uusi-romaani-ilmestyy-syksylla-2026","status":"publish","type":"post","link":"https:\/\/www.europesays.com\/fi\/106376\/","title":{"rendered":"Palkittu kirjailija Heikki K\u00e4nn\u00f6 siirtyy WSOY:lle \u2013 uusi romaani ilmestyy syksyll\u00e4 2026"},"content":{"rendered":"<p><strong><\/p>\n<p><strong>WSOY julkaisee kirjailija Heikki K\u00e4nn\u00f6n uuden romaanin syksyll\u00e4 2026. WSOY toimii jatkossa Heikki K\u00e4nn\u00f6n uutuusromaanin lis\u00e4ksi jo julkaistujen romaanien kustantajana sek\u00e4 painettujen ett\u00e4 digitaalisten kirjojen osalta.<\/strong><\/p>\n<p><\/strong><\/p>\n<p>WSOY:n kotimaisen kaunokirjallisuuden kustantaja <strong>Mirjam Ilvas<\/strong> kuvailee <strong>Heikki K\u00e4nn\u00f6\u00e4<\/strong> kirjailijaksi, jonka mielikuvitukselliset romaanit yhdist\u00e4v\u00e4t todellisia historiallisia henkil\u00f6it\u00e4 ja tapahtumia myyttisiin aineksiin.<\/p>\n<p>\u201dOlen pit\u00e4nyt silm\u00e4ll\u00e4 Heikki K\u00e4nn\u00f6n uraa aivan alusta asti, ja olen valtavan iloinen alkavasta yhteisty\u00f6st\u00e4. Harva kirjailija onnistuu yht\u00e4 hienosti yhdist\u00e4m\u00e4\u00e4n teoksissaan historialliseen romaaniin filosofisuutta, kuvataidetta ja spekulatiivista fiktiota. K\u00e4nn\u00f6\u00e4 on jopa verrattu <strong>Mika Waltariin<\/strong>, joten h\u00e4n sopii mit\u00e4 parhaiten juuri WSOY:n julkaisuohjelmaan\u201d, toteaa Mirjam Ilvas.<\/p>\n<p>WSOY:n toimitusjohtaja <strong>Timo Julkunen <\/strong>on alkavasta yhteisty\u00f6st\u00e4 innoissaan: \u201dMeille kustantamossa on etuoikeus saada jo osaamisensa osoittanut taituri, Heikki K\u00e4nn\u00f6, jatkamaan kirjailijuuttaan WSOY:n kanssa.\u201d<\/p>\n<p>Heikki K\u00e4nn\u00f6lt\u00e4 on julkaistu viisi romaania.<strong> <\/strong>K\u00e4nn\u00f6n teokset ovat saaneet useita palkintoehdokkuuksia, kuten kaksi Finlandia-ehdokkuutta, ja h\u00e4nen toinen romaaninsa S\u00f6mn\u00f6 (Sammakko 2018) voitti Runeberg-palkinnon.<\/p>\n<p>\u201dSammakolta pois l\u00e4hteminen ei ollut helppoa, mutta pienen kustantamon kirjailijana halusin n\u00e4hd\u00e4, mit\u00e4 isolla toimijalla olisi minulle ja kirjoilleni annettavaa. Ennen kaikkea tietysti toivon kirjoilleni paljon uusia lukijoita, mutta my\u00f6s yhteisty\u00f6 uusien ihmisten kanssa houkuttaa. Ja osin vanhojenkin, sill\u00e4 t\u00e4m\u00e4n muutoksen avulla sain tutun kustannustoimittajani <strong>Helena Kulmalan<\/strong> takaisin. Kirjailijan uralle hyv\u00e4t ja luotettavat yhteisty\u00f6kumppanit ovat yht\u00e4 t\u00e4rkeit\u00e4 kuin lukijat, rikas mielikuvitus ja taito kirjoittaa\u201d, kuvailee Heikki K\u00e4nn\u00f6.<\/p>\n<p>Heikki K\u00e4nn\u00f6 (s. 1968) valmistui taidemaalariksi Turun piirustuskoulusta, mink\u00e4 j\u00e4lkeen h\u00e4n on ty\u00f6skennellyt vapaana taiteilijana ja graafisena suunnittelijana. Heikki K\u00e4nn\u00f6 on kirjallisuutemme omaper\u00e4isimpi\u00e4 tekij\u00f6it\u00e4 ja h\u00e4nt\u00e4 on verrattu mm. <strong>Roberto Bola\u00f1oon<\/strong> ja <strong>Umberto Ecoon<\/strong>.<strong\/><\/p>\n","protected":false},"excerpt":{"rendered":"WSOY julkaisee kirjailija Heikki K\u00e4nn\u00f6n uuden romaanin syksyll\u00e4 2026. WSOY toimii jatkossa Heikki K\u00e4nn\u00f6n uutuusromaanin lis\u00e4ksi jo julkaistujen&hellip;\n","protected":false},"author":2,"featured_media":106377,"comment_status":"","ping_status":"","sticky":false,"template":"","format":"standard","meta":{"footnotes":""},"categories":[130],"tags":[137,33,31,30,32,109],"class_list":{"0":"post-106376","1":"post","2":"type-post","3":"status-publish","4":"format-standard","5":"has-post-thumbnail","7":"category-viihde","8":"tag-entertainment","9":"tag-fi","10":"tag-finland","11":"tag-finnish","12":"tag-suomi","13":"tag-viihde"},"share_on_mastodon":{"url":"https:\/\/pubeurope.com\/@fi\/115654361343633347","error":""},"_links":{"self":[{"href":"https:\/\/www.europesays.com\/fi\/wp-json\/wp\/v2\/posts\/106376","targetHints":{"allow":["GET"]}}],"collection":[{"href":"https:\/\/www.europesays.com\/fi\/wp-json\/wp\/v2\/posts"}],"about":[{"href":"https:\/\/www.europesays.com\/fi\/wp-json\/wp\/v2\/types\/post"}],"author":[{"embeddable":true,"href":"https:\/\/www.europesays.com\/fi\/wp-json\/wp\/v2\/users\/2"}],"replies":[{"embeddable":true,"href":"https:\/\/www.europesays.com\/fi\/wp-json\/wp\/v2\/comments?post=106376"}],"version-history":[{"count":0,"href":"https:\/\/www.europesays.com\/fi\/wp-json\/wp\/v2\/posts\/106376\/revisions"}],"wp:featuredmedia":[{"embeddable":true,"href":"https:\/\/www.europesays.com\/fi\/wp-json\/wp\/v2\/media\/106377"}],"wp:attachment":[{"href":"https:\/\/www.europesays.com\/fi\/wp-json\/wp\/v2\/media?parent=106376"}],"wp:term":[{"taxonomy":"category","embeddable":true,"href":"https:\/\/www.europesays.com\/fi\/wp-json\/wp\/v2\/categories?post=106376"},{"taxonomy":"post_tag","embeddable":true,"href":"https:\/\/www.europesays.com\/fi\/wp-json\/wp\/v2\/tags?post=106376"}],"curies":[{"name":"wp","href":"https:\/\/api.w.org\/{rel}","templated":true}]}}