{"id":106382,"date":"2025-12-03T07:07:07","date_gmt":"2025-12-03T07:07:07","guid":{"rendered":"https:\/\/www.europesays.com\/fi\/106382\/"},"modified":"2025-12-03T07:07:07","modified_gmt":"2025-12-03T07:07:07","slug":"stubbilta-kylma-viesti-suomalaisille-mtvlla-iltalehti","status":"publish","type":"post","link":"https:\/\/www.europesays.com\/fi\/106382\/","title":{"rendered":"Stubbilta kylm\u00e4 viesti suomalaisille MTV:ll\u00e4 &#8211; Iltalehti"},"content":{"rendered":"<ol>\n<li><a href=\"https:\/\/news.google.com\/rss\/articles\/CBMif0FVX3lxTE5IcFdBajlOTVRnV1oxc0tGTVVfS2pOV1JmWnZLOWk1QjlYX1pyTWhPd1lGVGdnZjFRVkVZLTUzdlI3UDVYUm9MSl8tdUprRU93Qllxd2NvV2w0NHNIVGx5Y0hnY25LYXl2Wk9iQVVqdWR4ZWVIeENCQ3FGemJSSkk?oc=5\" target=\"_blank\" rel=\"nofollow noopener\">Stubbilta kylm\u00e4 viesti suomalaisille MTV:ll\u00e4<\/a>&nbsp;&nbsp;Iltalehti<\/li>\n<li><a href=\"https:\/\/news.google.com\/rss\/articles\/CBMiYEFVX3lxTFBVTGdqaXc0eFZreVBNUy1xUDBDUXJlRVRJVmxEVGFJRXF6QWRVcDVlaVBTcHN4czd3QTJqQ3ctM0M2LW94YlJnRE5MWjVNY2NxbFFhelNCQ2tfdDdvU0RuTQ?oc=5\" target=\"_blank\" rel=\"nofollow noopener\">Stubb MTV:lle: Suomalaisten valmistauduttava ep\u00e4oikeudenmukaiseen rauhaan Ukrainassa<\/a>&nbsp;&nbsp;Ilta-Sanomat<\/li>\n<li><a href=\"https:\/\/news.google.com\/rss\/articles\/CBMiYEFVX3lxTE0wUnUwZWRaVU95bDF4M3JIZHV5V1Z2TFN3NlBXaVRCc2xxOWJBZzRpN1drRUZCYWptR1JHOHdsQWxVTU5KODdvbDRuY1NDUDUxcXpEQWVkNFZXR2RxVTVTZQ?oc=5\" target=\"_blank\" rel=\"nofollow noopener\">Ukraina | Stubb MTV:lle: Oikeudenmukaista rauhaa ei todenn\u00e4k\u00f6isesti tule, my\u00f6s suomalaisten valmistauduttava<\/a>&nbsp;&nbsp;HS.fi<\/li>\n<li><a href=\"https:\/\/news.google.com\/rss\/articles\/CBMiakFVX3lxTFBvcVh0UFZHbldZUTNsQV84bVhlTHlPRnQ3THNEVWFCWGd3Ym41Z2c5MnFFRlBpSW5nMTJSZTh4Ti10SDlmOFpEcFJsc3pRTldSMDU5RXNpWGxZczhaY0FGSkxudGpJNjlYRUE?oc=5\" target=\"_blank\" rel=\"nofollow noopener\">Lukijan Sanomat | Sari Essayah: &#8221;Payer, not player\u201d -skenaario ei saa tapahtua Suomelle<\/a>&nbsp;&nbsp;Savon Sanomat<\/li>\n<li><a href=\"https:\/\/news.google.com\/rss\/articles\/CBMib0FVX3lxTE43bHFoM3RFY3gtdHRHbmVSLW9aMDh3TW11S0ZuckkwcVFtQjJDUDZKWkRyeVdObnhWNFNNbDJtcDlPdEt6NDVENmVYQ2NKYkVsLUg1djRFOUZTTER2R01ZSWhKYlhodkcxQmtoaGVWVQ?oc=5\" target=\"_blank\" rel=\"nofollow noopener\">\u201dVen\u00e4j\u00e4n ansaan ei pid\u00e4 langeta\u201d<\/a>&nbsp;&nbsp;Verkkouutiset<\/li>\n<\/ol>\n","protected":false},"excerpt":{"rendered":"Stubbilta kylm\u00e4 viesti suomalaisille MTV:ll\u00e4&nbsp;&nbsp;Iltalehti Stubb MTV:lle: Suomalaisten valmistauduttava ep\u00e4oikeudenmukaiseen rauhaan Ukrainassa&nbsp;&nbsp;Ilta-Sanomat Ukraina | Stubb MTV:lle: Oikeudenmukaista rauhaa&hellip;\n","protected":false},"author":2,"featured_media":106383,"comment_status":"","ping_status":"","sticky":false,"template":"","format":"standard","meta":{"footnotes":""},"categories":[14],"tags":[35,22,23,26,27,33,31,30,17,24,25,28,29,15,18,21,142,639,637,144,32,19,20,56,16,638,59,60,61],"class_list":{"0":"post-106382","1":"post","2":"type-post","3":"status-publish","4":"format-standard","5":"has-post-thumbnail","7":"category-ulkomaat","8":"tag-24h","9":"tag-breaking-news","10":"tag-breakingnews","11":"tag-featured-news","12":"tag-featurednews","13":"tag-fi","14":"tag-finland","15":"tag-finnish","16":"tag-headlines","17":"tag-latest-news","18":"tag-latestnews","19":"tag-main-news","20":"tag-mainnews","21":"tag-news","22":"tag-otsikot","23":"tag-paauutiset","24":"tag-poliitikot","25":"tag-poliittiset-johtajat","26":"tag-politiikka","27":"tag-presidentti","28":"tag-suomi","29":"tag-top-stories","30":"tag-topstories","31":"tag-ulkomaat","32":"tag-uutiset","33":"tag-valtiovalta","34":"tag-world","35":"tag-world-news","36":"tag-worldnews"},"share_on_mastodon":{"url":"https:\/\/pubeurope.com\/@fi\/115654377134086556","error":""},"_links":{"self":[{"href":"https:\/\/www.europesays.com\/fi\/wp-json\/wp\/v2\/posts\/106382","targetHints":{"allow":["GET"]}}],"collection":[{"href":"https:\/\/www.europesays.com\/fi\/wp-json\/wp\/v2\/posts"}],"about":[{"href":"https:\/\/www.europesays.com\/fi\/wp-json\/wp\/v2\/types\/post"}],"author":[{"embeddable":true,"href":"https:\/\/www.europesays.com\/fi\/wp-json\/wp\/v2\/users\/2"}],"replies":[{"embeddable":true,"href":"https:\/\/www.europesays.com\/fi\/wp-json\/wp\/v2\/comments?post=106382"}],"version-history":[{"count":0,"href":"https:\/\/www.europesays.com\/fi\/wp-json\/wp\/v2\/posts\/106382\/revisions"}],"wp:featuredmedia":[{"embeddable":true,"href":"https:\/\/www.europesays.com\/fi\/wp-json\/wp\/v2\/media\/106383"}],"wp:attachment":[{"href":"https:\/\/www.europesays.com\/fi\/wp-json\/wp\/v2\/media?parent=106382"}],"wp:term":[{"taxonomy":"category","embeddable":true,"href":"https:\/\/www.europesays.com\/fi\/wp-json\/wp\/v2\/categories?post=106382"},{"taxonomy":"post_tag","embeddable":true,"href":"https:\/\/www.europesays.com\/fi\/wp-json\/wp\/v2\/tags?post=106382"}],"curies":[{"name":"wp","href":"https:\/\/api.w.org\/{rel}","templated":true}]}}